{"id":838,"date":"2020-03-21T21:22:08","date_gmt":"2020-03-21T20:22:08","guid":{"rendered":"http:\/\/www.svetianteknin.com\/?p=838"},"modified":"2020-03-26T23:21:42","modified_gmt":"2020-03-26T22:21:42","slug":"sluzba-rijeci-na-4-korizmenu-nedjelju-22-3-2020","status":"publish","type":"post","link":"https:\/\/www.svetianteknin.com\/?p=838","title":{"rendered":"Slu\u017eba rije\u010di na 4. korizmenu nedjelju, 22. 3. 2020."},"content":{"rendered":"<h1>\u010cetvrta korizmena nedjelja &#8211; slavlje u obitelji<\/h1>\n<p>Molitveno slavlje\u00a0Dana Gospodnjega u obitelji<\/p>\n<p>U ZAPRIJE\u010cENOSTI SUDJELOVANJA NA SLAVLJU EUHARISTIJE<\/p>\n<p><strong>22. o\u017eujka 2020.<\/strong><\/p>\n<p>&nbsp;<\/p>\n<p>Opasnost od zaraze koja nam prijeti u javnome okupljanju nagnala je pastire Crkve da, u brizi za dobro vjernika, donesu odluku o obustavi zajedni\u010dkoga slavljenja svetih misa. Te novonastale okolnosti poti\u010du nas da na druk\u010diji na\u010din \u017eivimo crkveno zajedni\u0161tvo i slavimo Dan Gospodnji. Obitelj, kao zajednica kr\u0161tenika, prepoznaje se kao \u00bbCrkva u malom\u00ab, \u00bbku\u0107na Crkva\u00ab. Stoga i ove ku\u0161nje mogu biti milosna prigoda da iznova otkrijemo ljepotu i snagu molitvenoga zajedni\u0161tva u obitelji. Obitelji ujedinjenje u zajedni\u010dkoj molitvi tvore sna\u017ean vez Crkve i jedinstven oblik slavljenja Gospodina.<\/p>\n<p>Ovdje donosimo predlo\u017eak obiteljskoga slavlja Dana Gospodnjega za \u010cetvrtu korizmenu nedjelju, 22. o\u017eujka 2020. Svetopisamski i molitveni tekstovi, zajedno s trenutcima \u0161utnje i razmatranja, predvi\u0111eni su za obiteljsko slavlje u trajanju od 45 minuta.<\/p>\n<p>Predla\u017eemo da netko od roditelja bude predvoditelj (P.) molitve, a svi ostali uku\u0107ani (S.) sudjeluju odgovaraju\u0107i, kako bi se u uzajamnosti molitve i rije\u010di postiglo zajedni\u0161tvo ispovijedanja vjere.<\/p>\n<p>&nbsp;<\/p>\n<p>Uvod<\/p>\n<p align=\"left\">P.\u00a0\u00a0\u00a0 <strong>U ime Oca i Sina i Duha Svetoga.<\/strong><\/p>\n<p align=\"left\">S.\u00a0\u00a0\u00a0 Amen.<\/p>\n<p align=\"left\">P.\u00a0\u00a0\u00a0 <strong>Bog Otac, izvor \u017eivota i darivatelj istinskoga mira,<br \/>\ndaje nam da u zajedni\u0161tvu obitelji,<br \/>\npo snazi Duha Svetoga,<br \/>\nu Kristu koji je postao na\u0161im bratom,<br \/>\nmo\u017eemo biti u ljubavi zdru\u017eeni sa svima koji trpe<br \/>\ni koji su pogo\u0111eni ku\u0161njama bolesti.<\/strong><\/p>\n<p align=\"left\">S.\u00a0\u00a0\u00a0 Blagoslovljen Bog u vijeke.<\/p>\n<p>P.\u00a0\u00a0\u00a0 <strong>Danas nismo mogli po\u0107i na nedjeljnu misu. Ostali smo kod ku\u0107e. Opravdanje za neodlazak na misu ne nalazimo u sebi, u vlastitoj nevoljkosti i neraspolo\u017eivosti koja nas katkada poga\u0111a, nego u neda\u0107ama i ku\u0161njama koje nam prijete. Te okolnosti daju nam spoznati kolika praznina u \u017eivljenju vjere nastaje kada nam je uskra\u0107ena mogu\u0107nost zajedni\u010dkoga ispovijedanja vjere. Vjera, koliko god se duboko ticala na\u0161e osobnosti, uvijek tra\u017ei zajedni\u0161tvo, tra\u017ei da bude zajedno ispovje\u0111ena, slavljena. Slavlja nema bez drugih, bez bli\u017enjih, bez dijeljenja onoga \u0161to je zajedni\u010dki dar. Zato danas, u ovim ku\u0161njama zajedni\u0161tva vjere, nastojimo otkriti ljepotu obiteljskoga molitvenoga zajedni\u0161tva koje nam je svima nadomak, ali nam lako izmi\u010de iz \u017eivotnih briga. U ovome trenutku okupljeni smo ne samo kao obitelj. Ovdje smo Crkva. Zato \u0107emo u ovome susretu na\u0161e obitelji moliti onako kako danas diljem svijeta moli Crkva, oslu\u0161kuju\u0107i Bo\u017eju rije\u010d koja se navije\u0161ta u dana\u0161njoj nedjeljnoj misi. <\/strong><\/p>\n<p><strong>Saberimo se u ti\u0161ini kako bismo osjetili ljepotu zajedni\u0161tva Crkve te zajedno molili za na\u0161u obitelj, za one koji su osamljeni ili su pogo\u0111eni bole\u0161\u0107u, kao i za cijelu Crkvu, koje smo dionici i po ovome molitvenom zajedni\u0161tvu.<\/strong><\/p>\n<p><em>Ostane se nekoliko trenutaka u ti\u0161ini.<\/em><\/p>\n<p align=\"left\">P.\u00a0\u00a0\u00a0 <strong>Gospodine, koji si nam objavio O\u010devu dobrotu i milosr\u0111e, smiluj se.<\/strong><\/p>\n<p align=\"left\">S.\u00a0\u00a0\u00a0 Gospodine, smiluj se.<\/p>\n<p align=\"left\">P.\u00a0\u00a0\u00a0 <strong>Kriste, koji si svojim uskrsnu\u0107em pobijedio smrt i nadvladao svako zlo, smiluj se.<\/strong><\/p>\n<p align=\"left\">S.\u00a0\u00a0\u00a0 Kriste, smiluj se.<\/p>\n<p align=\"left\">P.\u00a0\u00a0\u00a0 <strong>Gospodine, koji nam rasvjetljuje\u0161 put \u017eivota, smiluj se.<\/strong><\/p>\n<p align=\"left\">S.\u00a0\u00a0\u00a0 Gospodine, smiluj se.<\/p>\n<p>&nbsp;<\/p>\n<p align=\"left\">P.\u00a0\u00a0\u00a0 <strong>Pomolimo se.<\/strong><\/p>\n<p align=\"left\"><strong>Bo\u017ee, izvore dobrote i vrelo spasenja,<br \/>\nu svome Sinu Isusu Kristu<br \/>\nti si svemu svijetu objavio sjaj svoje slave<br \/>\ni darovao svjetlo koje rasvjetljuje svaku tamu.<br \/>\nSmjerno te molimo: ne dopusti da nas obuzme mo\u0107 straha;<br \/>\nmilo\u0161\u0107u svoga Duha obnovi nam pouzdanje u tebe<br \/>\nte uzmognemo vjerno hoditi u svjetlu vje\u010dnosti<br \/>\nkojim rasvjetljuje\u0161 na\u0161 \u017eivotni put.<br \/>\nPo Gospodinu na\u0161emu Isusu Kristu Sinu tvome<br \/>\nkoji s tobom \u017eivi i kraljuje u jedinstvu Duha Svetoga Bog,<br \/>\npo sve vijeke vjekova.<\/strong><\/p>\n<p align=\"left\">S.\u00a0\u00a0\u00a0 Amen.<\/p>\n<p>&nbsp;<\/p>\n<div class=\"omotek-last\">\n<div class=\"desno\">\n<p><span style=\"color: #800000;\"><strong>\u010citanje Prve knjige o Samuelu<\/strong><\/span><\/p>\n<p>U one dane: Re\u010de Gospodin Samuelu: \u00bbNapuni uljem svoj rog i po\u0111i na put! Ja te \u0161aljem Betlehemcu Ji\u0161aju jer sam izme\u0111u njegovih sinova izabrao sebi kralja.\u00ab Kad su do\u0161li i kad je Samuel vidio Eliaba, re\u010de u sebi: \u00bbJama\u010dno, evo pred Gospodinom stoji njegov pomazanik!\u00ab Ali Gospodin re\u010de Samuelu: \u00bbNe gledaj na njegovu vanj\u0161tinu ni na njegov visoki stas jer sam ga odbacio. Bog ne gleda kao \u0161to gleda \u010dovjek: \u010dovjek gleda na o\u010di, a Gospodin gleda \u0161to je u srcu.\u00ab Tako Ji\u0161aj dovede sedam svojih sinova pred Samuela, ali Samuel re\u010de Ji\u0161aju: \u00bbGospodin nije izabrao nijednoga od ovih.\u00ab Potom zapita Ji\u0161aja: \u00bbJesu li to svi tvoji sinovi?\u00ab A on odgovori: \u00bbOstao je jo\u0161 najmla\u0111i, on je na pa\u0161i, za stadom.\u00ab Tada Samuel re\u010de Ji\u0161aju: \u00bbPo\u0161alji po njega jer ne\u0107emo sjedati za stol dok on ne do\u0111e.\u00ab Ji\u0161aj posla po njega: bija\u0161e on rumen, lijepih o\u010diju i krasna stasa. I Gospodin re\u010de Samuelu: \u00bbUstani, poma\u017ei ga: taj je!\u00ab Samuel uze rog s uljem i pomaza ga usred njegove bra\u0107e; i duh Gospodnji obuze Davida od onoga dana.<\/p>\n<div class=\"tekst_separator_razmak\"><\/div>\n<p>Rije\u010d Gospodnja.<\/p>\n<\/div>\n<\/div>\n<div class=\"omotek\">\n<div class=\"levo\">\n<p class=\"naslov\">Otpjevni psalam:<\/p>\n<\/div>\n<\/div>\n<div class=\"omotek\">\n<div class=\"levo\">\n<p><strong>Pripjev:<\/strong><\/p>\n<\/div>\n<div class=\"desno2\">\n<p><strong><span style=\"color: #800000;\">Gospodin je pastir moj: ni u \u010dem ja ne oskudijevam.<\/span><\/strong><\/p>\n<\/div>\n<\/div>\n<div class=\"omotek-last\">\n<div class=\"levo\">\n<p><strong>\u00a0<\/strong>Gospodin je pastir moj:<br \/>\nni u \u010dem ja ne oskudijevam;<br \/>\nna poljanama zelenim<br \/>\non mi daje odmora.<br \/>\nNa vrutke me tihane vodi<br \/>\ni krijepi du\u0161u moju.<\/p>\n<p>Stazama pravim on me upravlja<br \/>\nradi imena svojega.<br \/>\nPa da mi je i dolinom smrti pro\u0107i,<br \/>\nzla se ne bojim jer si ti sa mnom.<br \/>\nTvoj \u0161tap i palica tvoja utjeha su meni.<\/p>\n<p>Trpezu preda mnom prostire\u0161<br \/>\nna o\u010di du\u0161manima mojim.<br \/>\nUljem mi glavu ma\u017ee\u0161,<br \/>\n\u010da\u0161a se moja prelijeva.<\/p>\n<p>Dobrota i milost pratiti \u0107e mene<br \/>\nsve dane \u017eivota moga.<br \/>\nU Gospodnjem \u0107u domu prebivati<br \/>\nkroz dane mnoge.<\/p>\n<\/div>\n<\/div>\n<div class=\"omotek\">\n<div class=\"levo\">\n<p>&nbsp;<\/p>\n<p class=\"naslov\"><strong>Drugo \u010ditanje:<\/strong><\/p>\n<\/div>\n<div class=\"desno\"><\/div>\n<\/div>\n<div class=\"omotek-last\">\n<div class=\"desno\">\n<p><strong><span style=\"color: #800000;\">\u010citanje Poslanice svetoga Pavla apostola Efe\u017eanima<\/span><\/strong><\/p>\n<p>Bra\u0107o: Neko\u0107 bijaste tama, a sada ste svjetlost u Gospodinu: kao djeca svjetlosti hodite \u2013 plod je svjetlosti svaka dobrota, pravednost i istina \u2013 i odlu\u010dite se za ono \u0161to je milo Gospodinu. A nemajte udjela u jalovim djelima tame, nego ih dapa\u010de raskrinkavajte, jer \u0161to potajno \u010dine, sramota je i govoriti. A sve \u0161to se raskrinka, pod svjetlo\u0161\u0107u postaje sjajno; \u0161to je pak sjajno, svjetlost je. Zato veli: \u00bbProbudi se, ti \u0161to spava\u0161, ustani od mrtvih i zasvijetlit \u0107e ti Krist.\u00ab<\/p>\n<div class=\"tekst_separator_razmak\"><\/div>\n<p>Rije\u010d Gospodnja.<\/p>\n<\/div>\n<\/div>\n<div class=\"omotek\">\n<div class=\"levo\">\n<p>&nbsp;<\/p>\n<p class=\"naslov\"><strong>Evan\u0111elje:<\/strong><\/p>\n<\/div>\n<div class=\"desno\"><\/div>\n<\/div>\n<div class=\"omotek\">\n<div class=\"desno\">\n<p><span style=\"color: #800000;\"><strong>\u010citanje svetog Evan\u0111elja po Ivanu<\/strong><\/span><\/p>\n<div class=\"tekst_separator_razmak\"><\/div>\n<p>Isus prolaze\u0107i ugleda \u010dovjeka slijepa od ro\u0111enja. Zapita\u0161e ga njegovi u\u010denici: \u00bbU\u010ditelju, tko li sagrije\u0161i, on ili njegovi roditelji te se slijep rodio?\u00ab Odgovori Isus: \u00bbNiti sagrije\u0161i on niti njegovi roditelji, nego je to zato da se na njemu o\u010dituju djela Bo\u017eja. Dok je dan, treba da radimo djela onoga koji me posla.<\/p>\n<div class=\"tekst_separator_razmak\"><\/div>\n<p>Dolazi no\u0107, kad nitko ne mo\u017ee raditi. Dok sam na svijetu, svjetlost sam svijeta.\u00ab To rekav\u0161i, pljune na zemlju i od pljuva\u010dke na\u010dini kal pa mu kalom premaza o\u010di. I re\u010de mu: \u00bbIdi, operi se u kupali\u0161tu Siloamu!\u00ab &#8211; \u0161to zna\u010di \u00bbPoslanik.\u00ab Onaj ode, umije se pa se vrati gledaju\u0107i. Susjedi i oni koji su ga prije vi\u0111ali kao prosjaka govorili su: \u00bbNije li to onaj koji je sjedio i prosio?\u00ab Jedni su govorili: \u00bbOn je.\u00ab Drugi opet: \u00bbNije, nego mu je sli\u010dan.\u00ab On je sam tvrdio: \u00bbDa, ja sam!\u00ab Nato ga upita\u0161e: \u00bbKako su ti se otvorile o\u010di?\u00ab On odgovori: \u00bb\u010covjek koji se zove Isus na\u010dini kal, premaza mi o\u010di i re\u010de mi: &#8216;Idi u Siloam i operi se.&#8217; Odoh dakle, oprah se i progledah.\u00ab Reko\u0161e mu: \u00bbGdje je on?\u00ab Odgovori: \u00bbNe znam.\u00ab Tada odvedo\u0161e toga biv\u0161eg slijepca farizejima. A toga dana kad Isus na\u010dini kal i otvori njegove o\u010di, bija\u0161e subota. Farizeji ga po\u010de\u0161e iznova ispitivati kako je progledao. On im re\u010de: \u00bbStavio mi kal na o\u010di i ja se oprah &#8211; i evo vidim.\u00ab Nato neki izme\u0111u farizeja reko\u0161e: \u00bbNije taj \u010dovjek od Boga: ne pazi na subotu.\u00bb Drugi su pak govorili: \u00bbA kako bi jedan gre\u0161nik mogao \u010diniti takva znamenja?\u00ab I nastade me\u0111u njima podvojenost. Zatim ponovno upitaju slijepca: \u00bbA \u0161to ti ka\u017ee\u0161 o njemu? Otvorio ti je o\u010di!\u00ab On odgovori: \u00bbProrok je!\u00ab \u017didovi ipak ne vjerovahu da on bija\u0161e slijep i da je progledao dok ne dozva\u0161e roditelje toga koji je progledao i upita\u0161e ih: \u00bbJe li ovo va\u0161 sin za kojega tvrdite da se slijep rodio? Kako sada vidi?\u00ab Njegovi roditelji odvrate: \u00bbZnamo da je ovo na\u0161 sin i da se slijep rodio. A kako sada vidi, to mi ne znamo; i tko mu je otvorio o\u010di, ne znamo. Njega pitajte! Punoljetan je: neka sam o sebi govori!\u00ab Reko\u0161e tako njegovi roditelji jer su se bojali \u017didova. \u017didovi se doista ve\u0107 bijahu dogovorili da se iz sinagoge ima izop\u0107iti svaki koji njega prizna Kristom. Zbog toga reko\u0161e njegovi roditelji: \u00bbPunoljetan je, njega pitajte!\u00ab Pozva\u0161e stoga po drugi put \u010dovjeka koji bija\u0161e slijep i reko\u0161e mu: \u00bbPodaj slavu Bogu! Mi znamo da je taj \u010dovjek gre\u0161nik!\u00ab Nato im on odgovori: \u00bbJe li gre\u0161nik, ja ne znam. Jedno znam: slijep sam bio, a sada vidim.\u00ab Reko\u0161e mu opet: \u00bb\u0160to ti u\u010dini? Kako ti otvori o\u010di?\u00ab Odgovori im: \u00bbVe\u0107 vam rekoh i ne poslu\u0161aste me. \u0160to opet ho\u0107ete \u010duti? Da ne kanite i vi postati njegovim u\u010denicima?\u00ab Nato ga oni izgrdi\u0161e i reko\u0161e: \u00bbTi si njegov u\u010denik, a mi smo u\u010denici Mojsijevi. Mi znamo da je Mojsiju govorio Bog, a za ovoga ne znamo ni odakle je.\u00ab Odgovori im \u010dovjek: \u00bbPa to i jest \u010dudnovato da vi ne znate odakle je, a meni je otvorio o\u010di. Znamo da Bog gre\u0161nike ne usli\u0161ava; nego je li tko bogobojazan i vr\u0161i li njegovu volju, toga usli\u0161ava. Odvijeka se nije \u010dulo da bi tko otvorio o\u010di slijepcu od ro\u0111enja. Kad ovaj ne bi bio od Boga, ne bi mogao \u010diniti ni\u0161ta\u00ab. Odgovore mu: \u00bbSav si se u grijesima rodio, i ti nas da u\u010di\u0161?\u00ab i izbaci\u0161e ga. Do\u010duo Isus da su onoga izbacili pa ga na\u0111e i re\u010de mu: \u00bbTi vjeruje\u0161 u Sina \u010covje\u010djega?\u00ab On odgovori: \u00bbA tko je taj, Gospodine, da vjerujem u njega?\u00ab Re\u010de mu Isus: \u00bbVidio si ga! To je onaj koji govori s tobom!\u00ab A on re\u010de: \u00bbVjerujem, Gospodine!\u00ab I baci se ni\u010dice preda nj. Tada Isus re\u010de: \u00bbRadi suda do\u0111oh na ovaj svijet: da progledaju koji ne vide, a koji vide, da oslijepe!\u00ab \u010culi to neki od farizeja koji su bili s njime pa ga upitaju: \u00bbZar smo i mi slijepi?\u00ab Isus im odgovori: \u00bbDa ste slijepi, ne biste imali grijeha. No vi govorite: &#8216;Vidimo&#8217; pa grijeh va\u0161 ostaje.\u00ab<\/p>\n<div class=\"tekst_separator_razmak\"><\/div>\n<p>Rije\u010d Gospodnja<\/p>\n<\/div>\n<\/div>\n<div><\/div>\n<p>Ispovijest vjere<\/p>\n<p align=\"left\">P.\u00a0\u00a0\u00a0 <strong>U zajedni\u0161tvu Crkve,<br \/>\nvelike obitelji onih koji su rasvijetljeni svjetlom vjere,<br \/>\nispovjedimo svoju vjeru.<\/strong><\/p>\n<p><em>Svi zajedno mole <\/em>Apostolsko vjerovanje:<\/p>\n<p align=\"left\"><strong>Vjerujem u Boga, Oca svemogu\u0107ega,<\/strong><br \/>\n<strong>Stvoritelja neba i zemlje.<\/strong><\/p>\n<p align=\"left\"><strong>I u Isusa Krista, Sina njegova jedinoga, Gospodina na\u0161ega,<br \/>\nkoji je za\u010det po Duhu Svetom,<br \/>\nro\u0111en od Marije Djevice,<br \/>\nmu\u010den pod Poncijem Pilatom, raspet, umro i pokopan;<br \/>\nsa\u0161ao nad pakao, tre\u0107i dan uskrsnuo od mrtvih;<br \/>\nuza\u0161ao na nebesa,<br \/>\nsjedi o desnu Boga Oca svemogu\u0107ega;<br \/>\nodonud \u0107e do\u0107i suditi \u017eive i mrtve.<\/strong><\/p>\n<p align=\"left\"><strong>Vjerujem u Duha Svetoga,<br \/>\nsvetu Crkvu katoli\u010dku,<br \/>\nop\u0107instvo svetih, opro\u0161tenje grijeha,<br \/>\nuskrsnu\u0107e tijela i \u017eivot vje\u010dni. Amen.<\/strong><\/p>\n<p>&nbsp;<\/p>\n<p>Molitveni zazivi<\/p>\n<p>P.\u00a0\u00a0\u00a0 <strong>Nebeskomu Ocu, koji nam je poslao svoga Sina da nam bude svjetlo \u017eivota, uputimo svoje pro\u0161nje zajedno mole\u0107i:<\/strong><\/p>\n<p><em>Usli\u0161i nas, O\u010de.<\/em><\/p>\n<p><em>Molitvene zazive mogu moliti \u010dlanovi obitelji naizmjenice. Prikladno je ovdje uklju\u010diti djecu.<\/em><\/p>\n<ol>\n<li>Za Crkvu u svijetu:<br \/>\nda se u svome poslanju sve vi\u0161e suobli\u010duje Kristu Isusu<br \/>\nte po vjernosti tvojoj rije\u010di donosi svjetlo spasenja svim narodima,<br \/>\nmolimo te.<\/li>\n<li>Za pastire Crkve:<br \/>\n\u010duvaj ih u svojoj istini i pomozi da u svim protivljenjima svijeta<br \/>\npoka\u017eu snagu proro\u010dke rije\u010di i pastirske brige za dobro svih ljudi,<br \/>\nmolimo te.<\/li>\n<li>Za sve nositelje vlasti i odgovornosti u na\u0161oj Domovini:<br \/>\nrasvijetli ih svojom mudro\u0161\u0107u da umiju prepoznati potrebe ljudi<br \/>\ni obdari ih spremno\u0161\u0107u slu\u017eenja zajedni\u010dkomu dobru,<br \/>\nmolimo te.<\/li>\n<li>Za na\u0161u obitelj, u kojoj osje\u0107amo zajedni\u0161tvo cijele Crkve:<br \/>\nrasvijetli tamu na\u0161ega srca i otvori nam o\u010di vjere<br \/>\nda umijemo prepoznati ljepotu tvoje blizine<br \/>\nte jedni drugima budemo znak tvoje prisutnosti i ljubavi,<br \/>\nmolimo te.<\/li>\n<li>Za bra\u0107u i sestre koji su pogo\u0111eni bole\u0161\u0107u,<br \/>\nza sve koji \u017eive u strahu i za sve osamljene:<br \/>\nokrijepi ih pouzdanjem u tvoju dobrotu,<br \/>\na kr\u0161\u0107ane potakni da im djelima ljubavi<br \/>\nposvjedo\u010de snagu gledanja onkraj vidljivoga, molimo te.<\/li>\n<li>Za one koji u vjeri usnu\u0161e:<br \/>\nprimi ih u zagrljaj svoje vje\u010dnosti,<br \/>\ngdje \u0107e te zauvijek gledati licem u lice, molimo te.<\/li>\n<\/ol>\n<p><em>Ovdje se mogu dodati i posebne molitvene nakane obitelji: za odsutne \u010dlanove, za bolesne, za susjede\u2026<\/em><\/p>\n<p>P.\u00a0\u00a0\u00a0 <strong>Ove zajedni\u010dke pro\u0161nje zaklju\u010dimo molitvom<br \/>\nkoju nas je nau\u010dio Krist Gospodin.<\/strong><\/p>\n<p align=\"left\">S.\u00a0\u00a0\u00a0 O\u010de na\u0161, koji jesi na nebesima,<br \/>\nsveti se ime tvoje,<br \/>\ndo\u0111i kraljevstvo tvoje,<br \/>\nbudi volja tvoja<br \/>\nkako na nebu tako i na zemlji.<br \/>\nKruh na\u0161 svagdanji daj nam danas.<br \/>\nI otpusti nam duge na\u0161e<br \/>\nkako i mi otpu\u0161tamo du\u017enicima na\u0161im.<br \/>\nI ne uvedi nas u napast,<br \/>\nnego izbavi nas od zla.<\/p>\n<p align=\"left\">P.\u00a0\u00a0\u00a0 <strong>Primi, nebeski O\u010de, smjerne molitve ove tvoje obitelji.<br \/>\nIzbavi nas od svakoga zla, daj nam sigurnost i mir<br \/>\ni obdari nas svjetlom vjere,<br \/>\nkako bismo prepoznali tvoju dobrotu i ljepotu tvoga spasenja<br \/>\nkoje si nam podario u svome Sinu Isusu Kristu,<br \/>\nkoji \u017eivi i kraljuje u vijeke vjekova.<\/strong><\/p>\n<p align=\"left\">S.\u00a0\u00a0\u00a0 Amen.<\/p>\n<p><em>Mo\u017ee se dodati i sljede\u0107a molitva (najstarija molitva Crkve Bl. Djevici Mariji).<\/em><\/p>\n<p>&nbsp;<\/p>\n<p>Molitva Bla\u017eenoj djevici Mariji<\/p>\n<p align=\"left\"><strong>Pod obranu se tvoju utje\u010demo, sveta Bogorodice.<\/strong><br \/>\n<strong>Ne odbij nam molbe u potrebama na\u0161im,<\/strong><br \/>\n<strong>nego nas od svih pogibli uvijek oslobodi,<\/strong><br \/>\n<strong>Djevice slavna i blagoslovljena,<\/strong><br \/>\n<strong>Gospo\u0111o na\u0161a, Posrednice na\u0161a, Zagovornice na\u0161a!<\/strong><br \/>\n<strong>Sa svojim nas Sinom pomiri,<\/strong><br \/>\n<strong>svojemu nas Sinu preporu\u010di,<\/strong><br \/>\n<strong>svojemu nas Sinu izru\u010di.<\/strong><\/p>\n<p align=\"left\"><strong>Amen.<\/strong><\/p>\n<p>&nbsp;<\/p>\n<p><em>Ili:<\/em><\/p>\n<p>&nbsp;<\/p>\n<p>Molitva pape Franje Bla\u017eenoj djevici Mariji:<\/p>\n<p align=\"left\">Ovdje se punim pouzdanjem<br \/>\npovjeravamo na\u0161oj nebeskoj Majci.<br \/>\nPapa Franjo pozvao nas je da svakoga dana<br \/>\nujutro i nave\u010der molimo sljede\u0107i molitveni zaziv<br \/>\nBla\u017eenoj Djevici Mariji:<\/p>\n<p align=\"left\"><strong>\u00bbTi, po kojoj je do\u0161lo spasenje roda ljudskoga,<br \/>\nzna\u0161 \u0161to nam je potrebno.<br \/>\nVjerujemo da \u0107e\u0161 nam<br \/>\n\u2013 kao \u0161to si u\u010dinila u Kani Galilejskoj \u2013<br \/>\nvratiti radost, nakon ovih trenutaka ku\u0161nje.\u00ab<br \/>\nPo Kristu Gospodinu na\u0161emu.<br \/>\nAmen.<\/strong><\/p>\n<p>&nbsp;<\/p>\n<p>Zavr\u0161etak molitvenoga slavlja<\/p>\n<p>&nbsp;<\/p>\n<p align=\"left\">P.<strong>\u00a0\u00a0\u00a0 Bog Otac, bogat dobrotom i milosr\u0111em,<br \/>\nbio nam milostiv<br \/>\ni obdario nas svojim mirom.<\/strong><\/p>\n<p align=\"left\">S.\u00a0\u00a0\u00a0 Amen.<\/p>\n<p align=\"left\">P.<strong>\u00a0\u00a0\u00a0 Krist, Bo\u017eji sin,<br \/>\nkoji nam je u kri\u017eu objavio pobjedu nad tamom smrti i grijeha,<br \/>\nrasvijetlio nas svjetlom pouzdane i postojane vjere.<\/strong><\/p>\n<p align=\"left\">S.\u00a0\u00a0\u00a0 Amen.<\/p>\n<p align=\"left\">P.\u00a0\u00a0\u00a0 <strong>Bog Duh Sveti, ispunio nas svojom utjehom<br \/>\ni ljubavlju koja radosno slu\u017ei.<\/strong><\/p>\n<p align=\"left\">S.\u00a0\u00a0\u00a0 Amen.<\/p>\n<p><em>Potom svi zajedno mogu zapjevati neku prikladnu pjesmu. <\/em><\/p>\n","protected":false},"excerpt":{"rendered":"<p>\u010cetvrta korizmena nedjelja &#8211; slavlje u obitelji Molitveno slavlje\u00a0Dana Gospodnjega u obitelji U ZAPRIJE\u010cENOSTI SUDJELOVANJA NA SLAVLJU EUHARISTIJE 22. o\u017eujka 2020. &nbsp; Opasnost od zaraze koja nam prijeti u javnome okupljanju nagnala je pastire Crkve da, u brizi za dobro vjernika, donesu odluku o obustavi zajedni\u010dkoga slavljenja svetih misa. Te novonastale okolnosti poti\u010du nas da na druk\u010diji na\u010din \u017eivimo crkveno zajedni\u0161tvo i slavimo Dan Gospodnji. [&hellip;]<\/p>\n","protected":false},"author":2,"featured_media":150,"comment_status":"closed","ping_status":"closed","sticky":false,"template":"","format":"standard","meta":{"fifu_image_url":"","fifu_image_alt":"","footnotes":""},"categories":[4,15,1],"tags":[],"class_list":["post-838","post","type-post","status-publish","format-standard","has-post-thumbnail","hentry","category-aktivnosti","category-liturgija-dana-nedjeljna-citanja","category-naslovnica"],"_links":{"self":[{"href":"https:\/\/www.svetianteknin.com\/index.php?rest_route=\/wp\/v2\/posts\/838","targetHints":{"allow":["GET"]}}],"collection":[{"href":"https:\/\/www.svetianteknin.com\/index.php?rest_route=\/wp\/v2\/posts"}],"about":[{"href":"https:\/\/www.svetianteknin.com\/index.php?rest_route=\/wp\/v2\/types\/post"}],"author":[{"embeddable":true,"href":"https:\/\/www.svetianteknin.com\/index.php?rest_route=\/wp\/v2\/users\/2"}],"replies":[{"embeddable":true,"href":"https:\/\/www.svetianteknin.com\/index.php?rest_route=%2Fwp%2Fv2%2Fcomments&post=838"}],"version-history":[{"count":5,"href":"https:\/\/www.svetianteknin.com\/index.php?rest_route=\/wp\/v2\/posts\/838\/revisions"}],"predecessor-version":[{"id":853,"href":"https:\/\/www.svetianteknin.com\/index.php?rest_route=\/wp\/v2\/posts\/838\/revisions\/853"}],"wp:featuredmedia":[{"embeddable":true,"href":"https:\/\/www.svetianteknin.com\/index.php?rest_route=\/wp\/v2\/media\/150"}],"wp:attachment":[{"href":"https:\/\/www.svetianteknin.com\/index.php?rest_route=%2Fwp%2Fv2%2Fmedia&parent=838"}],"wp:term":[{"taxonomy":"category","embeddable":true,"href":"https:\/\/www.svetianteknin.com\/index.php?rest_route=%2Fwp%2Fv2%2Fcategories&post=838"},{"taxonomy":"post_tag","embeddable":true,"href":"https:\/\/www.svetianteknin.com\/index.php?rest_route=%2Fwp%2Fv2%2Ftags&post=838"}],"curies":[{"name":"wp","href":"https:\/\/api.w.org\/{rel}","templated":true}]}}