{"id":819,"date":"2020-03-16T21:41:21","date_gmt":"2020-03-16T20:41:21","guid":{"rendered":"http:\/\/www.svetianteknin.com\/?p=819"},"modified":"2020-03-20T16:30:08","modified_gmt":"2020-03-20T15:30:08","slug":"proglas-vjernicima-knina","status":"publish","type":"post","link":"https:\/\/www.svetianteknin.com\/?p=819","title":{"rendered":"PROGLAS VJERNICIMA KNINA"},"content":{"rendered":"<p>Draga bra\u0107o i sestre, svjesni smo odgovornosti koja je na svakom od nas. Korona virus ne doga\u0111a se nekom dalekom, nepoznatom bratu i sestri u dalekom svijetu. Ova zaraza ti\u010de se svakoga od nas. U\u010dinimo sve, koliko je do nas, da se zaraza ne \u0161iri zbog na\u0161eg neodgovornog pona\u0161anja.<\/p>\n<p>Osvje\u0161\u0107ujemo, tako\u0111er, da smo svjedoci izopa\u010denosti dru\u0161tva i da bez Boga ne mo\u017eemo opstati. Iako smo pogo\u0111eni ku\u0161njom, ovo je i milosno vrijeme kad preispitujemo vlastito pona\u0161anje. Priznajemo svoju ljudsku krhkost i da nam je \u017eivot u \u201eruci Bo\u017ejoj\u201c. Trenutnu krizu iskoristimo za ja\u010danje na\u0161eg obiteljskog i narodnog zajedni\u0161tva i solidarnosti, al\u00b4 uvijek s vjerom u Boga.<\/p>\n<p>Najprije preporu\u010dujemo Bo\u017ejoj za\u0161titi lije\u010dnike i medicinsko osoblju koje se nesebi\u010dno stavilo u slu\u017ebu pomo\u0107i oboljelima. Molimo i za civilne vlasti da, po Bo\u017ejoj milosti, uvijek donose najbolje odluke za dobrobit na\u0161ega naroda.<\/p>\n<p>Mi, va\u0161i sve\u0107enici (fra Josip, fra Mario, fra Bo\u017eo i \u0111akon, fra Slaven), poti\u010demo vas na molitvu, te da sebe i svoje obitelji stavite pod za\u0161titu Bla\u017ee Djevice Marije, Na\u0161e Gospe. Vjerujemo da nam njezin zagovor ne\u0107e izostati.<\/p>\n<p>Mi, va\u0161i sve\u0107enici, slavit \u0107emo svetu misu (bez naroda) svake subote u 12 sati na nakanu svih koji u ovom trenutku trpe zbog korona virusa. Na sve vas zazivamo zagovor na\u0161e nebeska Majke i za\u0161titu Svemogu\u0107ega Boga.<\/p>\n<p>U vremenu u kojem \u017eivimo, po\u0161tovani bra\u0107o i sestre, preporu\u010dujemo obiteljsko \u010ditanje Svetoga Pisma. Molite obiteljsku krunicu svaku ve\u010der (u vremenu u koje se dogovorite) na \u010dast Na\u0161e Gospe, da nas svojim zagovorom u\u010dvrsti u vjeri i osna\u017ei u ku\u0161nji koja nas je pogodila. Na kraju krunice mo\u017eete izmoliti predlo\u017eene molitve:<\/p>\n<p><strong>Gospodine, sveti O\u010de, Svemogu\u0107i i vje\u010dni Bo\u017ee, \u010daste\u0107i Bla\u017eenu Djevicu Mariju \u2013 Na\u0161u Gospu hrvatskog zavjeta,<\/strong> <strong>hvalimo te, blagoslivljamo i slavimo.<\/strong><br \/>\n<strong>Tvoj Sin, Isus Krist, od proroka nazvan Sluga Gospodnji, ponio je na\u0161e bolesti, na\u0161e boli na sebe uzeo i njegove nas rane iscijeli\u0161e.<\/strong><br \/>\n<strong>Po zagovoru Bla\u017eene Djevice Marije, Na\u0161e Gospe velikog zavjeta, molimo te primi nas duha ponizna i srca skru\u0161ena.<\/strong><br \/>\n<strong>Usli\u0161i nam molitve koje ti u ovom \u010dasu preporu\u010dujemo: da se zaustavi svaka po\u0161ast zaraze korona virusom, da bolesni ozdrave, da budu za\u0161ti\u0107eni oni koji brinu o \u00a0\u00a0bolesnima, da zdravi ostanu zdravi, te svi zajedno budemo dionici milosti obra\u0107enja. Po Kristu, Gospodinu na\u0161em. Amen<\/strong><\/p>\n<p><strong><em>O\u010de na\u0161\u2026 <\/em><\/strong><\/p>\n<p><img loading=\"lazy\" decoding=\"async\" class=\"alignnone wp-image-519\" src=\"https:\/\/www.svetianteknin.com\/wp-content\/uploads\/2019\/10\/20190930_143936.jpg\" alt=\"\" width=\"188\" height=\"213\" srcset=\"https:\/\/www.svetianteknin.com\/wp-content\/uploads\/2019\/10\/20190930_143936.jpg 900w, https:\/\/www.svetianteknin.com\/wp-content\/uploads\/2019\/10\/20190930_143936-265x300.jpg 265w, https:\/\/www.svetianteknin.com\/wp-content\/uploads\/2019\/10\/20190930_143936-768x870.jpg 768w\" sizes=\"auto, (max-width: 188px) 100vw, 188px\" \/><\/p>\n<p><em><strong>Posveta Bezgrje\u0161nom Srcu Marijinu<\/strong><\/em><br \/>\n<em><strong>(s crkvenim dopu\u0161tenjem, 1983.)<\/strong><\/em><\/p>\n<p><strong>Presveta Djevice Marijo, Majko i Kraljice moja, tvojemu Bezgrje\u0161nom Srcu posve\u0107ujem i predajem \u010ditavo svoje bi\u0107e:<\/strong><br \/>\n<strong>svoje misli, rije\u010di i djela.<\/strong><br \/>\n<strong>Raspola\u017ei sa mnom i sa svim \u0161to mi pripada, sada i u vje\u010dnosti na hvalu i slavu Presvetoga Trojstva, za posve\u0107enje Crkve i spasenje svega svijeta.<\/strong><br \/>\n<strong>Bezgrje\u0161na moja Majko, pomozi mi \u017eivjeti dostojno moga krsnog posve\u0107enja da neopozivo pripadam svome Otkupitelju.<\/strong><br \/>\n<strong>Daj da poput Tebe slu\u0161am poticaje Duha Svetoga!<\/strong><br \/>\n<strong>Neka se u meni i po meni uvijek i u svemu vr\u0161i volja Bo\u017eja! Amen.<\/strong><\/p>\n<p><strong><em>Zdravo Marijo\u2026<\/em><\/strong><\/p>\n<p><strong>Na\u0161a Gospe velikog hrvatskog zavjeta, moli za nas! Amen<\/strong><\/p>\n<p><em>Bog vas blagoslovio!<\/em><\/p>\n","protected":false},"excerpt":{"rendered":"<p>Draga bra\u0107o i sestre, svjesni smo odgovornosti koja je na svakom od nas. Korona virus ne doga\u0111a se nekom dalekom, nepoznatom bratu i sestri u dalekom svijetu. Ova zaraza ti\u010de se svakoga od nas. U\u010dinimo sve, koliko je do nas, da se zaraza ne \u0161iri zbog na\u0161eg neodgovornog pona\u0161anja. Osvje\u0161\u0107ujemo, tako\u0111er, da smo svjedoci izopa\u010denosti dru\u0161tva i da bez Boga ne mo\u017eemo opstati. Iako smo [&hellip;]<\/p>\n","protected":false},"author":2,"featured_media":152,"comment_status":"closed","ping_status":"closed","sticky":false,"template":"","format":"standard","meta":{"fifu_image_url":"","fifu_image_alt":"","footnotes":""},"categories":[1],"tags":[],"class_list":["post-819","post","type-post","status-publish","format-standard","has-post-thumbnail","hentry","category-naslovnica"],"_links":{"self":[{"href":"https:\/\/www.svetianteknin.com\/index.php?rest_route=\/wp\/v2\/posts\/819","targetHints":{"allow":["GET"]}}],"collection":[{"href":"https:\/\/www.svetianteknin.com\/index.php?rest_route=\/wp\/v2\/posts"}],"about":[{"href":"https:\/\/www.svetianteknin.com\/index.php?rest_route=\/wp\/v2\/types\/post"}],"author":[{"embeddable":true,"href":"https:\/\/www.svetianteknin.com\/index.php?rest_route=\/wp\/v2\/users\/2"}],"replies":[{"embeddable":true,"href":"https:\/\/www.svetianteknin.com\/index.php?rest_route=%2Fwp%2Fv2%2Fcomments&post=819"}],"version-history":[{"count":1,"href":"https:\/\/www.svetianteknin.com\/index.php?rest_route=\/wp\/v2\/posts\/819\/revisions"}],"predecessor-version":[{"id":820,"href":"https:\/\/www.svetianteknin.com\/index.php?rest_route=\/wp\/v2\/posts\/819\/revisions\/820"}],"wp:featuredmedia":[{"embeddable":true,"href":"https:\/\/www.svetianteknin.com\/index.php?rest_route=\/wp\/v2\/media\/152"}],"wp:attachment":[{"href":"https:\/\/www.svetianteknin.com\/index.php?rest_route=%2Fwp%2Fv2%2Fmedia&parent=819"}],"wp:term":[{"taxonomy":"category","embeddable":true,"href":"https:\/\/www.svetianteknin.com\/index.php?rest_route=%2Fwp%2Fv2%2Fcategories&post=819"},{"taxonomy":"post_tag","embeddable":true,"href":"https:\/\/www.svetianteknin.com\/index.php?rest_route=%2Fwp%2Fv2%2Ftags&post=819"}],"curies":[{"name":"wp","href":"https:\/\/api.w.org\/{rel}","templated":true}]}}