{"id":635,"date":"2019-11-30T20:54:35","date_gmt":"2019-11-30T19:54:35","guid":{"rendered":"http:\/\/www.svetianteknin.com\/?p=635"},"modified":"2019-11-30T20:54:35","modified_gmt":"2019-11-30T19:54:35","slug":"zupne-obavijesti-1-prosinca-1-da","status":"publish","type":"post","link":"https:\/\/www.svetianteknin.com\/?p=635","title":{"rendered":"\u017dupne obavijesti, 1. prosinca (1. DA)"},"content":{"rendered":"<p><strong>Raspored svetih misa: 1. nedjelju A (1.12. \u2013 8. 12. 2019.)\u00a0 <\/strong><\/p>\n<table>\n<tbody>\n<tr>\n<td width=\"151\">Crkva<\/td>\n<td width=\"95\">Satnica<\/td>\n<td width=\"359\">Nakana<\/td>\n<\/tr>\n<tr>\n<td width=\"151\">Sveti Ante<\/td>\n<td width=\"95\">8<\/td>\n<td width=\"359\">+ Marija Brekalo<\/td>\n<\/tr>\n<tr>\n<td width=\"151\">Gospa VHKZ<\/td>\n<td width=\"95\">9,30<\/td>\n<td width=\"359\">+ Ana \u010curi\u010d<\/td>\n<\/tr>\n<tr>\n<td width=\"151\">Gospa VHKZ<\/td>\n<td width=\"95\">11<\/td>\n<td width=\"359\">+ Kristina Jukica<\/td>\n<\/tr>\n<tr>\n<td width=\"151\">Gospa VHKZ<\/td>\n<td width=\"95\">19<\/td>\n<td width=\"359\">+ Ilija, Delfa, Alojzije i Olgica<\/p>\n<p>+ Slobodan Praljak (general HV)<\/td>\n<\/tr>\n<\/tbody>\n<\/table>\n<p>&nbsp;<\/p>\n<table>\n<tbody>\n<tr>\n<td colspan=\"4\" width=\"604\">Ponedjeljak, 2. prosinca<\/td>\n<\/tr>\n<tr>\n<td width=\"47\">6<\/td>\n<td width=\"255\">+ iz ob. Glavini\u0107 i Bla\u017eevi\u0107<\/td>\n<td width=\"38\">18<\/td>\n<td width=\"264\">+ Jure i Janja Bradari\u0107<\/td>\n<\/tr>\n<tr>\n<td colspan=\"4\" width=\"604\">Utorak, 3. prosinca<\/td>\n<\/tr>\n<tr>\n<td width=\"47\">6<\/td>\n<td width=\"255\">+ iz ob. D\u017eambo<\/td>\n<td width=\"38\">18<\/td>\n<td width=\"264\">+ Marija i An\u0111elko<\/td>\n<\/tr>\n<tr>\n<td colspan=\"4\" width=\"604\">Srijeda, 4. prosinca<\/td>\n<\/tr>\n<tr>\n<td width=\"47\">6<\/td>\n<td width=\"255\">+ iz ob. Abramovi\u0107<\/td>\n<td width=\"38\">18<\/td>\n<td width=\"264\">+ Du\u0161ko i Ivana Kai\u0107<\/td>\n<\/tr>\n<tr>\n<td colspan=\"4\" width=\"604\">\u010cetvrtak, 5. prosinca<\/td>\n<\/tr>\n<tr>\n<td width=\"47\">6<\/td>\n<td width=\"255\">+ Dragica i Stipe<\/td>\n<td width=\"38\">18<\/td>\n<td width=\"264\">+ \u017deljko Rezovi\u0107 i pok. Iz ob. Ani\u010di\u0107<\/td>\n<\/tr>\n<tr>\n<td colspan=\"4\" width=\"604\">Petak, 6. prosinca<\/td>\n<\/tr>\n<tr>\n<td width=\"47\">6<\/td>\n<td width=\"255\">Nikola i An\u0111a Dovo\u0111a<\/td>\n<td width=\"38\">18<\/td>\n<td width=\"264\">+ Danica Primorac i njezini pokojni<\/td>\n<\/tr>\n<tr>\n<td colspan=\"4\" width=\"604\">Subota, 7. prosinca<\/td>\n<\/tr>\n<tr>\n<td width=\"47\">6<\/td>\n<td width=\"255\">Na odluku<\/td>\n<td width=\"38\">18<\/td>\n<td width=\"264\">+ Lukas i Anka Kop\u010di\u0107, Marija Si\u0107 i + Ivka Peri\u0107<\/td>\n<\/tr>\n<\/tbody>\n<\/table>\n<p>&nbsp;<\/p>\n<table>\n<tbody>\n<tr>\n<td width=\"304\"><strong><u>\u017dupni vjeronauk u Gospinoj crkvi<\/u><\/strong><\/p>\n<p>Prvopri\u010desnici: NEMA<\/p>\n<p>Krizmanici: NEMA<\/p>\n<p>Ministranti:<\/p>\n<p>Dje\u010dji zbor: subota u 11 sati<\/p>\n<p>&nbsp;<\/td>\n<td width=\"304\"><strong><u>repeticije u samostanu sv. Ante &#8211; SUBOTA<\/u><\/strong><\/p>\n<p>10 sati:\u00a0 razredna nastava<\/p>\n<p>11 sati:\u00a0 engleski<\/p>\n<p>13 sati:\u00a0 matematika<\/p>\n<p>15 sati:\u00a0 hrvatski<\/td>\n<\/tr>\n<\/tbody>\n<\/table>\n<p>&nbsp;<\/p>\n<p>ZORNICE \u2013 Gospina crkva u 6 sati<\/p>\n<p>BLAGOSLOV OBITELJI<\/p>\n","protected":false},"excerpt":{"rendered":"<p>Raspored svetih misa: 1. nedjelju A (1.12. \u2013 8. 12. 2019.)\u00a0 Crkva Satnica Nakana Sveti Ante 8 + Marija Brekalo Gospa VHKZ 9,30 + Ana \u010curi\u010d Gospa VHKZ 11 + Kristina Jukica Gospa VHKZ 19 + Ilija, Delfa, Alojzije i Olgica + Slobodan Praljak (general HV) &nbsp; Ponedjeljak, 2. prosinca 6 + iz ob. Glavini\u0107 i Bla\u017eevi\u0107 18 + Jure i Janja Bradari\u0107 Utorak, 3. [&hellip;]<\/p>\n","protected":false},"author":2,"featured_media":0,"comment_status":"closed","ping_status":"closed","sticky":false,"template":"","format":"standard","meta":{"fifu_image_url":"","fifu_image_alt":"","footnotes":""},"categories":[6],"tags":[],"class_list":["post-635","post","type-post","status-publish","format-standard","hentry","category-zupne-obavijesti"],"_links":{"self":[{"href":"https:\/\/www.svetianteknin.com\/index.php?rest_route=\/wp\/v2\/posts\/635","targetHints":{"allow":["GET"]}}],"collection":[{"href":"https:\/\/www.svetianteknin.com\/index.php?rest_route=\/wp\/v2\/posts"}],"about":[{"href":"https:\/\/www.svetianteknin.com\/index.php?rest_route=\/wp\/v2\/types\/post"}],"author":[{"embeddable":true,"href":"https:\/\/www.svetianteknin.com\/index.php?rest_route=\/wp\/v2\/users\/2"}],"replies":[{"embeddable":true,"href":"https:\/\/www.svetianteknin.com\/index.php?rest_route=%2Fwp%2Fv2%2Fcomments&post=635"}],"version-history":[{"count":1,"href":"https:\/\/www.svetianteknin.com\/index.php?rest_route=\/wp\/v2\/posts\/635\/revisions"}],"predecessor-version":[{"id":636,"href":"https:\/\/www.svetianteknin.com\/index.php?rest_route=\/wp\/v2\/posts\/635\/revisions\/636"}],"wp:attachment":[{"href":"https:\/\/www.svetianteknin.com\/index.php?rest_route=%2Fwp%2Fv2%2Fmedia&parent=635"}],"wp:term":[{"taxonomy":"category","embeddable":true,"href":"https:\/\/www.svetianteknin.com\/index.php?rest_route=%2Fwp%2Fv2%2Fcategories&post=635"},{"taxonomy":"post_tag","embeddable":true,"href":"https:\/\/www.svetianteknin.com\/index.php?rest_route=%2Fwp%2Fv2%2Ftags&post=635"}],"curies":[{"name":"wp","href":"https:\/\/api.w.org\/{rel}","templated":true}]}}