{"id":606,"date":"2019-11-13T20:44:27","date_gmt":"2019-11-13T19:44:27","guid":{"rendered":"http:\/\/www.svetianteknin.com\/?p=606"},"modified":"2019-12-24T12:25:35","modified_gmt":"2019-12-24T11:25:35","slug":"godina-nikole-tavelica","status":"publish","type":"post","link":"https:\/\/www.svetianteknin.com\/?p=606","title":{"rendered":"Godina Nikole Taveli\u0107a"},"content":{"rendered":"<p><img loading=\"lazy\" decoding=\"async\" class=\" wp-image-607 alignleft\" src=\"https:\/\/www.svetianteknin.com\/wp-content\/uploads\/2019\/11\/tavelic1-223x300.jpg\" alt=\"\" width=\"226\" height=\"304\" \/>\u0160IBENSKA BISKUPIJA<br \/>\nBiskupa Jeronima Milete 2A, 22000 \u0160IBENIK,<br \/>\n<strong>Svim \u017dupnim uredima i samostanima \u0160ibenske biskupije<\/strong><\/p>\n<p><strong><u>Predmet:<\/u><\/strong> <em>Progla\u0161enje Godine sv. Nikole Taveli\u0107a za \u0160ibensku biskupiju<\/em><\/p>\n<p>Sveti Nikola Taveli\u0107, \u0160iben\u010danin, sve\u0107enik, franjevac, misionar i mu\u010denik za Krista prvi je progla\u0161eni svetac iz Hrvatskog naroda. Slavio je \u0160ibenik s cijelom Crkvom u Domovini i po svijetu 1970. godine prvog progla\u0161enog za\u0161titnika i mu\u010denika, slavljem koje se i danas pamti.<\/p>\n<p>Pedesetu godi\u0161njicu kanonizacije \u017eelimo proslaviti kroz ovu pastoralnu godinu i\u0161\u010ditavaju\u0107i u \u017eivotu svetog Nikole Taveli\u0107a poziv na svetost svakom vjerniku: ,,Budite sveti jer sam ja svet&#8221; (1Pt 1,16).<\/p>\n<p>Sv. Nikola taj je poziv na svetost ostvario mu\u010deni\u0161tvom. Njegov put sa\u017eimlju rije\u010di Svetoga pisma: Upoznati Krista i snagu uskrsnu\u0107a njegova i zajedni\u0161tvo u patnjama njegovim (Fil 3,10).<\/p>\n<p>U apostolskom pismu pape Pavla VI. prilikom kanonizacije stoji:<\/p>\n<p>,,Slavno svjedo\u010danstvo postojanosti dala su \u010detvorica redovnika, kojima se ponosi ponajprije franjeva\u010dka redovni\u010dka obitelj, a s njom i \u010ditava Crkva. To su: Nikola Taveli\u0107, ro\u0111en u \u0160ibeniku iz plemenite hrvatske obitelji; Deodat iz Ruticinija u Akvitaniji; Petar iz Narbone u Francuskoj; Stjepan iz Cunea u Italiji, sve\u0107enici Reda manje bra\u0107e, ljudi divnih vrlina duha, hrabri i postojani u podno\u0161enju smrtnih muka. Po nauku i primjeru svoga oca i zakono\u0161e svetoga Franje, oni su posvetili \u017eivot na korist vjernika.<\/p>\n<p>Nije se bez Bo\u017eje providnosti, dogodilo da su se ondje slo\u017eili ti Bo\u017eji ljudi da one narode privedu Kristovu nauku, slijede\u0107i primjer svetog Utemeljitelja&#8230; Jasno i vjerodostojno svjedo\u010danstvo, napisano od jednog o\u010devica i svjedoka njihova mu\u010deni\u0161tva, govori da su oni bili ljudi veoma velike pobo\u017enosti, da su provodili veoma krepostan \u017eivot Pripovijeda se, osim toga, da su bili potpuno vjerni zakonima i odredbama svoga Reda, sa starje\u0161inama najspremnijom voljom sjedinjeni i od njih veoma mnogo cijenjeni. A njihova osobita vjera u Boga i postojanost duha zasjala je u onome \u010dasu kad su odlu\u010dili otvoreno posvjedo\u010diti za Krista, javno propovijedati i tuma\u010diti njegovo Evan\u0111elja, u kojemu se nalazi blago istine i put kojim ljudi mogu posti\u0107i vje\u010dno spasenje.&#8221;<\/p>\n<p><img loading=\"lazy\" decoding=\"async\" class=\" wp-image-608 alignleft\" src=\"https:\/\/www.svetianteknin.com\/wp-content\/uploads\/2019\/11\/taveli\u01072-194x300.jpg\" alt=\"\" width=\"230\" height=\"355\" srcset=\"https:\/\/www.svetianteknin.com\/wp-content\/uploads\/2019\/11\/taveli\u01072-194x300.jpg 194w, https:\/\/www.svetianteknin.com\/wp-content\/uploads\/2019\/11\/taveli\u01072.jpg 518w\" sizes=\"auto, (max-width: 230px) 100vw, 230px\" \/>\u010citavu pastoralnu godinu u na\u0161oj \u0160ibenskoj biskupiji \u017eelimo posvetiti svatom Nikoli Taveli\u0107u, njegovom svjedo\u010danstvu vjera i kreposna \u017eivota, njegovom hrabrom navije\u0161tanju Isusa Krista, njegovom poniznom redovni\u010dkom slu\u017eenju i njegovoj \u017ertvi \u017eivota polo\u017eenoj na oltar mu\u010denika za Krista. On je svcto.st ostvario jcr je za njom : \u010dc&#8217;\/nuo.<\/p>\n<p>Neka u cijeloj \u0160ibenskoj biskupiji kroz ovu godinu, od sve\u010deva blagdana 14. studenoga 2019. do njegova blagdana 2020. godine vjerni\u010dki puk utje\u010de\u00a0 zagovoru sv. Nikole Taveli\u0107a. Neka se u katehezama i propovijedima razmatraju sve\u010deve kreposto i snaga vjere po kojoj se suo\u010davao sa \u017eivotnim pote\u0161ko\u0107ama i izazovima. Neka primjer sv. Nikole Taveli\u0107a potakne svaku vjerni\u010dku du\u0161u na svjedo\u010denje vjere u Krista uskrslova u dana\u0161njem svijetu. Njegovo ponizno slu\u017eenje u redovni\u010dkom pozivu neka bude poticaj za istinsko kr\u0161\u0107ansko bratoljublje prema svakom \u010dovjeku. Mu\u010deni\u0161tvo sv. Nikole neka u savjestima probudi spremnost na velikodu\u0161nost i \u017ertvu kojom se pokazuje ljubav prema Bogu i dosljednom kr\u0161\u0107anskom \u017eivljenju.<\/p>\n<p>Sveti Nikola Taveli\u0107 \u017eivio je i umro za Krista jer je vjerovao u vje\u010dni \u017eivot s Bogom. \u017darko je \u017eelio ostvariti poziv na svetost i vje\u010dni \u017eivot u Bogu. Njegov primjer neka svakom vjerniku osvijetli \u017eivotni cilj: vje\u010dnost u Bogu.<\/p>\n<p>Preporu\u010dam kroz ovu godinu u svakoj \u017eupi pobo\u017enosti i molitve na\u0161em svecu, za \u0161to je tiskan posebni molitvenik.<\/p>\n<p>Tako\u0111er, preporu\u010dam hodo\u010da\u0161\u0107enje u njegovo sveti\u0161te u \u0160ibeniku.<\/p>\n<p>Vrhunac proslave biti ce 21. lipnja 2020. godine kada \u0107emo sve\u010danim misnim slavljem obilje\u017eiti pedesetu godi\u0161njicu progla\u0161enja svetim prvog sveca iz Hrvatskog naroda.<\/p>\n<p>U \u0160ibeniku, na blagdan sv. Nikole Taveli\u0107a, 14. studenoga 2019.<\/p>\n<p>Tomislav Rogi\u0107, \u0161ibenski biskup<\/p>\n","protected":false},"excerpt":{"rendered":"<p>\u0160IBENSKA BISKUPIJA Biskupa Jeronima Milete 2A, 22000 \u0160IBENIK, Svim \u017dupnim uredima i samostanima \u0160ibenske biskupije Predmet: Progla\u0161enje Godine sv. Nikole Taveli\u0107a za \u0160ibensku biskupiju Sveti Nikola Taveli\u0107, \u0160iben\u010danin, sve\u0107enik, franjevac, misionar i mu\u010denik za Krista prvi je progla\u0161eni svetac iz Hrvatskog naroda. Slavio je \u0160ibenik s cijelom Crkvom u Domovini i po svijetu 1970. godine prvog progla\u0161enog za\u0161titnika i mu\u010denika, slavljem koje se i danas [&hellip;]<\/p>\n","protected":false},"author":2,"featured_media":607,"comment_status":"closed","ping_status":"closed","sticky":false,"template":"","format":"standard","meta":{"fifu_image_url":"","fifu_image_alt":"","footnotes":""},"categories":[14,1],"tags":[],"class_list":["post-606","post","type-post","status-publish","format-standard","has-post-thumbnail","hentry","category-franjevastvo","category-naslovnica"],"_links":{"self":[{"href":"https:\/\/www.svetianteknin.com\/index.php?rest_route=\/wp\/v2\/posts\/606","targetHints":{"allow":["GET"]}}],"collection":[{"href":"https:\/\/www.svetianteknin.com\/index.php?rest_route=\/wp\/v2\/posts"}],"about":[{"href":"https:\/\/www.svetianteknin.com\/index.php?rest_route=\/wp\/v2\/types\/post"}],"author":[{"embeddable":true,"href":"https:\/\/www.svetianteknin.com\/index.php?rest_route=\/wp\/v2\/users\/2"}],"replies":[{"embeddable":true,"href":"https:\/\/www.svetianteknin.com\/index.php?rest_route=%2Fwp%2Fv2%2Fcomments&post=606"}],"version-history":[{"count":1,"href":"https:\/\/www.svetianteknin.com\/index.php?rest_route=\/wp\/v2\/posts\/606\/revisions"}],"predecessor-version":[{"id":610,"href":"https:\/\/www.svetianteknin.com\/index.php?rest_route=\/wp\/v2\/posts\/606\/revisions\/610"}],"wp:featuredmedia":[{"embeddable":true,"href":"https:\/\/www.svetianteknin.com\/index.php?rest_route=\/wp\/v2\/media\/607"}],"wp:attachment":[{"href":"https:\/\/www.svetianteknin.com\/index.php?rest_route=%2Fwp%2Fv2%2Fmedia&parent=606"}],"wp:term":[{"taxonomy":"category","embeddable":true,"href":"https:\/\/www.svetianteknin.com\/index.php?rest_route=%2Fwp%2Fv2%2Fcategories&post=606"},{"taxonomy":"post_tag","embeddable":true,"href":"https:\/\/www.svetianteknin.com\/index.php?rest_route=%2Fwp%2Fv2%2Ftags&post=606"}],"curies":[{"name":"wp","href":"https:\/\/api.w.org\/{rel}","templated":true}]}}