{"id":593,"date":"2019-11-09T21:34:05","date_gmt":"2019-11-09T20:34:05","guid":{"rendered":"http:\/\/www.svetianteknin.com\/?p=593"},"modified":"2019-11-09T21:34:05","modified_gmt":"2019-11-09T20:34:05","slug":"zupne-obavijesti-32-kgc-10-studenoga-2019","status":"publish","type":"post","link":"https:\/\/www.svetianteknin.com\/?p=593","title":{"rendered":"\u017dupne obavijesti, 32 KGC, 10. studenoga 2019."},"content":{"rendered":"<p><strong>Raspored svetih misa za 32. nedjelju KGC (10.11. \u2013 17. 11. 2019.)\u00a0 <\/strong><\/p>\n<table>\n<tbody>\n<tr>\n<td width=\"151\">Crkva<\/td>\n<td width=\"95\">Satnica<\/td>\n<td width=\"359\">Nakana<\/td>\n<\/tr>\n<tr>\n<td width=\"151\">Sveti Ante<\/td>\n<td width=\"95\">8<\/td>\n<td width=\"359\">+ pro populo<\/td>\n<\/tr>\n<tr>\n<td width=\"151\">Gospa VHKZ<\/td>\n<td width=\"95\">9,30<\/td>\n<td width=\"359\">+ Niko i Janja Jerkovi\u0107<\/td>\n<\/tr>\n<tr>\n<td width=\"151\">Gospa VHKZ<\/td>\n<td width=\"95\">11<\/td>\n<td width=\"359\">Fra Leon Migi\u0107 i fra Nikica Mili\u010devi\u0107<\/td>\n<\/tr>\n<tr>\n<td width=\"151\">Gospa VHKZ<\/td>\n<td width=\"95\">19<\/td>\n<td width=\"359\">+ iz ob. Tuka i Babi\u0107<\/td>\n<\/tr>\n<\/tbody>\n<\/table>\n<p>&nbsp;<\/p>\n<table>\n<tbody>\n<tr>\n<td colspan=\"4\" width=\"604\">Ponedjeljak, 11. studenoga<\/td>\n<\/tr>\n<tr>\n<td width=\"47\">7<\/td>\n<td width=\"255\">+ iz ob. Lovrinovi\u0107<\/td>\n<td width=\"38\">18<\/td>\n<td width=\"264\">+ iz ob. Karlu\u0161i\u0107<\/td>\n<\/tr>\n<tr>\n<td colspan=\"4\" width=\"604\">Utorak, 12. studenoga<\/td>\n<\/tr>\n<tr>\n<td width=\"47\">7<\/td>\n<td width=\"255\">+ An\u0111a, Anto, Tomislav i Nikola<\/td>\n<td width=\"38\">18<\/td>\n<td width=\"264\">+ iz ob. \u0160imunovi\u0107<\/td>\n<\/tr>\n<tr>\n<td colspan=\"4\" width=\"604\">Srijeda, 13. studenoga<\/td>\n<\/tr>\n<tr>\n<td width=\"47\">7<\/td>\n<td width=\"255\">+ Zdenko, Ante i Jela<\/td>\n<td width=\"38\">18<\/td>\n<td width=\"264\">Zahvalnica<\/td>\n<\/tr>\n<tr>\n<td colspan=\"4\" width=\"604\">\u010cetvrtak, 14. studenoga<\/td>\n<\/tr>\n<tr>\n<td width=\"47\">7<\/td>\n<td width=\"255\">\u010c.s. + Zvjezdana Bajan<\/td>\n<td width=\"38\">18<\/td>\n<td width=\"264\">+ Marija i Mirko \u017dabi\u0107<\/td>\n<\/tr>\n<tr>\n<td colspan=\"4\" width=\"604\">Petak, 15. studenoga<\/td>\n<\/tr>\n<tr>\n<td width=\"47\">7<\/td>\n<td width=\"255\">Za zdravlje<\/td>\n<td width=\"38\">18<\/td>\n<td width=\"264\">+ iz ob. Lu\u010di\u0107<\/td>\n<\/tr>\n<tr>\n<td colspan=\"4\" width=\"604\">Subota, 16. studenoga<\/td>\n<\/tr>\n<tr>\n<td width=\"47\">8<\/td>\n<td width=\"255\">+ Pavica \u0106uri\u0107<\/td>\n<td width=\"38\">18<\/td>\n<td width=\"264\">+ Petar i Danica \u010cutura<\/td>\n<\/tr>\n<\/tbody>\n<\/table>\n<p>&nbsp;<\/p>\n<table>\n<tbody>\n<tr>\n<td width=\"304\"><strong><u>\u017dupni vjeronauk u Gospinoj crkvi<\/u><\/strong><\/p>\n<p>Prvopri\u010desnici: utorak u 10 i 16 sati<\/p>\n<p>Krizmanici: \u010detvrtak, 10 i 15.45 i 16.30 sati<\/p>\n<p>Ministranti: subota u 10 sati<\/p>\n<p>Dje\u010dji zbor: subota u 11 sati<\/td>\n<td width=\"304\"><strong><u>Repeticije u samostanu sv. Ante &#8211; SUBOTA<\/u><\/strong><\/p>\n<p>10 sati:\u00a0 razredna nastava<\/p>\n<p>11 sati:\u00a0 engleski<\/p>\n<p>13 sati:\u00a0 matematika<\/p>\n<p>15 sati:\u00a0 hrvatski<\/td>\n<\/tr>\n<\/tbody>\n<\/table>\n<p>&nbsp;<\/p>\n<p>U slijede\u0107u nedjelju nakon ve\u010dernje mise u 18 sati, i\u0107i \u0107emo u procesiji \u2013 koloni sje\u0107anja sa zapaljenim svije\u0107ama u rukama do Trga A. Star\u010devi\u0107a gdje \u0107emo moliti molitvu za sve ubijene tijekom Domovinskoga rata, s posebnim naglaskom na ubijene u Vukovaru, \u0160kabrnji.<\/p>\n<p>Oni koji po obi\u010daju dolaze na mise nedjeljom u drugu satnicu, ako mogu neka se prilagode na ve\u010dernju misu u 18 sati. Molim vas da se u \u0161to ve\u0107em broju okupimo, neovisno kakvo \u0107e biti vrijeme, i da tako poka\u017eemo da svoju ubijenu bra\u0107u i sestre, tijekom Domovinskog rata, nikada ne\u0107emo zaboraviti.<\/p>\n","protected":false},"excerpt":{"rendered":"<p>Raspored svetih misa za 32. nedjelju KGC (10.11. \u2013 17. 11. 2019.)\u00a0 Crkva Satnica Nakana Sveti Ante 8 + pro populo Gospa VHKZ 9,30 + Niko i Janja Jerkovi\u0107 Gospa VHKZ 11 Fra Leon Migi\u0107 i fra Nikica Mili\u010devi\u0107 Gospa VHKZ 19 + iz ob. Tuka i Babi\u0107 &nbsp; Ponedjeljak, 11. studenoga 7 + iz ob. Lovrinovi\u0107 18 + iz ob. Karlu\u0161i\u0107 Utorak, 12. studenoga [&hellip;]<\/p>\n","protected":false},"author":2,"featured_media":524,"comment_status":"closed","ping_status":"closed","sticky":false,"template":"","format":"standard","meta":{"fifu_image_url":"","fifu_image_alt":"","footnotes":""},"categories":[6],"tags":[],"class_list":["post-593","post","type-post","status-publish","format-standard","has-post-thumbnail","hentry","category-zupne-obavijesti"],"_links":{"self":[{"href":"https:\/\/www.svetianteknin.com\/index.php?rest_route=\/wp\/v2\/posts\/593","targetHints":{"allow":["GET"]}}],"collection":[{"href":"https:\/\/www.svetianteknin.com\/index.php?rest_route=\/wp\/v2\/posts"}],"about":[{"href":"https:\/\/www.svetianteknin.com\/index.php?rest_route=\/wp\/v2\/types\/post"}],"author":[{"embeddable":true,"href":"https:\/\/www.svetianteknin.com\/index.php?rest_route=\/wp\/v2\/users\/2"}],"replies":[{"embeddable":true,"href":"https:\/\/www.svetianteknin.com\/index.php?rest_route=%2Fwp%2Fv2%2Fcomments&post=593"}],"version-history":[{"count":1,"href":"https:\/\/www.svetianteknin.com\/index.php?rest_route=\/wp\/v2\/posts\/593\/revisions"}],"predecessor-version":[{"id":594,"href":"https:\/\/www.svetianteknin.com\/index.php?rest_route=\/wp\/v2\/posts\/593\/revisions\/594"}],"wp:featuredmedia":[{"embeddable":true,"href":"https:\/\/www.svetianteknin.com\/index.php?rest_route=\/wp\/v2\/media\/524"}],"wp:attachment":[{"href":"https:\/\/www.svetianteknin.com\/index.php?rest_route=%2Fwp%2Fv2%2Fmedia&parent=593"}],"wp:term":[{"taxonomy":"category","embeddable":true,"href":"https:\/\/www.svetianteknin.com\/index.php?rest_route=%2Fwp%2Fv2%2Fcategories&post=593"},{"taxonomy":"post_tag","embeddable":true,"href":"https:\/\/www.svetianteknin.com\/index.php?rest_route=%2Fwp%2Fv2%2Ftags&post=593"}],"curies":[{"name":"wp","href":"https:\/\/api.w.org\/{rel}","templated":true}]}}