{"id":569,"date":"2019-10-30T09:23:26","date_gmt":"2019-10-30T08:23:26","guid":{"rendered":"http:\/\/www.svetianteknin.com\/?p=569"},"modified":"2019-11-02T12:06:37","modified_gmt":"2019-11-02T11:06:37","slug":"ofs-knin-izborni-kapitul","status":"publish","type":"post","link":"https:\/\/www.svetianteknin.com\/?p=569","title":{"rendered":"OFS Knin &#8211; izborni kapitul"},"content":{"rendered":"<p><strong>Knin: Izborni kapitul Franjeva\u010dkog svjetovnog reda mjesnog bratstva \u201eSv. Ante Padovanski\u201c \u2013 Knin <\/strong><\/p>\n<p>U subotu, 26. listopada 2019. u 10:00 sati u prostorijama franjeva\u010dkog samostana svetoga Ante u Kninu odr\u017ean je izborni kapitul Franjeva\u010dkog svjetovnog reda mjesnog bratstva \u201eSv. Ante Padovanski\u201c \u2013 Knin.<\/p>\n<p>Na po\u010detku je okupljene su pozdravili Bernard \u0160ari\u0107, ministar mjesnog bratstva, fra Josip Gotovac, gvardijan i duhovni asistent mjesnog bratstva OFS-a, Ante Labor, ministar podru\u010dnog bratstva te Fra Stipe Nimac, duhovni asistent podru\u010dnog bratstva.<\/p>\n<p>Izbornim je kapitulom predsjedao podru\u010dni ministar zadarsko-\u0161ibenskog podru\u010dnog bratstva\u00a0 Ante Labor, OFS, \u00a0te podru\u010dni duhovni asistent zadarsko-\u0161ibenskog podru\u010dnog bratstva fra Stipe Nimac, OFM, a na izbornom su kapitulu bili nazo\u010dni \u010dlanovi vije\u0107a mjesnoga bratstva, \u010dlanovi mjesnoga bratstva te jedan aspirant. Izborni je kapitul odr\u017ean prema Generalnim konstitucijama Franjeva\u010dkog svjetovnog reda, a sastojao od op\u0107eg dijela, izbornog dijela te je zavr\u0161io misnim slavljem na kojemu su novi \u010dlanovi vije\u0107a potvr\u0111eni i liturgijski uvedeni u novu slu\u017ebu:<\/p>\n<p>Dra\u017een Bari\u0161i\u0107, OFS \u2013 ministar<\/p>\n<p>Sandra Veli\u0107, OFS \u2013 doministra<\/p>\n<p>Karolina Ba\u0161karad, OFS \u2013 tajnica<\/p>\n<p>Dragan Mili\u010devi\u0107, OFS \u2013 blagajnik<\/p>\n<p>Bernard \u0160ari\u0107, OFS \u2013 voditelj formacije<\/p>\n<p>Anamari Grubeli\u0107, OFS \u2013 povjerenica za Framu<\/p>\n<p>Mjesno je bratstvo osim novoga vodstva dobilo i novoga \u010dlana. Ante D\u017eepina, OFS, \u00a0postao je novi \u010dlan mjesnoga bratstva, a njegovom se dolasku mjesno bratstvo osobito raduje, jer je svaki novi \u010dlan dobrodo\u0161ao i oboga\u0107enje za na\u0161e malo bratstvo.<\/p>\n<p>Ovom prilikom tako\u0111er \u017eelim potaknuti sve one koji su zainteresirani postati dio Franjeva\u010dkog svjetovnog reda da se jave na\u0161emu mjesnom duhovnom asistentu fra Josipu Gotovcu, OFM, koji \u0107e u\u010diniti sve daljnje korake da i ti brate i sestro postane\u0161 dio na\u0161ega mjesnoga bratstva.<\/p>\n<p style=\"text-align: right;\">Autor: Bernard \u0160ari\u0107<\/p>\n<p style=\"text-align: right;\">Foto: Mario Preden<\/p>\n\n\t\t<style type=\"text\/css\">\n\t\t\t#gallery-1 {\n\t\t\t\tmargin: auto;\n\t\t\t}\n\t\t\t#gallery-1 .gallery-item {\n\t\t\t\tfloat: left;\n\t\t\t\tmargin-top: 10px;\n\t\t\t\ttext-align: center;\n\t\t\t\twidth: 100%;\n\t\t\t}\n\t\t\t#gallery-1 img {\n\t\t\t\tborder: 2px solid #cfcfcf;\n\t\t\t}\n\t\t\t#gallery-1 .gallery-caption {\n\t\t\t\tmargin-left: 0;\n\t\t\t}\n\t\t\t\/* see gallery_shortcode() in wp-includes\/media.php *\/\n\t\t<\/style>\n\t\t<div id='gallery-1' class='gallery galleryid-569 gallery-columns-1 gallery-size-full'><dl class='gallery-item'>\n\t\t\t<dt class='gallery-icon landscape'>\n\t\t\t\t<a href='https:\/\/www.svetianteknin.com\/?attachment_id=574'><img loading=\"lazy\" decoding=\"async\" width=\"900\" height=\"427\" src=\"https:\/\/www.svetianteknin.com\/wp-content\/uploads\/2019\/10\/20191026_114948.jpg\" class=\"attachment-full size-full\" alt=\"\" srcset=\"https:\/\/www.svetianteknin.com\/wp-content\/uploads\/2019\/10\/20191026_114948.jpg 900w, https:\/\/www.svetianteknin.com\/wp-content\/uploads\/2019\/10\/20191026_114948-300x142.jpg 300w, https:\/\/www.svetianteknin.com\/wp-content\/uploads\/2019\/10\/20191026_114948-768x364.jpg 768w\" sizes=\"auto, (max-width: 900px) 100vw, 900px\" \/><\/a>\n\t\t\t<\/dt><\/dl><br style=\"clear: both\" \/><dl class='gallery-item'>\n\t\t\t<dt class='gallery-icon landscape'>\n\t\t\t\t<a href='https:\/\/www.svetianteknin.com\/?attachment_id=572'><img loading=\"lazy\" decoding=\"async\" width=\"900\" height=\"575\" src=\"https:\/\/www.svetianteknin.com\/wp-content\/uploads\/2019\/10\/20191026_114840.jpg\" class=\"attachment-full size-full\" alt=\"\" srcset=\"https:\/\/www.svetianteknin.com\/wp-content\/uploads\/2019\/10\/20191026_114840.jpg 900w, https:\/\/www.svetianteknin.com\/wp-content\/uploads\/2019\/10\/20191026_114840-300x192.jpg 300w, https:\/\/www.svetianteknin.com\/wp-content\/uploads\/2019\/10\/20191026_114840-768x491.jpg 768w\" sizes=\"auto, (max-width: 900px) 100vw, 900px\" \/><\/a>\n\t\t\t<\/dt><\/dl><br style=\"clear: both\" \/><dl class='gallery-item'>\n\t\t\t<dt class='gallery-icon landscape'>\n\t\t\t\t<a href='https:\/\/www.svetianteknin.com\/?attachment_id=575'><img loading=\"lazy\" decoding=\"async\" width=\"900\" height=\"427\" src=\"https:\/\/www.svetianteknin.com\/wp-content\/uploads\/2019\/10\/20191026_114957.jpg\" class=\"attachment-full size-full\" alt=\"\" srcset=\"https:\/\/www.svetianteknin.com\/wp-content\/uploads\/2019\/10\/20191026_114957.jpg 900w, https:\/\/www.svetianteknin.com\/wp-content\/uploads\/2019\/10\/20191026_114957-300x142.jpg 300w, https:\/\/www.svetianteknin.com\/wp-content\/uploads\/2019\/10\/20191026_114957-768x364.jpg 768w\" sizes=\"auto, (max-width: 900px) 100vw, 900px\" \/><\/a>\n\t\t\t<\/dt><\/dl><br style=\"clear: both\" \/><dl class='gallery-item'>\n\t\t\t<dt class='gallery-icon landscape'>\n\t\t\t\t<a href='https:\/\/www.svetianteknin.com\/?attachment_id=573'><img loading=\"lazy\" decoding=\"async\" width=\"900\" height=\"751\" src=\"https:\/\/www.svetianteknin.com\/wp-content\/uploads\/2019\/10\/20191026_114926.jpg\" class=\"attachment-full size-full\" alt=\"\" srcset=\"https:\/\/www.svetianteknin.com\/wp-content\/uploads\/2019\/10\/20191026_114926.jpg 900w, https:\/\/www.svetianteknin.com\/wp-content\/uploads\/2019\/10\/20191026_114926-300x250.jpg 300w, https:\/\/www.svetianteknin.com\/wp-content\/uploads\/2019\/10\/20191026_114926-768x641.jpg 768w\" sizes=\"auto, (max-width: 900px) 100vw, 900px\" \/><\/a>\n\t\t\t<\/dt><\/dl><br style=\"clear: both\" \/><dl class='gallery-item'>\n\t\t\t<dt class='gallery-icon portrait'>\n\t\t\t\t<a href='https:\/\/www.svetianteknin.com\/?attachment_id=571'><img loading=\"lazy\" decoding=\"async\" width=\"568\" height=\"900\" src=\"https:\/\/www.svetianteknin.com\/wp-content\/uploads\/2019\/10\/20191026_114757.jpg\" class=\"attachment-full size-full\" alt=\"\" srcset=\"https:\/\/www.svetianteknin.com\/wp-content\/uploads\/2019\/10\/20191026_114757.jpg 568w, https:\/\/www.svetianteknin.com\/wp-content\/uploads\/2019\/10\/20191026_114757-189x300.jpg 189w\" sizes=\"auto, (max-width: 568px) 100vw, 568px\" \/><\/a>\n\t\t\t<\/dt><\/dl><br style=\"clear: both\" \/><dl class='gallery-item'>\n\t\t\t<dt class='gallery-icon portrait'>\n\t\t\t\t<a href='https:\/\/www.svetianteknin.com\/?attachment_id=570'><img loading=\"lazy\" decoding=\"async\" width=\"616\" height=\"900\" src=\"https:\/\/www.svetianteknin.com\/wp-content\/uploads\/2019\/10\/20191026_114637.jpg\" class=\"attachment-full size-full\" alt=\"\" srcset=\"https:\/\/www.svetianteknin.com\/wp-content\/uploads\/2019\/10\/20191026_114637.jpg 616w, https:\/\/www.svetianteknin.com\/wp-content\/uploads\/2019\/10\/20191026_114637-205x300.jpg 205w\" sizes=\"auto, (max-width: 616px) 100vw, 616px\" \/><\/a>\n\t\t\t<\/dt><\/dl><br style=\"clear: both\" \/>\n\t\t<\/div>\n\n","protected":false},"excerpt":{"rendered":"<p>Knin: Izborni kapitul Franjeva\u010dkog svjetovnog reda mjesnog bratstva \u201eSv. Ante Padovanski\u201c \u2013 Knin U subotu, 26. listopada 2019. u 10:00 sati u prostorijama franjeva\u010dkog samostana svetoga Ante u Kninu odr\u017ean je izborni kapitul Franjeva\u010dkog svjetovnog reda mjesnog bratstva \u201eSv. Ante Padovanski\u201c \u2013 Knin. Na po\u010detku je okupljene su pozdravili Bernard \u0160ari\u0107, ministar mjesnog bratstva, fra Josip Gotovac, gvardijan i duhovni asistent mjesnog bratstva OFS-a, Ante [&hellip;]<\/p>\n","protected":false},"author":2,"featured_media":571,"comment_status":"closed","ping_status":"closed","sticky":false,"template":"","format":"standard","meta":{"fifu_image_url":"","fifu_image_alt":"","footnotes":""},"categories":[14,8],"tags":[],"class_list":["post-569","post","type-post","status-publish","format-standard","has-post-thumbnail","hentry","category-franjevastvo","category-vijesti"],"_links":{"self":[{"href":"https:\/\/www.svetianteknin.com\/index.php?rest_route=\/wp\/v2\/posts\/569","targetHints":{"allow":["GET"]}}],"collection":[{"href":"https:\/\/www.svetianteknin.com\/index.php?rest_route=\/wp\/v2\/posts"}],"about":[{"href":"https:\/\/www.svetianteknin.com\/index.php?rest_route=\/wp\/v2\/types\/post"}],"author":[{"embeddable":true,"href":"https:\/\/www.svetianteknin.com\/index.php?rest_route=\/wp\/v2\/users\/2"}],"replies":[{"embeddable":true,"href":"https:\/\/www.svetianteknin.com\/index.php?rest_route=%2Fwp%2Fv2%2Fcomments&post=569"}],"version-history":[{"count":4,"href":"https:\/\/www.svetianteknin.com\/index.php?rest_route=\/wp\/v2\/posts\/569\/revisions"}],"predecessor-version":[{"id":580,"href":"https:\/\/www.svetianteknin.com\/index.php?rest_route=\/wp\/v2\/posts\/569\/revisions\/580"}],"wp:featuredmedia":[{"embeddable":true,"href":"https:\/\/www.svetianteknin.com\/index.php?rest_route=\/wp\/v2\/media\/571"}],"wp:attachment":[{"href":"https:\/\/www.svetianteknin.com\/index.php?rest_route=%2Fwp%2Fv2%2Fmedia&parent=569"}],"wp:term":[{"taxonomy":"category","embeddable":true,"href":"https:\/\/www.svetianteknin.com\/index.php?rest_route=%2Fwp%2Fv2%2Fcategories&post=569"},{"taxonomy":"post_tag","embeddable":true,"href":"https:\/\/www.svetianteknin.com\/index.php?rest_route=%2Fwp%2Fv2%2Ftags&post=569"}],"curies":[{"name":"wp","href":"https:\/\/api.w.org\/{rel}","templated":true}]}}