{"id":550,"date":"2019-10-19T17:33:17","date_gmt":"2019-10-19T16:33:17","guid":{"rendered":"http:\/\/www.svetianteknin.com\/?p=550"},"modified":"2019-10-19T17:34:07","modified_gmt":"2019-10-19T16:34:07","slug":"misna-citanja-29-kgc-misijska-nedjelja-20-listopada-2019","status":"publish","type":"post","link":"https:\/\/www.svetianteknin.com\/?p=550","title":{"rendered":"Misna \u010ditanja, 29. KGC &#8211; misijska nedjelja, 20. listopada 2019"},"content":{"rendered":"<div class=\"omotek\">\n<div class=\"levo\">\n<p><strong>NAPOMENA:<\/strong><br \/>\n\u25aa Dana\u0161nja se nedjelja slavi kao &#8216;misijska&#8217; da bi se u vjernicima pobudila suodgovornost i vjerni\u010dka zauzetost za djelo evangelizacije.<\/p>\n<\/div>\n<p>U \u017dupi sv. Ante u Kninu, danas obilje\u017eavamo i &#8220;Dane kruha i zahvalnosti Bogu za plodove zemlje&#8221;<\/p>\n<div class=\"levo\">\n<p>&nbsp;<\/p>\n<p class=\"naslov\"><strong><img loading=\"lazy\" decoding=\"async\" class=\" wp-image-552 alignleft\" src=\"https:\/\/www.svetianteknin.com\/wp-content\/uploads\/2019\/10\/dani-kruha-300x225.jpg\" alt=\"\" width=\"247\" height=\"185\" srcset=\"https:\/\/www.svetianteknin.com\/wp-content\/uploads\/2019\/10\/dani-kruha-300x225.jpg 300w, https:\/\/www.svetianteknin.com\/wp-content\/uploads\/2019\/10\/dani-kruha-768x576.jpg 768w, https:\/\/www.svetianteknin.com\/wp-content\/uploads\/2019\/10\/dani-kruha.jpg 800w\" sizes=\"auto, (max-width: 247px) 100vw, 247px\" \/>Prvo \u010ditanje:<\/strong><\/p>\n<\/div>\n<div class=\"desno\"><\/div>\n<\/div>\n<div class=\"omotek-last\">\n<div class=\"desno\">\n<p>\u010citanje Knjige Izlaska<\/p>\n<p>U one dane: Do\u0111u Amale\u010dani i zarate s Izraelcima kod Refidima. A Mojsije re\u010de Jo\u0161ui: \u00bbOdaberi mom\u010dad pa po\u0111i i zapodjeni borbu s Amale\u010danima. Ja \u0107u sutra stati na vrh brda, sa \u0161tapom Bo\u017ejim u ruci.\u00ab Jo\u0161ua u\u010dini kako mu je Mojsije rekao te zapodjene borbu s Amale\u010danima, a Mojsije, Aron i Hur uza\u0111o\u0161e na vrh brda. I dok bi Mojsije dr\u017eao ruke uzdignute, Izraelci bi nadja\u010davali; a kad bi ruke spustio, nadja\u010davali bi Amale\u010dani. Ali Mojsiju ruke napokon ote\u017ea\u0161e. Zato uze\u0161e kamen, stavi\u0161e ga poda nj i on sjede na nj, a Aron i Hur, jedan s jedne, a drugi s druge strane, dr\u017eahu ruke, tako da mu izdr\u017ea\u0161e do sun\u010danog zalaska. I Jo\u0161ua o\u0161tricom ma\u010da svlada Amaleka i njegov narod.<\/p>\n<div class=\"tekst_separator_razmak\"><\/div>\n<p>Rije\u010d Gospodnja.<\/p>\n<\/div>\n<\/div>\n<div class=\"omotek\">\n<div class=\"levo\">\n<p>&nbsp;<\/p>\n<p class=\"naslov\"><strong>Otpjevni psalam:<\/strong><\/p>\n<\/div>\n<\/div>\n<div class=\"omotek\">\n<div class=\"levo\">\n<p><strong>Pripjev:<\/strong><\/p>\n<\/div>\n<div class=\"desno2\">\n<p>Pomo\u0107 je na\u0161a u imenu Gospodina koji stvori nebo i zemlju.<\/p>\n<\/div>\n<\/div>\n<div class=\"omotek-last\">\n<div class=\"levo\">\n<p><strong>\u00a0<\/strong><\/p>\n<\/div>\n<div class=\"desno\">\n<p>K brdima o\u010di svoje uzdi\u017eem:<br \/>\nodakle \u0107e mi do\u0107i pomo\u0107?<br \/>\nPomo\u0107 je moja od Gospodina<br \/>\nkoji stvori nebo i zemlju.<\/p>\n<p>Tvojoj nozi on posrnuti ne da<br \/>\ni ne\u0107e zadrijemati on, \u010duvar tvoj.<br \/>\nNe, ne drijema i ne spava<br \/>\non, \u010duvar Izraelov.<\/p>\n<p>Gospodin je \u010duvar tvoj,<br \/>\nGospodin je zasjen tvoj s desne tvoje!<br \/>\nNe\u0107e ti sunce nauditi danju<br \/>\nni mjesec no\u0107u.<\/p>\n<p>\u010cuvao te Gospodin od zla svakoga,<br \/>\n\u010duvao du\u0161u tvoju!<br \/>\n\u010cuvao Gospodin tvoj izlazak i povratak<br \/>\nodsada dovijeka!<\/p>\n<\/div>\n<\/div>\n<div class=\"omotek\">\n<div class=\"levo\">\n<p>&nbsp;<\/p>\n<p class=\"naslov\"><strong>Drugo \u010ditanje:<\/strong><\/p>\n<\/div>\n<div class=\"desno\"><\/div>\n<\/div>\n<div class=\"omotek-last\">\n<div class=\"desno\">\n<p>\u010citanje Druge poslanice svetoga Pavla apostola Timoteju<\/p>\n<div class=\"tekst_separator_razmak\"><\/div>\n<p>Predragi: Ostani u onome u \u010demu si pou\u010den i \u010demu si vjeru dao, svjestan od koga si sve pou\u010den i da od malena poznaje\u0161 Sveta pisma koja su vrsna u\u010diniti te mudrim tebi na spasenje po vjeri, vjeri u Kristu Isusu.<\/p>\n<p>Sve Pismo, bogoduho, korisno je za pou\u010davanje, uvjeravanje, popravljanje, odgajanje u pravednosti, da \u010dovjek Bo\u017eji bude vrstan, za svako dobro djelo podoban.<\/p>\n<p>Zaklinjem te pred Bogom i Kristom Isusom, koji \u0107e suditi \u017eive i mrtve, zaklinjem te pojavkom njegovim i kraljevstvom njegovim: propovijedaj rije\u010d, uporan budi \u2013 bilo to zgodno ili nezgodno \u2013 uvjeravaj, prijeti, zapovijedaj sa svom strpljivo\u0161\u0107u i poukom.<\/p>\n<p>Rije\u010d Gospodnja.<\/p>\n<\/div>\n<\/div>\n<div class=\"omotek\">\n<div class=\"levo\">\n<p>&nbsp;<\/p>\n<p class=\"naslov\"><strong>Evan\u0111elje:<\/strong><\/p>\n<\/div>\n<\/div>\n<div class=\"omotek\">\n<div class=\"desno\">\n<p>\u010citanje svetog Evan\u0111elja po Luki<\/p>\n<p>U ono vrijeme: Kaza Isus svojim u\u010denicima prispodobu kako valja svagda moliti i nikada ne sustati:<\/p>\n<p>\u00bbU nekom gradu bio sudac. Boga se nije bojao, za ljude nije mario. U tom gradu bija\u0161e i neka udovica. Dolazila k njemu i molila: \u2019Obrani me od mog tu\u017eitelja!\u2019 No on ne htjede zadugo. Napokon re\u010de u sebi: \u2019Iako se Boga ne bojim nit za ljude marim, ipak, jer mi udovica ova dodijava, obranit \u0107u je da vje\u010dno ne dolazi mu\u010diti me.\u2019\u00ab<\/p>\n<p>Nato re\u010de Gospodin: \u00bb\u010cujte \u0161to govori nepravedni sudac! Ne\u0107e li onda Bog obraniti svoje izabrane koji dan i no\u0107 vape k njemu sve ako i odga\u0111a stvar njihovu? Ka\u017eem vam, ustat \u0107e \u017eurno na njihovu obranu. Ali kad Sin \u010covje\u010dji do\u0111e, ho\u0107e li na\u0107i vjere na zemlji?\u00ab<\/p>\n<p>Rije\u010d Gospodnja<\/p>\n<\/div>\n<\/div>\n","protected":false},"excerpt":{"rendered":"<p>NAPOMENA: \u25aa Dana\u0161nja se nedjelja slavi kao &#8216;misijska&#8217; da bi se u vjernicima pobudila suodgovornost i vjerni\u010dka zauzetost za djelo evangelizacije. U \u017dupi sv. Ante u Kninu, danas obilje\u017eavamo i &#8220;Dane kruha i zahvalnosti Bogu za plodove zemlje&#8221; &nbsp; Prvo \u010ditanje: \u010citanje Knjige Izlaska U one dane: Do\u0111u Amale\u010dani i zarate s Izraelcima kod Refidima. A Mojsije re\u010de Jo\u0161ui: \u00bbOdaberi mom\u010dad pa po\u0111i i zapodjeni [&hellip;]<\/p>\n","protected":false},"author":2,"featured_media":551,"comment_status":"closed","ping_status":"closed","sticky":false,"template":"","format":"standard","meta":{"fifu_image_url":"","fifu_image_alt":"","footnotes":""},"categories":[15],"tags":[],"class_list":["post-550","post","type-post","status-publish","format-standard","has-post-thumbnail","hentry","category-liturgija-dana-nedjeljna-citanja"],"_links":{"self":[{"href":"https:\/\/www.svetianteknin.com\/index.php?rest_route=\/wp\/v2\/posts\/550","targetHints":{"allow":["GET"]}}],"collection":[{"href":"https:\/\/www.svetianteknin.com\/index.php?rest_route=\/wp\/v2\/posts"}],"about":[{"href":"https:\/\/www.svetianteknin.com\/index.php?rest_route=\/wp\/v2\/types\/post"}],"author":[{"embeddable":true,"href":"https:\/\/www.svetianteknin.com\/index.php?rest_route=\/wp\/v2\/users\/2"}],"replies":[{"embeddable":true,"href":"https:\/\/www.svetianteknin.com\/index.php?rest_route=%2Fwp%2Fv2%2Fcomments&post=550"}],"version-history":[{"count":2,"href":"https:\/\/www.svetianteknin.com\/index.php?rest_route=\/wp\/v2\/posts\/550\/revisions"}],"predecessor-version":[{"id":554,"href":"https:\/\/www.svetianteknin.com\/index.php?rest_route=\/wp\/v2\/posts\/550\/revisions\/554"}],"wp:featuredmedia":[{"embeddable":true,"href":"https:\/\/www.svetianteknin.com\/index.php?rest_route=\/wp\/v2\/media\/551"}],"wp:attachment":[{"href":"https:\/\/www.svetianteknin.com\/index.php?rest_route=%2Fwp%2Fv2%2Fmedia&parent=550"}],"wp:term":[{"taxonomy":"category","embeddable":true,"href":"https:\/\/www.svetianteknin.com\/index.php?rest_route=%2Fwp%2Fv2%2Fcategories&post=550"},{"taxonomy":"post_tag","embeddable":true,"href":"https:\/\/www.svetianteknin.com\/index.php?rest_route=%2Fwp%2Fv2%2Ftags&post=550"}],"curies":[{"name":"wp","href":"https:\/\/api.w.org\/{rel}","templated":true}]}}