{"id":507,"date":"2019-10-12T20:09:49","date_gmt":"2019-10-12T19:09:49","guid":{"rendered":"http:\/\/www.svetianteknin.com\/?p=507"},"modified":"2019-10-12T20:09:49","modified_gmt":"2019-10-12T19:09:49","slug":"zupne-obavijesti-nedjelja-13-rujna-2019","status":"publish","type":"post","link":"https:\/\/www.svetianteknin.com\/?p=507","title":{"rendered":"\u017dupne obavijesti, nedjelja, 13. rujna 2019."},"content":{"rendered":"<p><strong><u>\u017dupni vjeronauk u Gospinoj crkvi<\/u><\/strong><\/p>\n<p>Prvopri\u010desnici: utorak u 10 i 16 sati<\/p>\n<p>Krizmanici: \u010detvrtak, 10 i 15.45 i 16.30 sati<\/p>\n<p>Ministranti: subota u 10 sati<\/p>\n<p>Dje\u010dji zbor: subota u 11 sati<\/p>\n<p>&nbsp;<\/p>\n<p>U tijeku je akcija molitve <strong>\u201e40 dana za \u017eivot\u201c<\/strong> ispred bolnice. Pozvani smo \u0161tititi \u017eivot od za\u010de\u0107a do smrti. Na pitanju za\u0161tite nero\u0111ene djece stoji ili pada na\u0161a vjera.<\/p>\n<p>&nbsp;<\/p>\n<p><strong>Zaru\u010dni\u010dki te\u010daj:<\/strong> od 21. 10. \u2013 25. 10. 2019. u 20 sati<\/p>\n<p>&nbsp;<\/p>\n<p>U slijede\u0107u nedjelju u na\u0161oj \u017eupi obilje\u017eavamo \u201e<strong>Dane kruha i zahvalnosti Bogu za plodove zemlje\u201c<\/strong><\/p>\n<p>&nbsp;<\/p>\n<p><strong><u>\u2013 Hodo\u010da\u0161\u0107e<\/u><\/strong><\/p>\n<p>mjesec je listopad \u2013 hodo\u010da\u0161\u0107e u Krasno, subota, 26. 10.2019.<\/p>\n<p>&nbsp;<\/p>\n<p><strong><u>\u2013\u00a0 repeticije u samostanu sv. Ante &#8211; SUBOTA<\/u><\/strong><\/p>\n<p>9 sati:\u00a0 razredna nastava<\/p>\n<p>11 sati:\u00a0 engleski<\/p>\n<p>13 sati:\u00a0 matematika<\/p>\n<p>15 sati:\u00a0 hrvatski<\/p>\n","protected":false},"excerpt":{"rendered":"<p>\u017dupni vjeronauk u Gospinoj crkvi Prvopri\u010desnici: utorak u 10 i 16 sati Krizmanici: \u010detvrtak, 10 i 15.45 i 16.30 sati Ministranti: subota u 10 sati Dje\u010dji zbor: subota u 11 sati &nbsp; U tijeku je akcija molitve \u201e40 dana za \u017eivot\u201c ispred bolnice. Pozvani smo \u0161tititi \u017eivot od za\u010de\u0107a do smrti. Na pitanju za\u0161tite nero\u0111ene djece stoji ili pada na\u0161a vjera. &nbsp; Zaru\u010dni\u010dki te\u010daj: od [&hellip;]<\/p>\n","protected":false},"author":2,"featured_media":436,"comment_status":"closed","ping_status":"closed","sticky":false,"template":"","format":"standard","meta":{"fifu_image_url":"","fifu_image_alt":"","footnotes":""},"categories":[6],"tags":[],"class_list":["post-507","post","type-post","status-publish","format-standard","has-post-thumbnail","hentry","category-zupne-obavijesti"],"_links":{"self":[{"href":"https:\/\/www.svetianteknin.com\/index.php?rest_route=\/wp\/v2\/posts\/507","targetHints":{"allow":["GET"]}}],"collection":[{"href":"https:\/\/www.svetianteknin.com\/index.php?rest_route=\/wp\/v2\/posts"}],"about":[{"href":"https:\/\/www.svetianteknin.com\/index.php?rest_route=\/wp\/v2\/types\/post"}],"author":[{"embeddable":true,"href":"https:\/\/www.svetianteknin.com\/index.php?rest_route=\/wp\/v2\/users\/2"}],"replies":[{"embeddable":true,"href":"https:\/\/www.svetianteknin.com\/index.php?rest_route=%2Fwp%2Fv2%2Fcomments&post=507"}],"version-history":[{"count":1,"href":"https:\/\/www.svetianteknin.com\/index.php?rest_route=\/wp\/v2\/posts\/507\/revisions"}],"predecessor-version":[{"id":508,"href":"https:\/\/www.svetianteknin.com\/index.php?rest_route=\/wp\/v2\/posts\/507\/revisions\/508"}],"wp:featuredmedia":[{"embeddable":true,"href":"https:\/\/www.svetianteknin.com\/index.php?rest_route=\/wp\/v2\/media\/436"}],"wp:attachment":[{"href":"https:\/\/www.svetianteknin.com\/index.php?rest_route=%2Fwp%2Fv2%2Fmedia&parent=507"}],"wp:term":[{"taxonomy":"category","embeddable":true,"href":"https:\/\/www.svetianteknin.com\/index.php?rest_route=%2Fwp%2Fv2%2Fcategories&post=507"},{"taxonomy":"post_tag","embeddable":true,"href":"https:\/\/www.svetianteknin.com\/index.php?rest_route=%2Fwp%2Fv2%2Ftags&post=507"}],"curies":[{"name":"wp","href":"https:\/\/api.w.org\/{rel}","templated":true}]}}