{"id":3310,"date":"2026-06-03T19:56:40","date_gmt":"2026-06-03T18:56:40","guid":{"rendered":"https:\/\/www.svetianteknin.com\/?p=3310"},"modified":"2026-06-03T19:57:14","modified_gmt":"2026-06-03T18:57:14","slug":"zupne-obavijesti-31-svibnja-6-lipnja-2026","status":"publish","type":"post","link":"https:\/\/www.svetianteknin.com\/?p=3310","title":{"rendered":"\u017dupne obavijesti: 31. svibnja \u2013 6. lipnja 2026."},"content":{"rendered":"<ul>\n<li>Ponedjeljak 1. lipnja- Sv. Justin, mu\u010denik &#8211; spomendan<\/li>\n<li>Utorak 2. lipnja \u201312. utorak sv. Anti. U 18:45 molimo krunicu sv. Anti. U 19 sati sv. misa i prigodna propovijed. Sv. misu predvodi mons. Tomislav Suboti\u010danec, generalni vikar \u0160ibenske biskupije.<\/li>\n<li>Srijeda 3. lipnja \u2013Sv. Karlo Lwanga i drugovi, mu\u010denici \u2013 spomendan. Ve\u010dernju misu slavimo u crkvi sv. Ante. Mogu\u010dnost potpunog oprosta.<\/li>\n<li>\u010cetvrtak 4. lipnja \u2013 Tijelovo, zapovjedna svetkovina. Sv. mise. 8 (sv. Ante), 9:30 i 19 sati. Nakon mise u 9:30 tijelovska procesija. Ujedno i zapo\u010dinje devetnica sv. Anti. Od 18:30 mogu\u0107nost za ispovijed. Svake ve\u010deri u 18:45 molimo krunicu sv. Anti a makon toga sv. misa sa prigodnom propovijedi. Prva tri dana devetnice sv. mise predvodi i propovijeda fra Antonio Mravak, \u017eupnik Gospe Sinjske.<\/li>\n<li>Petak, 5. lipnja \u2013 Sv. Bonefacije, biskup i mu\u010denik. PRVI PETAK. Od 18.30 mogu\u0107nost za ispovijed a nakon ve\u010dernje mise cjelono\u0107no klanjanje.<\/li>\n<li>Subota, 6. lipnja \u2013 U Kninu \u0107e se odr\u017eati susret ministranata na razini na\u0161e Provincije.<\/li>\n<\/ul>\n","protected":false},"excerpt":{"rendered":"<p>Ponedjeljak 1. lipnja- Sv. Justin, mu\u010denik &#8211; spomendan Utorak 2. lipnja \u201312. utorak sv. Anti. U 18:45 molimo krunicu sv. Anti. U 19 sati sv. misa i prigodna propovijed. Sv. misu predvodi mons. Tomislav Suboti\u010danec, generalni vikar \u0160ibenske biskupije. Srijeda 3. lipnja \u2013Sv. Karlo Lwanga i drugovi, mu\u010denici \u2013 spomendan. Ve\u010dernju misu slavimo u crkvi sv. Ante. Mogu\u010dnost potpunog oprosta. \u010cetvrtak 4. lipnja \u2013 Tijelovo, [&hellip;]<\/p>\n","protected":false},"author":2,"featured_media":2831,"comment_status":"closed","ping_status":"closed","sticky":false,"template":"","format":"standard","meta":{"fifu_image_url":"","fifu_image_alt":"","footnotes":""},"categories":[6],"tags":[],"class_list":["post-3310","post","type-post","status-publish","format-standard","has-post-thumbnail","hentry","category-zupne-obavijesti"],"_links":{"self":[{"href":"https:\/\/www.svetianteknin.com\/index.php?rest_route=\/wp\/v2\/posts\/3310","targetHints":{"allow":["GET"]}}],"collection":[{"href":"https:\/\/www.svetianteknin.com\/index.php?rest_route=\/wp\/v2\/posts"}],"about":[{"href":"https:\/\/www.svetianteknin.com\/index.php?rest_route=\/wp\/v2\/types\/post"}],"author":[{"embeddable":true,"href":"https:\/\/www.svetianteknin.com\/index.php?rest_route=\/wp\/v2\/users\/2"}],"replies":[{"embeddable":true,"href":"https:\/\/www.svetianteknin.com\/index.php?rest_route=%2Fwp%2Fv2%2Fcomments&post=3310"}],"version-history":[{"count":2,"href":"https:\/\/www.svetianteknin.com\/index.php?rest_route=\/wp\/v2\/posts\/3310\/revisions"}],"predecessor-version":[{"id":3312,"href":"https:\/\/www.svetianteknin.com\/index.php?rest_route=\/wp\/v2\/posts\/3310\/revisions\/3312"}],"wp:featuredmedia":[{"embeddable":true,"href":"https:\/\/www.svetianteknin.com\/index.php?rest_route=\/wp\/v2\/media\/2831"}],"wp:attachment":[{"href":"https:\/\/www.svetianteknin.com\/index.php?rest_route=%2Fwp%2Fv2%2Fmedia&parent=3310"}],"wp:term":[{"taxonomy":"category","embeddable":true,"href":"https:\/\/www.svetianteknin.com\/index.php?rest_route=%2Fwp%2Fv2%2Fcategories&post=3310"},{"taxonomy":"post_tag","embeddable":true,"href":"https:\/\/www.svetianteknin.com\/index.php?rest_route=%2Fwp%2Fv2%2Ftags&post=3310"}],"curies":[{"name":"wp","href":"https:\/\/api.w.org\/{rel}","templated":true}]}}