{"id":3302,"date":"2026-05-02T15:38:35","date_gmt":"2026-05-02T14:38:35","guid":{"rendered":"https:\/\/www.svetianteknin.com\/?p=3302"},"modified":"2026-05-02T15:38:35","modified_gmt":"2026-05-02T14:38:35","slug":"zupne-obavijesti-3-svibnja-9-svibnja-2026","status":"publish","type":"post","link":"https:\/\/www.svetianteknin.com\/?p=3302","title":{"rendered":"\u017dupne obavijesti: 3. svibnja \u2013 9.svibnja 2026."},"content":{"rendered":"<ul>\n<li>Ponedjeljak 4. svibnja \u2013 Sv. Julijan iz Bala &#8211; spomendan<\/li>\n<li>Utorak 5 svibnja. &#8211; 8. utorak sv. Anti. U 18:45 molimo krunicu sv. Anti. U 19 sati sv. misa i prigodna propovijed. Sv. misu predvodi fra Marinko Vukman, gvardijan samostana i rektor bazilike Gospe Sinjske .<\/li>\n<li>Srijeda 6. svibnja \u2013Ve\u010dernju misu slavimo u crkvi sv. Ante. Mogu\u010dnost potpunog oprosta.<\/li>\n<li>\u010cetvrtak 7. svibnja \u2013 nakon ve\u010dernje mise klanjanje.<\/li>\n<li>Subota 9. svibnja \u2013 Hodo\u010da\u0161\u0107e na\u0161e \u017eupe na Trsat. Polazak u 5:30 ispred Gospine crkve. Ima jo\u0161 slobodnih mjesta.<\/li>\n<li>Najavljujemo zaru\u010dni\u010dki te\u010daj od 4. do 6. svibnja. Prijava nije potrebna<\/li>\n<li>Najavljujemo hodo\u010da\u0161\u0107e na Visovac 30. svibnja povodom 800. obljetnice smrti sv. Franje. Taj dan na Visovcu \u0107e biti sredi\u0161nja proslava na razini \u0160ibenske biskupije, te \u0107e se okupiti vjernici svih \u017eupa koje su povjerenje franjevcima u na\u0161oj biskupiji. Prijave u sakristiji nakon misa ili u \u017eupnom uredu. Cijena 10 eura.<\/li>\n<li>Najavljujemo Hod za \u017eivot koji \u0107e se odr\u017eati 23. svibnja u 18 sati. Po\u010detak programa je ispred Gospine crkve. Pozivamo vas da se priklju\u010dite<\/li>\n<\/ul>\n","protected":false},"excerpt":{"rendered":"<p>Ponedjeljak 4. svibnja \u2013 Sv. Julijan iz Bala &#8211; spomendan Utorak 5 svibnja. &#8211; 8. utorak sv. Anti. U 18:45 molimo krunicu sv. Anti. U 19 sati sv. misa i prigodna propovijed. Sv. misu predvodi fra Marinko Vukman, gvardijan samostana i rektor bazilike Gospe Sinjske . Srijeda 6. svibnja \u2013Ve\u010dernju misu slavimo u crkvi sv. Ante. Mogu\u010dnost potpunog oprosta. \u010cetvrtak 7. svibnja \u2013 nakon ve\u010dernje [&hellip;]<\/p>\n","protected":false},"author":2,"featured_media":101,"comment_status":"closed","ping_status":"closed","sticky":false,"template":"","format":"standard","meta":{"fifu_image_url":"","fifu_image_alt":"","footnotes":""},"categories":[6],"tags":[],"class_list":["post-3302","post","type-post","status-publish","format-standard","has-post-thumbnail","hentry","category-zupne-obavijesti"],"_links":{"self":[{"href":"https:\/\/www.svetianteknin.com\/index.php?rest_route=\/wp\/v2\/posts\/3302","targetHints":{"allow":["GET"]}}],"collection":[{"href":"https:\/\/www.svetianteknin.com\/index.php?rest_route=\/wp\/v2\/posts"}],"about":[{"href":"https:\/\/www.svetianteknin.com\/index.php?rest_route=\/wp\/v2\/types\/post"}],"author":[{"embeddable":true,"href":"https:\/\/www.svetianteknin.com\/index.php?rest_route=\/wp\/v2\/users\/2"}],"replies":[{"embeddable":true,"href":"https:\/\/www.svetianteknin.com\/index.php?rest_route=%2Fwp%2Fv2%2Fcomments&post=3302"}],"version-history":[{"count":1,"href":"https:\/\/www.svetianteknin.com\/index.php?rest_route=\/wp\/v2\/posts\/3302\/revisions"}],"predecessor-version":[{"id":3303,"href":"https:\/\/www.svetianteknin.com\/index.php?rest_route=\/wp\/v2\/posts\/3302\/revisions\/3303"}],"wp:featuredmedia":[{"embeddable":true,"href":"https:\/\/www.svetianteknin.com\/index.php?rest_route=\/wp\/v2\/media\/101"}],"wp:attachment":[{"href":"https:\/\/www.svetianteknin.com\/index.php?rest_route=%2Fwp%2Fv2%2Fmedia&parent=3302"}],"wp:term":[{"taxonomy":"category","embeddable":true,"href":"https:\/\/www.svetianteknin.com\/index.php?rest_route=%2Fwp%2Fv2%2Fcategories&post=3302"},{"taxonomy":"post_tag","embeddable":true,"href":"https:\/\/www.svetianteknin.com\/index.php?rest_route=%2Fwp%2Fv2%2Ftags&post=3302"}],"curies":[{"name":"wp","href":"https:\/\/api.w.org\/{rel}","templated":true}]}}