{"id":3265,"date":"2026-02-28T21:20:52","date_gmt":"2026-02-28T20:20:52","guid":{"rendered":"https:\/\/www.svetianteknin.com\/?p=3265"},"modified":"2026-02-28T21:20:52","modified_gmt":"2026-02-28T20:20:52","slug":"zupne-obavijesti-1-ozujka-7-ozujka-2026","status":"publish","type":"post","link":"https:\/\/www.svetianteknin.com\/?p=3265","title":{"rendered":"\u017dupne obavijesti 1. o\u017eujka \u2013 7 .o\u017eujka 2026."},"content":{"rendered":"<ul>\n<li>Ponedjeljak 2. o\u017eujka \u2013 Probe glumaca za Muku u 19 sati u samostanu.<\/li>\n<li>Utorak 3. o\u017eujka \u2013Ve\u010dernju misu slavimo u crkvi sv. Ante. Mogu\u0107nost potpunog oprosta.<\/li>\n<li>Srijeda 4. o\u017eujka \u2013 7\/9 srijeda pred svetkovinu sv. Josipa. U 17:30 molimo krunicu sv. Josipu. U 18 sati sv. misa s prigodnom propovijedi.<\/li>\n<li>\u010cetvrtak 5. o\u017eujka \u2013 Nakon ve\u010dernje mise nema klanjanja.<\/li>\n<li>Petak o\u017eujka \u2013 3. korizmeni petak, prvi petak u mjesecu. U 17:15 kri\u017eni put i mogu\u0107nost za ispovijed. U 18 sati sv. misa i prigodna korizmena propovijed. Ovogodi\u0161nji korizmeni propovjednik je fra \u0160imun Bilokapi\u0107, prof. na KBF-u u Splitu. Nakon ve\u010dernje mise cijelono\u0107no klanjanje<\/li>\n<li>Subota 7 o\u017eujka \u2013 Korizmena duhovna obnova u na\u0161oj \u017eupi. Voditelj duhovne obnove je fra Stjepan Br\u010dina. U 17:30 molitva krunice i ispovijed. U 18 sati sv. misa a nakon mise klanjanje i slavljenje<\/li>\n<li>Neokatekumenski put u na\u0161oj \u017eupi organizira kateheze. Kateheze su ponedjeljkom i srijedom u 19 sati u dvorani Gospine crkve.<\/li>\n<\/ul>\n","protected":false},"excerpt":{"rendered":"<p>Ponedjeljak 2. o\u017eujka \u2013 Probe glumaca za Muku u 19 sati u samostanu. Utorak 3. o\u017eujka \u2013Ve\u010dernju misu slavimo u crkvi sv. Ante. Mogu\u0107nost potpunog oprosta. Srijeda 4. o\u017eujka \u2013 7\/9 srijeda pred svetkovinu sv. Josipa. U 17:30 molimo krunicu sv. Josipu. U 18 sati sv. misa s prigodnom propovijedi. \u010cetvrtak 5. o\u017eujka \u2013 Nakon ve\u010dernje mise nema klanjanja. Petak o\u017eujka \u2013 3. korizmeni petak, [&hellip;]<\/p>\n","protected":false},"author":2,"featured_media":3266,"comment_status":"closed","ping_status":"closed","sticky":false,"template":"","format":"standard","meta":{"fifu_image_url":"","fifu_image_alt":"","footnotes":""},"categories":[6],"tags":[],"class_list":["post-3265","post","type-post","status-publish","format-standard","has-post-thumbnail","hentry","category-zupne-obavijesti"],"_links":{"self":[{"href":"https:\/\/www.svetianteknin.com\/index.php?rest_route=\/wp\/v2\/posts\/3265","targetHints":{"allow":["GET"]}}],"collection":[{"href":"https:\/\/www.svetianteknin.com\/index.php?rest_route=\/wp\/v2\/posts"}],"about":[{"href":"https:\/\/www.svetianteknin.com\/index.php?rest_route=\/wp\/v2\/types\/post"}],"author":[{"embeddable":true,"href":"https:\/\/www.svetianteknin.com\/index.php?rest_route=\/wp\/v2\/users\/2"}],"replies":[{"embeddable":true,"href":"https:\/\/www.svetianteknin.com\/index.php?rest_route=%2Fwp%2Fv2%2Fcomments&post=3265"}],"version-history":[{"count":1,"href":"https:\/\/www.svetianteknin.com\/index.php?rest_route=\/wp\/v2\/posts\/3265\/revisions"}],"predecessor-version":[{"id":3267,"href":"https:\/\/www.svetianteknin.com\/index.php?rest_route=\/wp\/v2\/posts\/3265\/revisions\/3267"}],"wp:featuredmedia":[{"embeddable":true,"href":"https:\/\/www.svetianteknin.com\/index.php?rest_route=\/wp\/v2\/media\/3266"}],"wp:attachment":[{"href":"https:\/\/www.svetianteknin.com\/index.php?rest_route=%2Fwp%2Fv2%2Fmedia&parent=3265"}],"wp:term":[{"taxonomy":"category","embeddable":true,"href":"https:\/\/www.svetianteknin.com\/index.php?rest_route=%2Fwp%2Fv2%2Fcategories&post=3265"},{"taxonomy":"post_tag","embeddable":true,"href":"https:\/\/www.svetianteknin.com\/index.php?rest_route=%2Fwp%2Fv2%2Ftags&post=3265"}],"curies":[{"name":"wp","href":"https:\/\/api.w.org\/{rel}","templated":true}]}}