{"id":3228,"date":"2025-11-23T11:23:06","date_gmt":"2025-11-23T10:23:06","guid":{"rendered":"https:\/\/www.svetianteknin.com\/?p=3228"},"modified":"2025-11-23T11:23:06","modified_gmt":"2025-11-23T10:23:06","slug":"zupne-obavijesti-23-studenog-29-studenog-2025","status":"publish","type":"post","link":"https:\/\/www.svetianteknin.com\/?p=3228","title":{"rendered":"\u017dupne obavijesti 23. studenog \u2013 29.studenog 2025."},"content":{"rendered":"<ul>\n<li>Ponedjeljak 24. studenog \u2013 Sv. Andrija Dung \u2013 Lac i drugovi &#8211; spomendan<\/li>\n<li>Srijeda 26. studenog \u2013 Sv. Leonardo Portomauricijski. prezbiter &#8211; spomendan<\/li>\n<li>\u010cetvrtak 27. studenog \u2013 Sv. Franjo Antun Fasani, przbiter \u2013 spomendan. Nakon ve\u010dernje mise klanjanje<\/li>\n<li>Petak 28. studenog &#8211;\u00a0 Jakov Markijski, przbiter\u00a0 &#8211; spomendan<\/li>\n<li>Subota 29. studenog \u2013 SVI SVETI FRANJEVA\u010cKOG REDA &#8211; blagdan<\/li>\n<li>Prvopri\u010desnici: utorak u 9 ili 17<\/li>\n<li>Krizmanici: umjesto vjeronauka susret Hrvatskog nadzemlja<\/li>\n<li>Karizmatska zajednica: srijedom nakon ve\u010dernje mise<\/li>\n<li>OFS: \u010detvrtkom u 16:45<\/li>\n<li>Frama: \u010detvrtkom u 19:30<\/li>\n<li>Ministranti: subotom u 11<\/li>\n<li>Dje\u010diji zbor: subotom u 11<\/li>\n<li>U petak 28. studenog u 20 sati odr\u017eat \u0107e se suset Hrvatskog nadzemlja. Posebno pozivamo mlade da do\u0111u i da se priklju\u010de susretu<\/li>\n<li>Od 1. 12. kre\u0107emo s blagoslovom obitelji. Raspored mo\u017eete vidjeti na izlazu iz crkve ili na na\u0161oj web stranici.<\/li>\n<\/ul>\n","protected":false},"excerpt":{"rendered":"<p>Ponedjeljak 24. studenog \u2013 Sv. Andrija Dung \u2013 Lac i drugovi &#8211; spomendan Srijeda 26. studenog \u2013 Sv. Leonardo Portomauricijski. prezbiter &#8211; spomendan \u010cetvrtak 27. studenog \u2013 Sv. Franjo Antun Fasani, przbiter \u2013 spomendan. Nakon ve\u010dernje mise klanjanje Petak 28. studenog &#8211;\u00a0 Jakov Markijski, przbiter\u00a0 &#8211; spomendan Subota 29. studenog \u2013 SVI SVETI FRANJEVA\u010cKOG REDA &#8211; blagdan Prvopri\u010desnici: utorak u 9 ili 17 Krizmanici: umjesto [&hellip;]<\/p>\n","protected":false},"author":2,"featured_media":2563,"comment_status":"closed","ping_status":"closed","sticky":false,"template":"","format":"standard","meta":{"fifu_image_url":"","fifu_image_alt":"","footnotes":""},"categories":[6],"tags":[],"class_list":["post-3228","post","type-post","status-publish","format-standard","has-post-thumbnail","hentry","category-zupne-obavijesti"],"_links":{"self":[{"href":"https:\/\/www.svetianteknin.com\/index.php?rest_route=\/wp\/v2\/posts\/3228","targetHints":{"allow":["GET"]}}],"collection":[{"href":"https:\/\/www.svetianteknin.com\/index.php?rest_route=\/wp\/v2\/posts"}],"about":[{"href":"https:\/\/www.svetianteknin.com\/index.php?rest_route=\/wp\/v2\/types\/post"}],"author":[{"embeddable":true,"href":"https:\/\/www.svetianteknin.com\/index.php?rest_route=\/wp\/v2\/users\/2"}],"replies":[{"embeddable":true,"href":"https:\/\/www.svetianteknin.com\/index.php?rest_route=%2Fwp%2Fv2%2Fcomments&post=3228"}],"version-history":[{"count":1,"href":"https:\/\/www.svetianteknin.com\/index.php?rest_route=\/wp\/v2\/posts\/3228\/revisions"}],"predecessor-version":[{"id":3229,"href":"https:\/\/www.svetianteknin.com\/index.php?rest_route=\/wp\/v2\/posts\/3228\/revisions\/3229"}],"wp:featuredmedia":[{"embeddable":true,"href":"https:\/\/www.svetianteknin.com\/index.php?rest_route=\/wp\/v2\/media\/2563"}],"wp:attachment":[{"href":"https:\/\/www.svetianteknin.com\/index.php?rest_route=%2Fwp%2Fv2%2Fmedia&parent=3228"}],"wp:term":[{"taxonomy":"category","embeddable":true,"href":"https:\/\/www.svetianteknin.com\/index.php?rest_route=%2Fwp%2Fv2%2Fcategories&post=3228"},{"taxonomy":"post_tag","embeddable":true,"href":"https:\/\/www.svetianteknin.com\/index.php?rest_route=%2Fwp%2Fv2%2Ftags&post=3228"}],"curies":[{"name":"wp","href":"https:\/\/api.w.org\/{rel}","templated":true}]}}