{"id":3225,"date":"2025-11-08T20:45:33","date_gmt":"2025-11-08T19:45:33","guid":{"rendered":"https:\/\/www.svetianteknin.com\/?p=3225"},"modified":"2025-11-08T20:45:33","modified_gmt":"2025-11-08T19:45:33","slug":"zupne-obavijesti-9-studenog-15-studenog-2025","status":"publish","type":"post","link":"https:\/\/www.svetianteknin.com\/?p=3225","title":{"rendered":"\u017dupne obavijesti 9. studenog \u2013 15.studenog 2025."},"content":{"rendered":"<ul>\n<li>Ponedjeljak 10. studenog \u2013 Sv. Leon Veliki, papa i crlveni nau\u010ditelj &#8211; spomendan<\/li>\n<li>Utorak 11. studenog \u2013 Sv. Martin &#8211; biskup, spomendan<\/li>\n<li>Srijeda 12. studenog \u2013 Sv. Jozafat, biskup i mu\u010denik &#8211; spomendan<\/li>\n<li>\u010cetvrtak 6. studenog \u2013 nakon ve\u010dernje mise klanjanje<\/li>\n<li>Petak 14. studenog &#8211;\u00a0 Nikola Taveli\u0107, prezbiter i mu\u010denik &#8211; blagdan<\/li>\n<li>Prvopri\u010desnici: utorak u 9 ili 17<\/li>\n<li>Krizmanici: \u010detvrtak u 9 ili 16<\/li>\n<li>Karizmatska zajednica: srijedom nakon ve\u010dernje mise<\/li>\n<li>OFS: \u010detvrtkom u 16:45<\/li>\n<li>Frama: \u010detvrtkom u 19:30<\/li>\n<li>Zajenica mladih: petkom u 19. Pozivamo sve mlade da se priklju\u010de.<\/li>\n<li>Ministranti: subotom u 11<\/li>\n<li>Dje\u010diji zbor: subotom u 11<\/li>\n<li>Stigao je rokovnik za 2026 godinu. Mogu\u0107e je prijavit misne nakane, kao i prijave kr\u0161tenja i vjen\u010danja za idu\u0107u godinu. Prijave isklju\u010divo u \u017eupnom uredu utorak i \u010detvrtak od 10 \u2013 11:30, petkom od 16 do 17 sati<\/li>\n<li>Najavljujemo duhovnu obnovu u na\u0161oj \u017eupi u petak 21. studenoga. Voditelj duh obnove vl\u010d. Sa\u0161a Malovi\u0107, \u017eupnik Supetarske Drage<\/li>\n<\/ul>\n","protected":false},"excerpt":{"rendered":"<p>Ponedjeljak 10. studenog \u2013 Sv. Leon Veliki, papa i crlveni nau\u010ditelj &#8211; spomendan Utorak 11. studenog \u2013 Sv. Martin &#8211; biskup, spomendan Srijeda 12. studenog \u2013 Sv. Jozafat, biskup i mu\u010denik &#8211; spomendan \u010cetvrtak 6. studenog \u2013 nakon ve\u010dernje mise klanjanje Petak 14. studenog &#8211;\u00a0 Nikola Taveli\u0107, prezbiter i mu\u010denik &#8211; blagdan Prvopri\u010desnici: utorak u 9 ili 17 Krizmanici: \u010detvrtak u 9 ili 16 Karizmatska [&hellip;]<\/p>\n","protected":false},"author":2,"featured_media":2993,"comment_status":"closed","ping_status":"closed","sticky":false,"template":"","format":"standard","meta":{"fifu_image_url":"","fifu_image_alt":"","footnotes":""},"categories":[6],"tags":[],"class_list":["post-3225","post","type-post","status-publish","format-standard","has-post-thumbnail","hentry","category-zupne-obavijesti"],"_links":{"self":[{"href":"https:\/\/www.svetianteknin.com\/index.php?rest_route=\/wp\/v2\/posts\/3225","targetHints":{"allow":["GET"]}}],"collection":[{"href":"https:\/\/www.svetianteknin.com\/index.php?rest_route=\/wp\/v2\/posts"}],"about":[{"href":"https:\/\/www.svetianteknin.com\/index.php?rest_route=\/wp\/v2\/types\/post"}],"author":[{"embeddable":true,"href":"https:\/\/www.svetianteknin.com\/index.php?rest_route=\/wp\/v2\/users\/2"}],"replies":[{"embeddable":true,"href":"https:\/\/www.svetianteknin.com\/index.php?rest_route=%2Fwp%2Fv2%2Fcomments&post=3225"}],"version-history":[{"count":1,"href":"https:\/\/www.svetianteknin.com\/index.php?rest_route=\/wp\/v2\/posts\/3225\/revisions"}],"predecessor-version":[{"id":3226,"href":"https:\/\/www.svetianteknin.com\/index.php?rest_route=\/wp\/v2\/posts\/3225\/revisions\/3226"}],"wp:featuredmedia":[{"embeddable":true,"href":"https:\/\/www.svetianteknin.com\/index.php?rest_route=\/wp\/v2\/media\/2993"}],"wp:attachment":[{"href":"https:\/\/www.svetianteknin.com\/index.php?rest_route=%2Fwp%2Fv2%2Fmedia&parent=3225"}],"wp:term":[{"taxonomy":"category","embeddable":true,"href":"https:\/\/www.svetianteknin.com\/index.php?rest_route=%2Fwp%2Fv2%2Fcategories&post=3225"},{"taxonomy":"post_tag","embeddable":true,"href":"https:\/\/www.svetianteknin.com\/index.php?rest_route=%2Fwp%2Fv2%2Ftags&post=3225"}],"curies":[{"name":"wp","href":"https:\/\/api.w.org\/{rel}","templated":true}]}}