{"id":3216,"date":"2025-10-20T17:52:48","date_gmt":"2025-10-20T16:52:48","guid":{"rendered":"https:\/\/www.svetianteknin.com\/?p=3216"},"modified":"2025-10-20T17:52:48","modified_gmt":"2025-10-20T16:52:48","slug":"zupne-obavijesti-19-listopada-25-listopada-2025","status":"publish","type":"post","link":"https:\/\/www.svetianteknin.com\/?p=3216","title":{"rendered":"\u017dupne obavijesti 19. listopada \u2013 25.listopada 2025."},"content":{"rendered":"<ul>\n<li>Srijeda 22. listopada \u2013 Sv. Ivan Pavao II., papa &#8211; spomendan<\/li>\n<li>\u010cetvrtak 23. listopada \u2013 Sv. Ivan kapistran, sve\u0107enik \u2013 spomendan. Nakon ve\u010dernje mise klanjanje<\/li>\n<li>Prvopri\u010desnici: utorkom u 9 ili 17<\/li>\n<li>Krizmanici: \u010detvrtkom u 9 ili 16<\/li>\n<li>Frama: \u010detvrtkom u 19:30<\/li>\n<li>Zajenica mladih: petkom u 19. Pozivamo sve mlade da se priklju\u010de.<\/li>\n<li>Ministranti: subotom u 11 sati<\/li>\n<li>Dje\u010diji zbor: subotom u 11 sati<\/li>\n<li>Najavljujemo zaru\u010dni\u010dki te\u010daj od 22. listopada do 24. listopada u prostorijama samostana. Po\u010detak te\u010daja u 19 sati<\/li>\n<\/ul>\n","protected":false},"excerpt":{"rendered":"<p>Srijeda 22. listopada \u2013 Sv. Ivan Pavao II., papa &#8211; spomendan \u010cetvrtak 23. listopada \u2013 Sv. Ivan kapistran, sve\u0107enik \u2013 spomendan. Nakon ve\u010dernje mise klanjanje Prvopri\u010desnici: utorkom u 9 ili 17 Krizmanici: \u010detvrtkom u 9 ili 16 Frama: \u010detvrtkom u 19:30 Zajenica mladih: petkom u 19. Pozivamo sve mlade da se priklju\u010de. Ministranti: subotom u 11 sati Dje\u010diji zbor: subotom u 11 sati Najavljujemo zaru\u010dni\u010dki [&hellip;]<\/p>\n","protected":false},"author":2,"featured_media":3126,"comment_status":"closed","ping_status":"closed","sticky":false,"template":"","format":"standard","meta":{"fifu_image_url":"","fifu_image_alt":"","footnotes":""},"categories":[6],"tags":[],"class_list":["post-3216","post","type-post","status-publish","format-standard","has-post-thumbnail","hentry","category-zupne-obavijesti"],"_links":{"self":[{"href":"https:\/\/www.svetianteknin.com\/index.php?rest_route=\/wp\/v2\/posts\/3216","targetHints":{"allow":["GET"]}}],"collection":[{"href":"https:\/\/www.svetianteknin.com\/index.php?rest_route=\/wp\/v2\/posts"}],"about":[{"href":"https:\/\/www.svetianteknin.com\/index.php?rest_route=\/wp\/v2\/types\/post"}],"author":[{"embeddable":true,"href":"https:\/\/www.svetianteknin.com\/index.php?rest_route=\/wp\/v2\/users\/2"}],"replies":[{"embeddable":true,"href":"https:\/\/www.svetianteknin.com\/index.php?rest_route=%2Fwp%2Fv2%2Fcomments&post=3216"}],"version-history":[{"count":1,"href":"https:\/\/www.svetianteknin.com\/index.php?rest_route=\/wp\/v2\/posts\/3216\/revisions"}],"predecessor-version":[{"id":3217,"href":"https:\/\/www.svetianteknin.com\/index.php?rest_route=\/wp\/v2\/posts\/3216\/revisions\/3217"}],"wp:featuredmedia":[{"embeddable":true,"href":"https:\/\/www.svetianteknin.com\/index.php?rest_route=\/wp\/v2\/media\/3126"}],"wp:attachment":[{"href":"https:\/\/www.svetianteknin.com\/index.php?rest_route=%2Fwp%2Fv2%2Fmedia&parent=3216"}],"wp:term":[{"taxonomy":"category","embeddable":true,"href":"https:\/\/www.svetianteknin.com\/index.php?rest_route=%2Fwp%2Fv2%2Fcategories&post=3216"},{"taxonomy":"post_tag","embeddable":true,"href":"https:\/\/www.svetianteknin.com\/index.php?rest_route=%2Fwp%2Fv2%2Ftags&post=3216"}],"curies":[{"name":"wp","href":"https:\/\/api.w.org\/{rel}","templated":true}]}}