{"id":3174,"date":"2025-09-27T19:00:09","date_gmt":"2025-09-27T18:00:09","guid":{"rendered":"https:\/\/www.svetianteknin.com\/?p=3174"},"modified":"2025-09-28T16:04:09","modified_gmt":"2025-09-28T15:04:09","slug":"zupne-obavijesti-18-kgc-3-9-8-2025","status":"publish","type":"post","link":"https:\/\/www.svetianteknin.com\/?p=3174","title":{"rendered":"\u017dupne obavijesti 21. rujna \u2013  5.listopada 2025."},"content":{"rendered":"<ul>\n<li>Ponedjeljak\u00a0 rujna \u2013 Sv. Mihovil, blagdan. Za\u0161titnik na\u0161e biskupije. U \u0160ibeniku sve\u010dana procesija i misa u 10 sati.<\/li>\n<li>Utorak 30. rujna \u2013 Sv. Jeronim prezbiter i crkveni nau\u010ditej, za\u0161titnik Dalmacije, blagdan. Prije mise molimo krunicu Krvi Kristovoj<\/li>\n<li>Srijeda 1. listopada \u2013 Sv. Tereza od Djeteta Isusa \u2013 spomendan. po\u010detak listopadske pobo\u017enosti. Od srijede svagdanje i nedjeljnje ve\u010dernje mise u 18 sati.<\/li>\n<li>\u010cetvrtak listopada \u2013 Sv. An\u0111eli \u010cuvari \u2013 spomendan. nakon ve\u010dernje mise nema klanjanja.<\/li>\n<li>Petak 3 listopada \u2013 prvi petak u mjesecu pobo\u017enost Srcu Isusovu. 17:30 ispovijed. U 18 sv. misa i prigodna propovijed. Nakon mise obred preminu\u0107a sv. Franje a iza toga cijelono\u0107no klanjanje<\/li>\n<li>Subota 4 listopada \u2013 Sv. Franjo Asi\u0161ki, utemeljitelj Reda \u2013 svetkovina. u 18 sve\u010dana sveta misa.<\/li>\n<\/ul>\n<p>&nbsp;<\/p>\n<ul>\n<li>Prvopri\u010desnici: utorak u 9 ili 16 (ostali utorci 9 ili 17)<\/li>\n<li>Krizmanici: \u010detvrtkom u 9 ili 17<\/li>\n<li>Ministranti subotom u 11 sati<\/li>\n<li>\u017dupni ured: utorkom i \u010detvrtkom 10 \u2013 11:30, petkom 16 &#8211; 17<\/li>\n<li>Zaru\u010dni\u010dki te\u010daj od 22.10 do 24.10 u prostorijama samostana sv. Ante. Po\u010detak u 19 sati.<\/li>\n<\/ul>\n","protected":false},"excerpt":{"rendered":"<p>Ponedjeljak\u00a0 rujna \u2013 Sv. Mihovil, blagdan. Za\u0161titnik na\u0161e biskupije. U \u0160ibeniku sve\u010dana procesija i misa u 10 sati. Utorak 30. rujna \u2013 Sv. Jeronim prezbiter i crkveni nau\u010ditej, za\u0161titnik Dalmacije, blagdan. Prije mise molimo krunicu Krvi Kristovoj Srijeda 1. listopada \u2013 Sv. Tereza od Djeteta Isusa \u2013 spomendan. po\u010detak listopadske pobo\u017enosti. Od srijede svagdanje i nedjeljnje ve\u010dernje mise u 18 sati. \u010cetvrtak listopada \u2013 Sv. [&hellip;]<\/p>\n","protected":false},"author":2,"featured_media":3148,"comment_status":"closed","ping_status":"closed","sticky":false,"template":"","format":"standard","meta":{"fifu_image_url":"","fifu_image_alt":"","footnotes":""},"categories":[6],"tags":[],"class_list":["post-3174","post","type-post","status-publish","format-standard","has-post-thumbnail","hentry","category-zupne-obavijesti"],"_links":{"self":[{"href":"https:\/\/www.svetianteknin.com\/index.php?rest_route=\/wp\/v2\/posts\/3174","targetHints":{"allow":["GET"]}}],"collection":[{"href":"https:\/\/www.svetianteknin.com\/index.php?rest_route=\/wp\/v2\/posts"}],"about":[{"href":"https:\/\/www.svetianteknin.com\/index.php?rest_route=\/wp\/v2\/types\/post"}],"author":[{"embeddable":true,"href":"https:\/\/www.svetianteknin.com\/index.php?rest_route=\/wp\/v2\/users\/2"}],"replies":[{"embeddable":true,"href":"https:\/\/www.svetianteknin.com\/index.php?rest_route=%2Fwp%2Fv2%2Fcomments&post=3174"}],"version-history":[{"count":8,"href":"https:\/\/www.svetianteknin.com\/index.php?rest_route=\/wp\/v2\/posts\/3174\/revisions"}],"predecessor-version":[{"id":3200,"href":"https:\/\/www.svetianteknin.com\/index.php?rest_route=\/wp\/v2\/posts\/3174\/revisions\/3200"}],"wp:featuredmedia":[{"embeddable":true,"href":"https:\/\/www.svetianteknin.com\/index.php?rest_route=\/wp\/v2\/media\/3148"}],"wp:attachment":[{"href":"https:\/\/www.svetianteknin.com\/index.php?rest_route=%2Fwp%2Fv2%2Fmedia&parent=3174"}],"wp:term":[{"taxonomy":"category","embeddable":true,"href":"https:\/\/www.svetianteknin.com\/index.php?rest_route=%2Fwp%2Fv2%2Fcategories&post=3174"},{"taxonomy":"post_tag","embeddable":true,"href":"https:\/\/www.svetianteknin.com\/index.php?rest_route=%2Fwp%2Fv2%2Ftags&post=3174"}],"curies":[{"name":"wp","href":"https:\/\/api.w.org\/{rel}","templated":true}]}}