{"id":3169,"date":"2025-07-26T20:00:56","date_gmt":"2025-07-26T19:00:56","guid":{"rendered":"https:\/\/www.svetianteknin.com\/?p=3169"},"modified":"2025-07-26T21:00:25","modified_gmt":"2025-07-26T20:00:25","slug":"zupne-obavijesti-17-kgc-27-7-3-8-2025","status":"publish","type":"post","link":"https:\/\/www.svetianteknin.com\/?p=3169","title":{"rendered":"\u017dupne obavijesti, 17 KGC (27. 7. \u2013 3. 8. 2025.)"},"content":{"rendered":"<p><strong>Raspored svetih misa: 17 KGC (27. 7. \u2013 3. 8. 2025.)<\/strong><\/p>\n<table>\n<tbody>\n<tr>\n<td width=\"151\">Crkva<\/td>\n<td width=\"95\">Satnica<\/td>\n<td width=\"359\">Nakana<\/td>\n<\/tr>\n<tr>\n<td width=\"151\">Gospa GVHKZ<\/td>\n<td width=\"95\">8<\/td>\n<td width=\"359\">+ Vjera i + ob. Bla\u017eevi\u0107 i Zori\u0107<\/td>\n<\/tr>\n<tr>\n<td width=\"151\">Gospa VHKZ<\/td>\n<td width=\"95\">9:30<\/td>\n<td width=\"359\">Pro populo<\/td>\n<\/tr>\n<tr>\n<td width=\"151\">Gospa VHKZ<\/td>\n<td width=\"95\">19<\/td>\n<td width=\"359\">+ Snje\u017eana i Dominko<\/td>\n<\/tr>\n<\/tbody>\n<\/table>\n<p>&nbsp;<\/p>\n<table>\n<tbody>\n<tr>\n<td colspan=\"4\" width=\"624\">Ponedjeljak, 28. srpnja<\/td>\n<\/tr>\n<tr>\n<td width=\"53\">7<\/td>\n<td width=\"254\">+ Smiljana Mareti\u0107<\/td>\n<td width=\"55\">19<\/td>\n<td width=\"263\">+ ob. Markanovi\u0107 i Kosi\u0107<\/td>\n<\/tr>\n<tr>\n<td colspan=\"4\" width=\"624\">Utorak, 29. srpnja<\/td>\n<\/tr>\n<tr>\n<td width=\"53\">7<\/td>\n<td width=\"254\">+ Ante Ercegovac<\/td>\n<td width=\"55\">19<\/td>\n<td width=\"263\">+ Dario i Mario<\/td>\n<\/tr>\n<tr>\n<td colspan=\"4\" width=\"624\">Srijeda, 30. srpnja<\/td>\n<\/tr>\n<tr>\n<td width=\"53\">7<\/td>\n<td width=\"254\">+ Stipe \u0160i\u0161ko<\/td>\n<td width=\"55\">19<\/td>\n<td width=\"263\">+ ob. Andrijevi\u0107<\/td>\n<\/tr>\n<tr>\n<td colspan=\"4\" width=\"624\">\u010cetvrtak, 31. srpnja<\/td>\n<\/tr>\n<tr>\n<td width=\"53\">7<\/td>\n<td width=\"254\">+ Stipe \u0160i\u0161ko<\/td>\n<td width=\"55\">19<\/td>\n<td width=\"263\">+ Dragutin Josip Elez<\/td>\n<\/tr>\n<tr>\n<td colspan=\"4\" width=\"624\">Petak, 1. kolovoza<\/td>\n<\/tr>\n<tr>\n<td width=\"53\">7<\/td>\n<td width=\"254\">+ ob. Vuleta<\/td>\n<td width=\"55\">19<\/td>\n<td width=\"263\">+ Anto i + ob. Matijevi\u0107<\/td>\n<\/tr>\n<tr>\n<td colspan=\"4\" width=\"624\">Subota, 2. kolovoza: Gospa od An\u0111ela<\/td>\n<\/tr>\n<tr>\n<td width=\"53\">7<\/td>\n<td width=\"254\">+ Slavko, Matija (\u017d) i \u017deljko<\/td>\n<td width=\"55\">19<\/td>\n<td width=\"263\">+ ob. Vidovi\u0107<\/td>\n<\/tr>\n<\/tbody>\n<\/table>\n<p>&nbsp;<\/p>\n<p>Danas, poslije ve\u010dernje mise, ispred crkve GVHKZ, u 20 sati je koncert katoli\u010dke duhovne glazbe <strong>\u201eSalve Regina\u201c. \u00a0<\/strong>Poti\u010demo vas da odvojite vrijeme i do\u0111ete sami ili sa svojom djecom.<\/p>\n<p>U utorak u 19 sati u dvorani studentskog doma \u201eFra Lujo Marun\u201c je ve\u010der<strong> \u017eena veteranki Domovinskoga rata 4. gardijske brigade.<\/strong><\/p>\n<p>U subotu je<strong> Gospa od An\u0111ela. <\/strong>Onima koji \u0107e hodo\u010dastiti na Visovac, raspored svetih misa je: 6:30; 7:30; 8:30; 10:30 i 18 sati. Cijeli dan \u0107e biti prigoda za svetu ispovijed.<\/p>\n<p>U slijede\u0107u nedjelju \u0107e Fra Josip i fra Mario \u0107e imati <strong>misu zahvalnicu<\/strong>. Na zavr\u0161etku pu\u010dke mise u 9:30 sati, blagoslovit \u0107emo spomen plo\u010du koju smo, u ovog jubilejskoj godini, postavili u crkvu GVHKZ.<\/p>\n<p>U slijede\u0107u nedjelju, 3. kolovoza u Kninu \u0107e se odr\u017eati <strong>17. smotra folklora<\/strong>. Sudionici \u0107e poslije ve\u010dernje mise u 19 sati, krenuti u mimohodu do gradskog trga. Plesom, pjesmom i narodnim obi\u010dajima predstavit \u0107e nam se dru\u0161tva iz Hrvatske i BiH. Ova smotra folklora je posebna jer se odr\u017eava uo\u010di Dana pobjede i domovinske zahvalnosti i Dana hrvatskih branitelja. Ove godine obilje\u017eavamo 30-tu obljetnicu VRO \u201eOluja\u201c.<\/p>\n<p>Ovaj kulturni doga\u0111aj moramo njegovati kako bismo kulturno naslje\u0111e i identitet hrvatskog naroda prenosili na na\u0161u djecu. Poti\u010demo vas da do\u0111ete u \u0161to ve\u0107em broju, povedite svoju djecu i prijatelje i na taj na\u010dini poka\u017eimo koliko volimo, cijenimo i \u010duvamo kulturno blago na\u0161ega naroda. Neka trg dr. Ante Star\u010devi\u0107a u nedjelju bude ispunjen ljubiteljima hrvatskog kulturnog blaga.<\/p>\n<p><strong>Pomolimo se za na\u0161e obitelji<\/strong><\/p>\n<p><strong>\u00a0Pod obranu se Tvoju utje\u010demo,<\/strong>\u00a0sveta Bogorodice. Ne odbij nam molbe u potrebama na\u0161im, nego nas od svih pogibelji uvijek oslobodi, Djevice slavna i blagoslovljena, Gospo\u0111o na\u0161a, Posrednice na\u0161a, Zagovornice na\u0161a! Sa svojim nas Sinom pomiri, svojemu nas Sinu preporu\u010di, svojemu nas Sinu izru\u010di. Amen. <strong><em>1x Zdravo Marijo\u2026 Sveta obitelji, moli za nas!<\/em><\/strong><\/p>\n<p><strong>Sve obavijesti mo\u017eete vidjeti na web stranicama na\u0161e \u017eupe: <\/strong><a href=\"https:\/\/www.svetianteknin.com\">www.svetianteknin.com<\/a><\/p>\n","protected":false},"excerpt":{"rendered":"<p>Raspored svetih misa: 17 KGC (27. 7. \u2013 3. 8. 2025.) Crkva Satnica Nakana Gospa GVHKZ 8 + Vjera i + ob. Bla\u017eevi\u0107 i Zori\u0107 Gospa VHKZ 9:30 Pro populo Gospa VHKZ 19 + Snje\u017eana i Dominko &nbsp; Ponedjeljak, 28. srpnja 7 + Smiljana Mareti\u0107 19 + ob. Markanovi\u0107 i Kosi\u0107 Utorak, 29. srpnja 7 + Ante Ercegovac 19 + Dario i Mario Srijeda, 30. [&hellip;]<\/p>\n","protected":false},"author":2,"featured_media":2828,"comment_status":"closed","ping_status":"closed","sticky":false,"template":"","format":"standard","meta":{"fifu_image_url":"","fifu_image_alt":"","footnotes":""},"categories":[6],"tags":[],"class_list":["post-3169","post","type-post","status-publish","format-standard","has-post-thumbnail","hentry","category-zupne-obavijesti"],"_links":{"self":[{"href":"https:\/\/www.svetianteknin.com\/index.php?rest_route=\/wp\/v2\/posts\/3169","targetHints":{"allow":["GET"]}}],"collection":[{"href":"https:\/\/www.svetianteknin.com\/index.php?rest_route=\/wp\/v2\/posts"}],"about":[{"href":"https:\/\/www.svetianteknin.com\/index.php?rest_route=\/wp\/v2\/types\/post"}],"author":[{"embeddable":true,"href":"https:\/\/www.svetianteknin.com\/index.php?rest_route=\/wp\/v2\/users\/2"}],"replies":[{"embeddable":true,"href":"https:\/\/www.svetianteknin.com\/index.php?rest_route=%2Fwp%2Fv2%2Fcomments&post=3169"}],"version-history":[{"count":2,"href":"https:\/\/www.svetianteknin.com\/index.php?rest_route=\/wp\/v2\/posts\/3169\/revisions"}],"predecessor-version":[{"id":3171,"href":"https:\/\/www.svetianteknin.com\/index.php?rest_route=\/wp\/v2\/posts\/3169\/revisions\/3171"}],"wp:featuredmedia":[{"embeddable":true,"href":"https:\/\/www.svetianteknin.com\/index.php?rest_route=\/wp\/v2\/media\/2828"}],"wp:attachment":[{"href":"https:\/\/www.svetianteknin.com\/index.php?rest_route=%2Fwp%2Fv2%2Fmedia&parent=3169"}],"wp:term":[{"taxonomy":"category","embeddable":true,"href":"https:\/\/www.svetianteknin.com\/index.php?rest_route=%2Fwp%2Fv2%2Fcategories&post=3169"},{"taxonomy":"post_tag","embeddable":true,"href":"https:\/\/www.svetianteknin.com\/index.php?rest_route=%2Fwp%2Fv2%2Ftags&post=3169"}],"curies":[{"name":"wp","href":"https:\/\/api.w.org\/{rel}","templated":true}]}}