{"id":3163,"date":"2025-07-12T20:24:48","date_gmt":"2025-07-12T19:24:48","guid":{"rendered":"https:\/\/www.svetianteknin.com\/?p=3163"},"modified":"2025-07-12T20:24:48","modified_gmt":"2025-07-12T19:24:48","slug":"zupne-obavijesti-15-kgc-13-19-7-2025","status":"publish","type":"post","link":"https:\/\/www.svetianteknin.com\/?p=3163","title":{"rendered":"\u017dupne obavijesti, 15 KGC (13. \u2013 19. 7. 2025.)"},"content":{"rendered":"<p><strong>Raspored svetih misa: 15 KGC (13. \u2013 19. 7. 2025.)<\/strong><\/p>\n<table>\n<tbody>\n<tr>\n<td width=\"151\">Crkva<\/td>\n<td width=\"95\">Satnica<\/td>\n<td width=\"359\">Nakana<\/td>\n<\/tr>\n<tr>\n<td width=\"151\">Gospa GVHKZ<\/td>\n<td width=\"95\">8<\/td>\n<td width=\"359\">+ Marijan i + ob. Lujanovi\u0107<\/td>\n<\/tr>\n<tr>\n<td width=\"151\">Gospa VHKZ<\/td>\n<td width=\"95\">9:30<\/td>\n<td width=\"359\">Pro populo<\/td>\n<\/tr>\n<tr>\n<td width=\"151\">Gospa VHKZ<\/td>\n<td width=\"95\">19<\/td>\n<td width=\"359\">+ Ante, Katica i svi dobro\u010dinitelji<\/td>\n<\/tr>\n<\/tbody>\n<\/table>\n<p>&nbsp;<\/p>\n<table>\n<tbody>\n<tr>\n<td colspan=\"4\" width=\"624\">Ponedjeljak, 14. srpnja<\/td>\n<\/tr>\n<tr>\n<td width=\"53\">7<\/td>\n<td width=\"254\">+ Mijo, Mara, + ob. Kri\u0161to i Ili\u0107<\/td>\n<td width=\"55\">19<\/td>\n<td width=\"263\">+ \u017deljko Zebi\u0107<\/td>\n<\/tr>\n<tr>\n<td colspan=\"4\" width=\"624\">Utorak, 15. srpnja<\/td>\n<\/tr>\n<tr>\n<td width=\"53\">7<\/td>\n<td width=\"254\">+ franjevci, rodbina i dobro\u010dinitelji<\/td>\n<td width=\"55\">19<\/td>\n<td width=\"263\">Za provinciju Presv. Otkupitelja<\/td>\n<\/tr>\n<tr>\n<td colspan=\"4\" width=\"624\">Srijeda, 16. srpnja<\/td>\n<\/tr>\n<tr>\n<td width=\"53\">7<\/td>\n<td width=\"254\">+ Matija Kafadar<\/td>\n<td width=\"55\">19<\/td>\n<td width=\"263\">+ Mirko<\/td>\n<\/tr>\n<tr>\n<td colspan=\"4\" width=\"624\">\u010cetvrtak, 17. srpnja<\/td>\n<\/tr>\n<tr>\n<td width=\"53\">7<\/td>\n<td width=\"254\">+ Marija Kun\u010devi\u0107<\/td>\n<td width=\"55\">19<\/td>\n<td width=\"263\">+ Mijo i Lucija Vu\u010dak<\/td>\n<\/tr>\n<tr>\n<td colspan=\"4\" width=\"624\">Petak, 18. srpnja<\/td>\n<\/tr>\n<tr>\n<td width=\"53\">7<\/td>\n<td width=\"254\">+ Zlatko i + ob. Brnas<\/td>\n<td width=\"55\">19<\/td>\n<td width=\"263\">+ Josip, Kata, Stipo i Janja<\/td>\n<\/tr>\n<tr>\n<td colspan=\"4\" width=\"624\">Subota, 19. srpnja<\/td>\n<\/tr>\n<tr>\n<td width=\"53\">7<\/td>\n<td width=\"254\">+ ob. Bla\u017eevi\u0107<\/td>\n<td width=\"55\">19<\/td>\n<td width=\"263\">+ Jozo i Pavlija (\u017e) Ili\u0107<\/td>\n<\/tr>\n<\/tbody>\n<\/table>\n<p><strong>\u00a0Za petnaest dana (27. srpnja) u na\u0161oj \u017eupi odr\u017eat \u0107e se 10-ti festival kr\u0161\u0107anske duhovne glazbe \u201eSalve Regina\u201c<\/strong><\/p>\n<p>&nbsp;<\/p>\n<p><strong>Pomolimo se za na\u0161e obitelji<\/strong><\/p>\n<p><strong>\u00a0Pod obranu se Tvoju utje\u010demo,<\/strong>\u00a0sveta Bogorodice. Ne odbij nam molbe u potrebama na\u0161im, nego nas od svih pogibelji uvijek oslobodi, Djevice slavna i blagoslovljena, Gospo\u0111o na\u0161a, Posrednice na\u0161a, Zagovornice na\u0161a! Sa svojim nas Sinom pomiri, svojemu nas Sinu preporu\u010di, svojemu nas Sinu izru\u010di. Amen. <strong><em>1x Zdravo Marijo\u2026 Sveta obitelji, moli za nas!<\/em><\/strong><\/p>\n","protected":false},"excerpt":{"rendered":"<p>Raspored svetih misa: 15 KGC (13. \u2013 19. 7. 2025.) Crkva Satnica Nakana Gospa GVHKZ 8 + Marijan i + ob. Lujanovi\u0107 Gospa VHKZ 9:30 Pro populo Gospa VHKZ 19 + Ante, Katica i svi dobro\u010dinitelji &nbsp; Ponedjeljak, 14. srpnja 7 + Mijo, Mara, + ob. Kri\u0161to i Ili\u0107 19 + \u017deljko Zebi\u0107 Utorak, 15. srpnja 7 + franjevci, rodbina i dobro\u010dinitelji 19 Za provinciju [&hellip;]<\/p>\n","protected":false},"author":2,"featured_media":2586,"comment_status":"closed","ping_status":"closed","sticky":false,"template":"","format":"standard","meta":{"fifu_image_url":"","fifu_image_alt":"","footnotes":""},"categories":[6],"tags":[],"class_list":["post-3163","post","type-post","status-publish","format-standard","has-post-thumbnail","hentry","category-zupne-obavijesti"],"_links":{"self":[{"href":"https:\/\/www.svetianteknin.com\/index.php?rest_route=\/wp\/v2\/posts\/3163","targetHints":{"allow":["GET"]}}],"collection":[{"href":"https:\/\/www.svetianteknin.com\/index.php?rest_route=\/wp\/v2\/posts"}],"about":[{"href":"https:\/\/www.svetianteknin.com\/index.php?rest_route=\/wp\/v2\/types\/post"}],"author":[{"embeddable":true,"href":"https:\/\/www.svetianteknin.com\/index.php?rest_route=\/wp\/v2\/users\/2"}],"replies":[{"embeddable":true,"href":"https:\/\/www.svetianteknin.com\/index.php?rest_route=%2Fwp%2Fv2%2Fcomments&post=3163"}],"version-history":[{"count":1,"href":"https:\/\/www.svetianteknin.com\/index.php?rest_route=\/wp\/v2\/posts\/3163\/revisions"}],"predecessor-version":[{"id":3164,"href":"https:\/\/www.svetianteknin.com\/index.php?rest_route=\/wp\/v2\/posts\/3163\/revisions\/3164"}],"wp:featuredmedia":[{"embeddable":true,"href":"https:\/\/www.svetianteknin.com\/index.php?rest_route=\/wp\/v2\/media\/2586"}],"wp:attachment":[{"href":"https:\/\/www.svetianteknin.com\/index.php?rest_route=%2Fwp%2Fv2%2Fmedia&parent=3163"}],"wp:term":[{"taxonomy":"category","embeddable":true,"href":"https:\/\/www.svetianteknin.com\/index.php?rest_route=%2Fwp%2Fv2%2Fcategories&post=3163"},{"taxonomy":"post_tag","embeddable":true,"href":"https:\/\/www.svetianteknin.com\/index.php?rest_route=%2Fwp%2Fv2%2Ftags&post=3163"}],"curies":[{"name":"wp","href":"https:\/\/api.w.org\/{rel}","templated":true}]}}