{"id":3137,"date":"2025-06-21T20:51:50","date_gmt":"2025-06-21T19:51:50","guid":{"rendered":"https:\/\/www.svetianteknin.com\/?p=3137"},"modified":"2025-06-24T15:38:40","modified_gmt":"2025-06-24T14:38:40","slug":"zupne-obavijesti-13-kgc-22-28-6-2025","status":"publish","type":"post","link":"https:\/\/www.svetianteknin.com\/?p=3137","title":{"rendered":"\u017dupne obavijesti, 13 KGC (22. \u2013 28. 6. 2025.)"},"content":{"rendered":"<p><strong>Raspored svetih misa: 13 KGC (22. \u2013 28. 6. 2025.)<\/strong><\/p>\n<table>\n<tbody>\n<tr>\n<td width=\"151\">Crkva<\/td>\n<td width=\"95\">Satnica<\/td>\n<td width=\"359\">Nakana<\/td>\n<\/tr>\n<tr>\n<td width=\"151\">Gospa GVHKZ<\/td>\n<td width=\"95\">8<\/td>\n<td width=\"359\">+ Jozo, Ivka i Mato<\/td>\n<\/tr>\n<tr>\n<td width=\"151\">Gospa VHKZ<\/td>\n<td width=\"95\">9:30<\/td>\n<td width=\"359\">Pro populo<\/td>\n<\/tr>\n<tr>\n<td width=\"151\">Gospa VHKZ<\/td>\n<td width=\"95\">19<\/td>\n<td width=\"359\">+ ob. Brajkovi\u0107<\/td>\n<\/tr>\n<\/tbody>\n<\/table>\n<p>&nbsp;<\/p>\n<table>\n<tbody>\n<tr>\n<td colspan=\"4\" width=\"624\">Ponedjeljak, 23. lipnja<\/td>\n<\/tr>\n<tr>\n<td width=\"53\">7<\/td>\n<td width=\"254\">+ Ante, Marko i Ana<\/td>\n<td width=\"55\">19<\/td>\n<td width=\"263\">+ Lidija \u0106urko<\/td>\n<\/tr>\n<tr>\n<td colspan=\"4\" width=\"624\">Utorak, 24. lipnja: ro\u0111enje sv. Ivana Kr.<\/td>\n<\/tr>\n<tr>\n<td width=\"53\">7<\/td>\n<td width=\"254\">Na nakanu<\/td>\n<td width=\"55\">19<\/td>\n<td width=\"263\">+ Mato i Luca<\/td>\n<\/tr>\n<tr>\n<td colspan=\"4\" width=\"624\">Srijeda, 25. lipnja: DUHOVNA OBNOVA<\/td>\n<\/tr>\n<tr>\n<td width=\"53\">7<\/td>\n<td width=\"254\">Na nakanu<\/td>\n<td width=\"55\">19<\/td>\n<td width=\"263\">\u00a0+ hrv.branitelji<\/td>\n<\/tr>\n<tr>\n<td colspan=\"4\" width=\"624\">\u010cetvrtak, 26. lipnja: DUHOVNA OBNOVA<\/td>\n<\/tr>\n<tr>\n<td width=\"53\">7<\/td>\n<td width=\"254\">+ OB. Balta, \u0160uman i Matkovi\u0107<\/td>\n<td width=\"55\">19<\/td>\n<td width=\"263\">+ Mira \u00a0i + ob. Lopar<\/td>\n<\/tr>\n<tr>\n<td colspan=\"4\" width=\"624\">Petak, 27. lipnja: DUHOVNA OBNOVA<\/td>\n<\/tr>\n<tr>\n<td width=\"53\">7<\/td>\n<td width=\"254\">+ \u010d.s. franjevke<\/td>\n<td width=\"55\">19<\/td>\n<td width=\"263\">Pro populo<\/p>\n<p>Posveta hrvatskog naroda Presvetom Srcu Isusovu<\/td>\n<\/tr>\n<tr>\n<td colspan=\"4\" width=\"624\">Subota, 28. lipnja<\/td>\n<\/tr>\n<tr>\n<td width=\"53\">7<\/td>\n<td width=\"254\">+ ob. Duljalj<\/td>\n<td width=\"55\">19<\/td>\n<td width=\"263\">+ Sre\u0107ko i NIkola<\/td>\n<\/tr>\n<\/tbody>\n<\/table>\n<p><strong>Od srijede do petka je duhovna obnova u na\u0161oj \u017eupi. U 18:30 sati je krunica, a potom slijedi sveta misa i duhovni nagovor. Voditelj je fra Ivan Mati\u0107. Svaku ve\u010der bit \u0107e prilika za ispovijed.<\/strong><\/p>\n<p><strong>U petak je Presveto Srce Isusovo<\/strong>: to je dan osobne, obiteljske i nacionalne posvete hrvatskog naroda Srcu Isusovu. Poti\u010demo sve vas da tijekom trodnevne duhovne obnove na\u0111ete vremena za sebe. Posebno vas poti\u010demo <strong>da se staviti pod za\u0161titu Srca Isusova<\/strong>. U vremenu smo poreme\u0107enih vrijednosti, velikih me\u0111unarodnih sukoba, globalisti\u010dkih planova\u2026. U takvom svijetu predajmo sebe, svoje obitelji i narod za\u0161titi Srca Isusova.<\/p>\n<p>Posveta srcu Isusovu je u petak u 19 sati. Taj sve\u010dani doga\u0111aj najavit \u0107e petominutno zvonjenje na zvoniku crkve GVHKZ.<\/p>\n<p>&nbsp;<\/p>\n<p><strong>Pomolimo se za na\u0161e obitelji<\/strong><\/p>\n<p><strong>\u00a0Pod obranu se Tvoju utje\u010demo,<\/strong>\u00a0sveta Bogorodice. Ne odbij nam molbe u potrebama na\u0161im, nego nas od svih pogibelji uvijek oslobodi, Djevice slavna i blagoslovljena, Gospo\u0111o na\u0161a, Posrednice na\u0161a, Zagovornice na\u0161a! Sa svojim nas Sinom pomiri, svojemu nas Sinu preporu\u010di, svojemu nas Sinu izru\u010di. Amen. <strong><em>1x Zdravo Marijo\u2026 Sveta obitelji, moli za nas!<\/em><\/strong><\/p>\n","protected":false},"excerpt":{"rendered":"<p>Raspored svetih misa: 13 KGC (22. \u2013 28. 6. 2025.) Crkva Satnica Nakana Gospa GVHKZ 8 + Jozo, Ivka i Mato Gospa VHKZ 9:30 Pro populo Gospa VHKZ 19 + ob. Brajkovi\u0107 &nbsp; Ponedjeljak, 23. lipnja 7 + Ante, Marko i Ana 19 + Lidija \u0106urko Utorak, 24. lipnja: ro\u0111enje sv. Ivana Kr. 7 Na nakanu 19 + Mato i Luca Srijeda, 25. lipnja: DUHOVNA [&hellip;]<\/p>\n","protected":false},"author":2,"featured_media":3138,"comment_status":"closed","ping_status":"closed","sticky":false,"template":"","format":"standard","meta":{"fifu_image_url":"","fifu_image_alt":"","footnotes":""},"categories":[6],"tags":[],"class_list":["post-3137","post","type-post","status-publish","format-standard","has-post-thumbnail","hentry","category-zupne-obavijesti"],"_links":{"self":[{"href":"https:\/\/www.svetianteknin.com\/index.php?rest_route=\/wp\/v2\/posts\/3137","targetHints":{"allow":["GET"]}}],"collection":[{"href":"https:\/\/www.svetianteknin.com\/index.php?rest_route=\/wp\/v2\/posts"}],"about":[{"href":"https:\/\/www.svetianteknin.com\/index.php?rest_route=\/wp\/v2\/types\/post"}],"author":[{"embeddable":true,"href":"https:\/\/www.svetianteknin.com\/index.php?rest_route=\/wp\/v2\/users\/2"}],"replies":[{"embeddable":true,"href":"https:\/\/www.svetianteknin.com\/index.php?rest_route=%2Fwp%2Fv2%2Fcomments&post=3137"}],"version-history":[{"count":2,"href":"https:\/\/www.svetianteknin.com\/index.php?rest_route=\/wp\/v2\/posts\/3137\/revisions"}],"predecessor-version":[{"id":3140,"href":"https:\/\/www.svetianteknin.com\/index.php?rest_route=\/wp\/v2\/posts\/3137\/revisions\/3140"}],"wp:featuredmedia":[{"embeddable":true,"href":"https:\/\/www.svetianteknin.com\/index.php?rest_route=\/wp\/v2\/media\/3138"}],"wp:attachment":[{"href":"https:\/\/www.svetianteknin.com\/index.php?rest_route=%2Fwp%2Fv2%2Fmedia&parent=3137"}],"wp:term":[{"taxonomy":"category","embeddable":true,"href":"https:\/\/www.svetianteknin.com\/index.php?rest_route=%2Fwp%2Fv2%2Fcategories&post=3137"},{"taxonomy":"post_tag","embeddable":true,"href":"https:\/\/www.svetianteknin.com\/index.php?rest_route=%2Fwp%2Fv2%2Ftags&post=3137"}],"curies":[{"name":"wp","href":"https:\/\/api.w.org\/{rel}","templated":true}]}}