{"id":3131,"date":"2025-06-07T21:44:14","date_gmt":"2025-06-07T20:44:14","guid":{"rendered":"https:\/\/www.svetianteknin.com\/?p=3131"},"modified":"2025-06-07T21:44:14","modified_gmt":"2025-06-07T20:44:14","slug":"zupne-obavijesti-duhovi-8-14-6-2025","status":"publish","type":"post","link":"https:\/\/www.svetianteknin.com\/?p=3131","title":{"rendered":"\u017dupne obavijesti, Duhovi (8. \u2013 14. 6. 2025.)"},"content":{"rendered":"<p><strong>Raspored svetih misa: Duhovi (8. \u2013 14. 6. 2025.)<\/strong><\/p>\n<table>\n<tbody>\n<tr>\n<td width=\"151\">Crkva<\/td>\n<td width=\"95\">Satnica<\/td>\n<td width=\"359\">Nakana<\/td>\n<\/tr>\n<tr>\n<td width=\"151\">Gospa GVHKZ<\/td>\n<td width=\"95\">8<\/td>\n<td width=\"359\">+ Ante<\/td>\n<\/tr>\n<tr>\n<td width=\"151\">Gospa VHKZ<\/td>\n<td width=\"95\">9:30<\/td>\n<td width=\"359\">Pro populo<\/td>\n<\/tr>\n<tr>\n<td width=\"151\">Gospa VHKZ<\/td>\n<td width=\"95\">11<\/td>\n<td width=\"359\">+ Petar, Bo\u017eica i Katica<\/td>\n<\/tr>\n<tr>\n<td width=\"151\">Gospa VHKZ<\/td>\n<td width=\"95\">19<\/td>\n<td width=\"359\">+ ob. Mi\u0161kovi\u0107<\/td>\n<\/tr>\n<\/tbody>\n<\/table>\n<p>&nbsp;<\/p>\n<table>\n<tbody>\n<tr>\n<td colspan=\"4\" width=\"624\">Ponedjeljak, 9. lipnja<\/td>\n<\/tr>\n<tr>\n<td width=\"53\">7<\/td>\n<td width=\"254\">+ ob. Boba\u0161, Bla\u017eevi\u0107 i Balta<\/td>\n<td width=\"55\">19<\/td>\n<td width=\"263\">+ Bojan i Ivan<\/td>\n<\/tr>\n<tr>\n<td colspan=\"4\" width=\"624\">Utorak, 10. lipnja<\/td>\n<\/tr>\n<tr>\n<td width=\"53\">7<\/td>\n<td width=\"254\">+ ob. Stojak i Le\u0161i\u0107<\/td>\n<td width=\"55\">19<\/td>\n<td width=\"263\">+ ob. Lipovac<\/td>\n<\/tr>\n<tr>\n<td colspan=\"4\" width=\"624\">Srijeda, 11. lipnja<\/td>\n<\/tr>\n<tr>\n<td width=\"53\">7<\/td>\n<td width=\"254\">Na nakanu<\/td>\n<td width=\"55\">19<\/td>\n<td width=\"263\">+ Kata i Niko<\/td>\n<\/tr>\n<tr>\n<td colspan=\"4\" width=\"624\">\u010cetvrtak, 12. lipnja<\/td>\n<\/tr>\n<tr>\n<td width=\"53\">7<\/td>\n<td width=\"254\">+ ob. \u0160afradin i Perica<\/td>\n<td width=\"55\">19<\/td>\n<td width=\"263\">+ ob. Budi\u0161a<\/td>\n<\/tr>\n<tr>\n<td colspan=\"4\" width=\"624\">Petak, 13. lipnja: sv. Ante<\/td>\n<\/tr>\n<tr>\n<td width=\"53\">6<\/td>\n<td width=\"254\">+ ob. Dujmu\u0161i\u0107 i Josipovi\u0107<\/td>\n<td width=\"55\">9:30<\/td>\n<td width=\"263\">Pro populo<\/td>\n<\/tr>\n<tr>\n<td width=\"53\">7<\/td>\n<td width=\"254\">+ ob. Blatan\u010di\u0107 i Gudelj<\/td>\n<td width=\"55\">19<\/td>\n<td width=\"263\">+ ob. \u0160imi\u0107 i \u0106osi\u0107<\/td>\n<\/tr>\n<tr>\n<td width=\"53\">8<\/td>\n<td width=\"254\">+ Ana Jozinovi\u0107<\/td>\n<td width=\"55\">&nbsp;<\/td>\n<td width=\"263\">&nbsp;<\/td>\n<\/tr>\n<tr>\n<td colspan=\"4\" width=\"624\">Subota, 14. lipnja<\/td>\n<\/tr>\n<tr>\n<td width=\"53\">7<\/td>\n<td width=\"254\">+ Iva \u0160imi\u0107<\/td>\n<td width=\"55\">18<\/td>\n<td width=\"263\">+ Ivo i Jela Ke\u0161ki\u0107<\/td>\n<\/tr>\n<\/tbody>\n<\/table>\n<p>Ju\u010der smo proslavili 1100 godina hrvatskog kraljevstva. Uz bogati kulturno umjetni\u010dki program i svetu misu na Tv\u0111avi, ostavili smo vidljivi trag ovoga doga\u0111aja. Na kninskoj stini brda Sv. Spasa, postavljena je spomen plo\u010da koja je svjedok velikih jubileja koja smo obilje\u017eili.<\/p>\n<p>U programi su sudjelovali, uz nas doma\u0107ine i gosti iz mnogih drugih mjesta: istaknut \u0107u predstavnike zajednice Hrvata iz Italije, Austrije, Ma\u0111arske, Srbije, Ruminjske, Bugarske, Kosova, Makedonije i Crne Gore\u2026 Zahvaljujemo \u0161to su svojim sudjelovanjem uzveli\u010dali proslavu hrvatskoga kraljevstva.<\/p>\n<p><strong>U tijeku je devetnica sv. Anti. Svaku ve\u010der prije ve\u010dernje mise je krunica i litanije sv. Ante,<\/strong><\/p>\n<p>U petak je blagdan sv. Ante za\u0161titnika na\u0161e \u017eupe. Raspored svetih misa: u crkvi sv. Ante u: 6, 7 i 8 sati. U 9:30 formirat \u0107emo procesiju od crkve sv. Ante ulicama na\u0161ega Grada Knina. U procesiji \u0107e naizmjeni\u010dno nositi sve\u010dev kip: vatrogasci, veterani 4.gardijske brigade, pripadnici HV, prosvjetni djelatnici, lije\u010dnici, KUD Dinara iz Kijeva i Hrv.Kult.Dru\u0161tvo Napredak. Po dolasku u Gospinu crkvu po\u010det \u0107e sve\u010dana sveta misa. Procesiju i misu predvodi biskup \u0161ibenski mons. Tomislav Rogi\u0107.<\/p>\n<p><strong>Prema obi\u010daju, od slijede\u0107e nedjelje do rujna nema mise u 11 sati.<\/strong><\/p>\n<p>&nbsp;<\/p>\n<p><strong>Pomolimo se za na\u0161e obitelji<\/strong><\/p>\n<p><strong>\u00a0Pod obranu se Tvoju utje\u010demo,<\/strong>\u00a0sveta Bogorodice. Ne odbij nam molbe u potrebama na\u0161im, nego nas od svih pogibelji uvijek oslobodi, Djevice slavna i blagoslovljena, Gospo\u0111o na\u0161a, Posrednice na\u0161a, Zagovornice na\u0161a! Sa svojim nas Sinom pomiri, svojemu nas Sinu preporu\u010di, svojemu nas Sinu izru\u010di. Amen. <strong><em>1x Zdravo Marijo\u2026 Sveta obitelji, moli za nas!<\/em><\/strong><\/p>\n","protected":false},"excerpt":{"rendered":"<p>Raspored svetih misa: Duhovi (8. \u2013 14. 6. 2025.) Crkva Satnica Nakana Gospa GVHKZ 8 + Ante Gospa VHKZ 9:30 Pro populo Gospa VHKZ 11 + Petar, Bo\u017eica i Katica Gospa VHKZ 19 + ob. Mi\u0161kovi\u0107 &nbsp; Ponedjeljak, 9. lipnja 7 + ob. Boba\u0161, Bla\u017eevi\u0107 i Balta 19 + Bojan i Ivan Utorak, 10. lipnja 7 + ob. Stojak i Le\u0161i\u0107 19 + ob. Lipovac [&hellip;]<\/p>\n","protected":false},"author":2,"featured_media":3132,"comment_status":"closed","ping_status":"closed","sticky":false,"template":"","format":"standard","meta":{"fifu_image_url":"","fifu_image_alt":"","footnotes":""},"categories":[6],"tags":[],"class_list":["post-3131","post","type-post","status-publish","format-standard","has-post-thumbnail","hentry","category-zupne-obavijesti"],"_links":{"self":[{"href":"https:\/\/www.svetianteknin.com\/index.php?rest_route=\/wp\/v2\/posts\/3131","targetHints":{"allow":["GET"]}}],"collection":[{"href":"https:\/\/www.svetianteknin.com\/index.php?rest_route=\/wp\/v2\/posts"}],"about":[{"href":"https:\/\/www.svetianteknin.com\/index.php?rest_route=\/wp\/v2\/types\/post"}],"author":[{"embeddable":true,"href":"https:\/\/www.svetianteknin.com\/index.php?rest_route=\/wp\/v2\/users\/2"}],"replies":[{"embeddable":true,"href":"https:\/\/www.svetianteknin.com\/index.php?rest_route=%2Fwp%2Fv2%2Fcomments&post=3131"}],"version-history":[{"count":1,"href":"https:\/\/www.svetianteknin.com\/index.php?rest_route=\/wp\/v2\/posts\/3131\/revisions"}],"predecessor-version":[{"id":3133,"href":"https:\/\/www.svetianteknin.com\/index.php?rest_route=\/wp\/v2\/posts\/3131\/revisions\/3133"}],"wp:featuredmedia":[{"embeddable":true,"href":"https:\/\/www.svetianteknin.com\/index.php?rest_route=\/wp\/v2\/media\/3132"}],"wp:attachment":[{"href":"https:\/\/www.svetianteknin.com\/index.php?rest_route=%2Fwp%2Fv2%2Fmedia&parent=3131"}],"wp:term":[{"taxonomy":"category","embeddable":true,"href":"https:\/\/www.svetianteknin.com\/index.php?rest_route=%2Fwp%2Fv2%2Fcategories&post=3131"},{"taxonomy":"post_tag","embeddable":true,"href":"https:\/\/www.svetianteknin.com\/index.php?rest_route=%2Fwp%2Fv2%2Ftags&post=3131"}],"curies":[{"name":"wp","href":"https:\/\/api.w.org\/{rel}","templated":true}]}}