{"id":3089,"date":"2025-04-26T20:45:11","date_gmt":"2025-04-26T19:45:11","guid":{"rendered":"https:\/\/www.svetianteknin.com\/?p=3089"},"modified":"2025-04-29T09:52:50","modified_gmt":"2025-04-29T08:52:50","slug":"zupne-obavijesti-2-uc-27-4-3-5-2025","status":"publish","type":"post","link":"https:\/\/www.svetianteknin.com\/?p=3089","title":{"rendered":"\u017dupne obavijesti, 2 UC (27. 4. \u2013 3. 5. 2025.)"},"content":{"rendered":"<p><strong>Raspored svetih misa: 2 UC (27. 4. \u2013 3. 5. 2025.)<\/strong><\/p>\n<table>\n<tbody>\n<tr>\n<td colspan=\"1\" rowspan=\"1\" width=\"151\">Crkva<\/td>\n<td colspan=\"1\" rowspan=\"1\" width=\"95\">Satnica<\/td>\n<td colspan=\"1\" rowspan=\"1\" width=\"359\">Nakana<\/td>\n<\/tr>\n<tr>\n<td colspan=\"1\" rowspan=\"1\" width=\"151\">Sveti Ante<\/td>\n<td colspan=\"1\" rowspan=\"1\" width=\"95\">8<\/td>\n<td colspan=\"1\" rowspan=\"1\" width=\"359\">+ Ivo, Lucija i Ranko<\/td>\n<\/tr>\n<tr>\n<td colspan=\"1\" rowspan=\"1\" width=\"151\">Gospa VHKZ<\/td>\n<td colspan=\"1\" rowspan=\"1\" width=\"95\">9:30<\/td>\n<td colspan=\"1\" rowspan=\"1\" width=\"359\">+ papa FRANJO<\/td>\n<\/tr>\n<tr>\n<td colspan=\"1\" rowspan=\"1\" width=\"151\">Gospa VHKZ<\/td>\n<td colspan=\"1\" rowspan=\"1\" width=\"95\">11<\/td>\n<td colspan=\"1\" rowspan=\"1\" width=\"359\">+ Jozo i Josip<\/td>\n<\/tr>\n<tr>\n<td colspan=\"1\" rowspan=\"1\" width=\"151\">Gospa VHKZ<\/td>\n<td colspan=\"1\" rowspan=\"1\" width=\"95\">19<\/td>\n<td colspan=\"1\" rowspan=\"1\" width=\"359\">+ Marina Ivki\u0107<\/td>\n<\/tr>\n<\/tbody>\n<\/table>\n<table>\n<tbody>\n<tr>\n<td colspan=\"4\" rowspan=\"1\" width=\"624\">Ponedjeljak, 28. travnja<\/td>\n<\/tr>\n<tr>\n<td colspan=\"1\" rowspan=\"1\" width=\"53\">7<\/td>\n<td colspan=\"1\" rowspan=\"1\" width=\"254\">+ ob. Bari\u0107 i Kre\u0161o<\/td>\n<td colspan=\"1\" rowspan=\"1\" width=\"55\">19<\/td>\n<td colspan=\"1\" rowspan=\"1\" width=\"263\">+ Mirko i + ob. Tomi\u0107<\/td>\n<\/tr>\n<tr>\n<td colspan=\"4\" rowspan=\"1\" width=\"624\">Utorak, 29. travnja<\/td>\n<\/tr>\n<tr>\n<td colspan=\"1\" rowspan=\"1\" width=\"53\">7<\/td>\n<td colspan=\"1\" rowspan=\"1\" width=\"254\">+ An\u0111a, Vinko i + ob. Dui\u0107 i Ivan\u010di\u0107<\/td>\n<td colspan=\"1\" rowspan=\"1\" width=\"55\">19<\/td>\n<td colspan=\"1\" rowspan=\"1\" width=\"263\">+ Mirko Mili\u010devi\u0107<\/td>\n<\/tr>\n<tr>\n<td colspan=\"4\" rowspan=\"1\" width=\"624\">Srijeda, 30. travnja<\/td>\n<\/tr>\n<tr>\n<td colspan=\"1\" rowspan=\"1\" width=\"53\">7<\/td>\n<td colspan=\"1\" rowspan=\"1\" width=\"254\">+ Simon<\/td>\n<td colspan=\"1\" rowspan=\"1\" width=\"55\">19<\/td>\n<td colspan=\"1\" rowspan=\"1\" width=\"263\">+ Anto i Ana Badrov<\/td>\n<\/tr>\n<tr>\n<td colspan=\"4\" rowspan=\"1\" width=\"624\">\u010cetvrtak, 1. svibnja<\/td>\n<\/tr>\n<tr>\n<td colspan=\"1\" rowspan=\"1\" width=\"53\">7<\/td>\n<td colspan=\"1\" rowspan=\"1\" width=\"254\">+ Marija, Suzana, Mijo, Kata i Franjo<\/td>\n<td colspan=\"1\" rowspan=\"1\" width=\"55\">19<\/td>\n<td colspan=\"1\" rowspan=\"1\" width=\"263\">+ Angelo Lisac<\/td>\n<\/tr>\n<tr>\n<td colspan=\"4\" rowspan=\"1\" width=\"624\">Petak, 2. svibnja<\/td>\n<\/tr>\n<tr>\n<td colspan=\"1\" rowspan=\"1\" width=\"53\">7<\/td>\n<td colspan=\"1\" rowspan=\"1\" width=\"254\">Na odluku<\/td>\n<td colspan=\"1\" rowspan=\"1\" width=\"55\">19<\/td>\n<td colspan=\"1\" rowspan=\"1\" width=\"263\">+ ob. Komar i Raj\u010di\u0107<\/td>\n<\/tr>\n<tr>\n<td colspan=\"4\" rowspan=\"1\" width=\"624\">Subota, 3. svibnja<\/td>\n<\/tr>\n<tr>\n<td colspan=\"1\" rowspan=\"1\" width=\"53\">7<\/td>\n<td colspan=\"1\" rowspan=\"1\" width=\"254\">+ ob. Ivi\u0161i\u0107<\/td>\n<td colspan=\"1\" rowspan=\"1\" width=\"55\">19<\/td>\n<td colspan=\"1\" rowspan=\"1\" width=\"263\">+ Pero i Melanija Nevjesti\u0107<\/td>\n<\/tr>\n<\/tbody>\n<\/table>\n<p><strong>Te\u010daj za brak<\/strong>: od 5. \u2013 7. svibnja u samostanskoj dvorani u 20 sati.<\/p>\n<p><strong>Danas je nedjelja Bo\u017eanskog milosr\u0111a<\/strong>. Na ve\u010dernjoj misi u 19 sati, bit \u0107e Alan Hr\u017eica. Poslije mise bit \u0107e \u201eVe\u010der Slavljenja\u201c uz pjesmu i molitvu.<\/p>\n<p><strong>Utorak:<\/strong> sedmi od 13 utoraka sv. Ante. Nakon ve\u010dernje mise je molitva sv. Anti.<\/p>\n<p><strong>Vjeronauk za krizmanike<\/strong> je u utorak a prvopri\u010desnike u petak u 10 i u 16 sati.<\/p>\n<p><strong>\u010cetvrtak<\/strong>, s. svibnja je sv. Josip Radnik, nave\u010der po\u010dinje svibanjska pobo\u017enost Gospine krunice. To je ujedno dan sje\u0107anja na napad Marti\u0107eve milicije na sela Potkonje i Vrpolje. Misa na tvr\u0111avi u crkvi sv. Barbare je u 9 sati.<\/p>\n<p>U <strong>petak<\/strong>, 2. svibnja je susret biskupa s krizmanicima u 19 sati u crkvi GVHKZ.<\/p>\n<p>U <strong>subotu<\/strong> je krizma u 11 sati.<\/p>\n<p><strong>Molitva za papu Franju<\/strong>: O\u010de na\u0161\u2026 Zdravo Marijo\u2026 Pokoj vje\u010dni\u2026<\/p>\n<p><strong>Pomolimo se za na\u0161e obitelji<\/strong><\/p>\n<p><strong> Pod obranu se Tvoju utje\u010demo,<\/strong> sveta Bogorodice. Ne odbij nam molbe u potrebama na\u0161im, nego nas od svih pogibelji uvijek oslobodi, Djevice slavna i blagoslovljena, Gospo\u0111o na\u0161a, Posrednice na\u0161a, Zagovornice na\u0161a! Sa svojim nas Sinom pomiri, svojemu nas Sinu preporu\u010di, svojemu nas Sinu izru\u010di. Amen. <strong><em>1x Zdravo Marijo\u2026 Sveta obitelji, moli za nas!<\/em><\/strong><\/p>\n","protected":false},"excerpt":{"rendered":"<p>Raspored svetih misa: 2 UC (27. 4. \u2013 3. 5. 2025.) Crkva Satnica Nakana Sveti Ante 8 + Ivo, Lucija i Ranko Gospa VHKZ 9:30 + papa FRANJO Gospa VHKZ 11 + Jozo i Josip Gospa VHKZ 19 + Marina Ivki\u0107 Ponedjeljak, 28. travnja 7 + ob. Bari\u0107 i Kre\u0161o 19 + Mirko i + ob. Tomi\u0107 Utorak, 29. travnja 7 + An\u0111a, Vinko i [&hellip;]<\/p>\n","protected":false},"author":2,"featured_media":3090,"comment_status":"closed","ping_status":"closed","sticky":false,"template":"","format":"standard","meta":{"fifu_image_url":"","fifu_image_alt":"","footnotes":""},"categories":[6],"tags":[],"class_list":["post-3089","post","type-post","status-publish","format-standard","has-post-thumbnail","hentry","category-zupne-obavijesti"],"_links":{"self":[{"href":"https:\/\/www.svetianteknin.com\/index.php?rest_route=\/wp\/v2\/posts\/3089","targetHints":{"allow":["GET"]}}],"collection":[{"href":"https:\/\/www.svetianteknin.com\/index.php?rest_route=\/wp\/v2\/posts"}],"about":[{"href":"https:\/\/www.svetianteknin.com\/index.php?rest_route=\/wp\/v2\/types\/post"}],"author":[{"embeddable":true,"href":"https:\/\/www.svetianteknin.com\/index.php?rest_route=\/wp\/v2\/users\/2"}],"replies":[{"embeddable":true,"href":"https:\/\/www.svetianteknin.com\/index.php?rest_route=%2Fwp%2Fv2%2Fcomments&post=3089"}],"version-history":[{"count":2,"href":"https:\/\/www.svetianteknin.com\/index.php?rest_route=\/wp\/v2\/posts\/3089\/revisions"}],"predecessor-version":[{"id":3099,"href":"https:\/\/www.svetianteknin.com\/index.php?rest_route=\/wp\/v2\/posts\/3089\/revisions\/3099"}],"wp:featuredmedia":[{"embeddable":true,"href":"https:\/\/www.svetianteknin.com\/index.php?rest_route=\/wp\/v2\/media\/3090"}],"wp:attachment":[{"href":"https:\/\/www.svetianteknin.com\/index.php?rest_route=%2Fwp%2Fv2%2Fmedia&parent=3089"}],"wp:term":[{"taxonomy":"category","embeddable":true,"href":"https:\/\/www.svetianteknin.com\/index.php?rest_route=%2Fwp%2Fv2%2Fcategories&post=3089"},{"taxonomy":"post_tag","embeddable":true,"href":"https:\/\/www.svetianteknin.com\/index.php?rest_route=%2Fwp%2Fv2%2Ftags&post=3089"}],"curies":[{"name":"wp","href":"https:\/\/api.w.org\/{rel}","templated":true}]}}