{"id":3081,"date":"2025-04-21T14:28:05","date_gmt":"2025-04-21T13:28:05","guid":{"rendered":"https:\/\/www.svetianteknin.com\/?p=3081"},"modified":"2025-04-21T14:28:05","modified_gmt":"2025-04-21T13:28:05","slug":"zupne-obavijesti-uskrs-20-26-4-2025","status":"publish","type":"post","link":"https:\/\/www.svetianteknin.com\/?p=3081","title":{"rendered":"\u017dupne obavijesti, Uskrs (20. \u2013 26. 4. 2025.)"},"content":{"rendered":"<p><strong>Raspored svetih misa: Uskrs (20. \u2013 26. 4. 2025.)<\/strong><\/p>\n<table>\n<tbody>\n<tr>\n<td width=\"151\">Crkva<\/td>\n<td width=\"95\">Satnica<\/td>\n<td width=\"359\">Nakana<\/td>\n<\/tr>\n<tr>\n<td width=\"151\">Sveti Ante<\/td>\n<td width=\"95\">8<\/td>\n<td width=\"359\">+ ob. Bo\u0161njak i Luji\u0107<\/td>\n<\/tr>\n<tr>\n<td width=\"151\">Gospa VHKZ<\/td>\n<td width=\"95\">9:30<\/td>\n<td width=\"359\">pro populo<\/td>\n<\/tr>\n<tr>\n<td width=\"151\">Gospa VHKZ<\/td>\n<td width=\"95\">11<\/td>\n<td width=\"359\">+ Mijo \u0160imi\u0107<\/td>\n<\/tr>\n<tr>\n<td width=\"151\">Gospa VHKZ<\/td>\n<td width=\"95\">19<\/td>\n<td width=\"359\">+ Jela Lipovac<\/td>\n<\/tr>\n<\/tbody>\n<\/table>\n<p>&nbsp;<\/p>\n<table>\n<tbody>\n<tr>\n<td colspan=\"4\" width=\"624\">Ponedjeljak, 21. travnja: Uskrsni ponedjeljak<\/td>\n<\/tr>\n<tr>\n<td width=\"53\">8<\/td>\n<td width=\"254\">+ ob. Dreno i Koji\u0107<\/td>\n<td width=\"55\">9:30<\/td>\n<td width=\"263\">+ Mijo i Ozrenka Pranji\u0107<\/td>\n<\/tr>\n<tr>\n<td width=\"53\">&nbsp;<\/td>\n<td width=\"254\">&nbsp;<\/td>\n<td width=\"55\">19<\/td>\n<td width=\"263\">+ An\u0111elka i + ob. Br\u010dina i Turbi\u0107<\/td>\n<\/tr>\n<tr>\n<td colspan=\"4\" width=\"624\">Utorak, 22. travnja<\/td>\n<\/tr>\n<tr>\n<td width=\"53\">8<\/td>\n<td width=\"254\">+ Luca i Pero<\/td>\n<td width=\"55\">19<\/td>\n<td width=\"263\">+ Tadija, + ob. Ko\u017eul, Mlikota i Pulji\u0107<\/td>\n<\/tr>\n<tr>\n<td colspan=\"4\" width=\"624\">Srijeda, 23. travnja<\/td>\n<\/tr>\n<tr>\n<td width=\"53\">8<\/td>\n<td width=\"254\">+ ob. Maru\u0161i\u0107 i Nui\u0107<\/td>\n<td width=\"55\">19<\/td>\n<td width=\"263\">+ ob. Kaji\u0107<\/td>\n<\/tr>\n<tr>\n<td colspan=\"4\" width=\"624\">\u010cetvrtak, 24. travnja<\/td>\n<\/tr>\n<tr>\n<td width=\"53\">8<\/td>\n<td width=\"254\">+ Slobodan Martinovi\u0107<\/td>\n<td width=\"55\">19<\/td>\n<td width=\"263\">+ Terezija Malji\u0107<\/td>\n<\/tr>\n<tr>\n<td colspan=\"4\" width=\"624\">Petak, 25. Travnja<\/td>\n<\/tr>\n<tr>\n<td width=\"53\">8<\/td>\n<td width=\"254\">+ Stipo i Marija Smolji\u0107<\/td>\n<td width=\"55\">19<\/td>\n<td width=\"263\">+ ob. Prani\u0107 i Antolovi\u0107<\/td>\n<\/tr>\n<tr>\n<td colspan=\"4\" width=\"624\">Subota, 26. Travnja<\/td>\n<\/tr>\n<tr>\n<td width=\"53\">8<\/td>\n<td width=\"254\">+ Ilija, Anica i Mirko<\/td>\n<td width=\"55\">19<\/td>\n<td width=\"263\">+ \u017darko<\/td>\n<\/tr>\n<\/tbody>\n<\/table>\n<p>Jutarnje mise u crkvi sv. Ante ovaj tjedan su u 8 sati<\/p>\n<p>Uskrsni ponedjeljak: mise u 8, 9:30 i 19 sati<\/p>\n<p>Utorak: \u0161esti od 13 utoraka sv. Ante. Nakon ve\u010dernje mise je molitva sv. Anti.<\/p>\n<p>U utorak poslije ve\u010dernje mise, u dvorani crkve GVHKZ, je predstavljanje knjige Blanke Matkovi\u0107.<\/p>\n<p>U ime samostana sv. Ante, sve\u0107enika i \u010dasnih sestara, vama i va\u0161im obiteljima \u017eelimo sretan i blagoslovljen Uskrs.<\/p>\n<p><strong>Pomolimo se za na\u0161e obitelji<\/strong><\/p>\n<p><strong>\u00a0<\/strong><strong>Pod obranu se Tvoju utje\u010demo,<\/strong>\u00a0sveta Bogorodice. Ne odbij nam molbe u potrebama na\u0161im, nego nas od svih pogibelji uvijek oslobodi, Djevice slavna i blagoslovljena, Gospo\u0111o na\u0161a, Posrednice na\u0161a, Zagovornice na\u0161a! Sa svojim nas Sinom pomiri, svojemu nas Sinu preporu\u010di, svojemu nas Sinu izru\u010di. Amen. <strong><em>1x Zdravo Marijo\u2026 Sveta obitelji, moli za nas!<\/em><\/strong><\/p>\n","protected":false},"excerpt":{"rendered":"<p>Raspored svetih misa: Uskrs (20. \u2013 26. 4. 2025.) Crkva Satnica Nakana Sveti Ante 8 + ob. Bo\u0161njak i Luji\u0107 Gospa VHKZ 9:30 pro populo Gospa VHKZ 11 + Mijo \u0160imi\u0107 Gospa VHKZ 19 + Jela Lipovac &nbsp; Ponedjeljak, 21. travnja: Uskrsni ponedjeljak 8 + ob. Dreno i Koji\u0107 9:30 + Mijo i Ozrenka Pranji\u0107 &nbsp; &nbsp; 19 + An\u0111elka i + ob. Br\u010dina i [&hellip;]<\/p>\n","protected":false},"author":2,"featured_media":3082,"comment_status":"closed","ping_status":"closed","sticky":false,"template":"","format":"standard","meta":{"fifu_image_url":"","fifu_image_alt":"","footnotes":""},"categories":[6],"tags":[],"class_list":["post-3081","post","type-post","status-publish","format-standard","has-post-thumbnail","hentry","category-zupne-obavijesti"],"_links":{"self":[{"href":"https:\/\/www.svetianteknin.com\/index.php?rest_route=\/wp\/v2\/posts\/3081","targetHints":{"allow":["GET"]}}],"collection":[{"href":"https:\/\/www.svetianteknin.com\/index.php?rest_route=\/wp\/v2\/posts"}],"about":[{"href":"https:\/\/www.svetianteknin.com\/index.php?rest_route=\/wp\/v2\/types\/post"}],"author":[{"embeddable":true,"href":"https:\/\/www.svetianteknin.com\/index.php?rest_route=\/wp\/v2\/users\/2"}],"replies":[{"embeddable":true,"href":"https:\/\/www.svetianteknin.com\/index.php?rest_route=%2Fwp%2Fv2%2Fcomments&post=3081"}],"version-history":[{"count":1,"href":"https:\/\/www.svetianteknin.com\/index.php?rest_route=\/wp\/v2\/posts\/3081\/revisions"}],"predecessor-version":[{"id":3083,"href":"https:\/\/www.svetianteknin.com\/index.php?rest_route=\/wp\/v2\/posts\/3081\/revisions\/3083"}],"wp:featuredmedia":[{"embeddable":true,"href":"https:\/\/www.svetianteknin.com\/index.php?rest_route=\/wp\/v2\/media\/3082"}],"wp:attachment":[{"href":"https:\/\/www.svetianteknin.com\/index.php?rest_route=%2Fwp%2Fv2%2Fmedia&parent=3081"}],"wp:term":[{"taxonomy":"category","embeddable":true,"href":"https:\/\/www.svetianteknin.com\/index.php?rest_route=%2Fwp%2Fv2%2Fcategories&post=3081"},{"taxonomy":"post_tag","embeddable":true,"href":"https:\/\/www.svetianteknin.com\/index.php?rest_route=%2Fwp%2Fv2%2Ftags&post=3081"}],"curies":[{"name":"wp","href":"https:\/\/api.w.org\/{rel}","templated":true}]}}