{"id":3045,"date":"2025-02-22T21:34:38","date_gmt":"2025-02-22T20:34:38","guid":{"rendered":"https:\/\/www.svetianteknin.com\/?p=3045"},"modified":"2025-02-22T21:34:38","modified_gmt":"2025-02-22T20:34:38","slug":"zupne-obavijesti-7-kgc-23-2-1-3-2025","status":"publish","type":"post","link":"https:\/\/www.svetianteknin.com\/?p=3045","title":{"rendered":"\u017dupne obavijesti, 7 KGC (23. 2. &#8211;\u00a0 1. 3. 2025.)"},"content":{"rendered":"<p><strong>Raspored svetih misa: 7 KGC (23. 2. &#8211;\u00a0 1. 3. 2025.)<\/strong><\/p>\n<table>\n<tbody>\n<tr>\n<td width=\"151\">Crkva<\/td>\n<td width=\"95\">Satnica<\/td>\n<td width=\"359\">Nakana<\/td>\n<\/tr>\n<tr>\n<td width=\"151\">Sveti Ante<\/td>\n<td width=\"95\">8<\/td>\n<td width=\"359\">+ Damir i Nikol (\u017e)<\/td>\n<\/tr>\n<tr>\n<td width=\"151\">Gospa VHKZ<\/td>\n<td width=\"95\">9:30<\/td>\n<td width=\"359\">pro populo<\/td>\n<\/tr>\n<tr>\n<td width=\"151\">Gospa VHKZ<\/td>\n<td width=\"95\">11<\/td>\n<td width=\"359\">+ ob. Mandi\u0107 i Leki\u0107<\/td>\n<\/tr>\n<tr>\n<td width=\"151\">Gospa VHKZ<\/td>\n<td width=\"95\">18<\/td>\n<td width=\"359\">+ \u0160\u0107epo Jozinovi\u0107<\/td>\n<\/tr>\n<\/tbody>\n<\/table>\n<p>&nbsp;<\/p>\n<table>\n<tbody>\n<tr>\n<td colspan=\"4\" width=\"624\">Ponedjeljak, 24. velja\u010de<\/td>\n<\/tr>\n<tr>\n<td width=\"53\">7<\/td>\n<td width=\"254\">+ Darko Maji\u0107<\/td>\n<td width=\"55\">18<\/td>\n<td width=\"263\">+ ob. Dabro<\/td>\n<\/tr>\n<tr>\n<td colspan=\"4\" width=\"624\">Utorak, 25. velja\u010de<\/td>\n<\/tr>\n<tr>\n<td width=\"53\">7<\/td>\n<td width=\"254\">Na odluku<\/td>\n<td width=\"55\">18<\/td>\n<td width=\"263\">+ ob. Grgi\u0107 i Ere\u0161<\/td>\n<\/tr>\n<tr>\n<td colspan=\"4\" width=\"624\">Srijeda, 26. velja\u010de<\/td>\n<\/tr>\n<tr>\n<td width=\"53\">7<\/td>\n<td width=\"254\">+ ob. Pinju\u0161i\u0107 i \u017dili\u0107<\/td>\n<td width=\"55\">18<\/td>\n<td width=\"263\">+ ob. \u0160ari\u0107 i Mili\u010devi\u0107<\/td>\n<\/tr>\n<tr>\n<td colspan=\"4\" width=\"624\">\u010cetvrtak, 27. velja\u010de<\/td>\n<\/tr>\n<tr>\n<td width=\"53\">7<\/td>\n<td width=\"254\">+ Milka, Jela i Delfa<\/td>\n<td width=\"55\">18<\/td>\n<td width=\"263\">+ ob. \u0160eri\u0107 i Kne\u017eevi\u0107<\/td>\n<\/tr>\n<tr>\n<td colspan=\"4\" width=\"624\">Petak, 28. velja\u010de<\/td>\n<\/tr>\n<tr>\n<td width=\"53\">7<\/td>\n<td width=\"254\">+ ob. Pratlja\u010di\u0107 i Kramar<\/td>\n<td width=\"55\">18<\/td>\n<td width=\"263\">+ Zdenko<\/td>\n<\/tr>\n<tr>\n<td colspan=\"4\" width=\"624\">Subota, 1. o\u017eujka<\/td>\n<\/tr>\n<tr>\n<td width=\"53\">7<\/td>\n<td width=\"254\">+ Luca, An\u0111a i Frano<\/td>\n<td width=\"55\">18<\/td>\n<td width=\"263\">+ Ana Petri\u010devi\u0107<\/td>\n<\/tr>\n<\/tbody>\n<\/table>\n<p><strong>\u00a0<\/strong><\/p>\n<p><strong>Srijeda je sedma od devet sv. Josipu. <\/strong>Prije mise je krunica sv. Josipa. Poslije mise su zazivi sv. Josipu za obitelj, brojno potomstvo, Domovinu i da nas Bog sa\u010duva od nenadne i nepripravne smrti.<\/p>\n<p>Ovaj tjedan nema nastave pa ne \u0107e biti ni \u017eupni vjeronauk.<\/p>\n<p>Probe dje\u010djeg zbora su u subotu u 11 sati.<\/p>\n<p>Akcija hrvatskog Caritasa <strong>\u201e Spasi kunu od propasti, daruj je za 1000 radosti\u201c<\/strong>. Prona\u0111i neiskori\u0161tene kune ili lipe i umjesto da propadnu, daruj ih za potrebe Caritasa. U tu svrhu, na izlazu iz crkve sv. Ante i u predsoblju crkve GVHKZ su posebno ozna\u010dene \u0161krabice. Akcija prikupljanja traje do kraja Korizme.<\/p>\n<p>&nbsp;<\/p>\n<p><strong>Pomolimo se za na\u0161e obitelji<\/strong><\/p>\n<p><strong>\u00a0<\/strong><strong>Pod obranu se Tvoju utje\u010demo,<\/strong>\u00a0sveta Bogorodice. Ne odbij nam molbe u potrebama na\u0161im, nego nas od svih pogibelji uvijek oslobodi, Djevice slavna i blagoslovljena, Gospo\u0111o na\u0161a, Posrednice na\u0161a, Zagovornice na\u0161a! Sa svojim nas Sinom pomiri, svojemu nas Sinu preporu\u010di, svojemu nas Sinu izru\u010di. Amen. <strong><em>1x Zdravo Marijo\u2026 Sveta obitelji, moli za nas!<\/em><\/strong><\/p>\n","protected":false},"excerpt":{"rendered":"<p>Raspored svetih misa: 7 KGC (23. 2. &#8211;\u00a0 1. 3. 2025.) Crkva Satnica Nakana Sveti Ante 8 + Damir i Nikol (\u017e) Gospa VHKZ 9:30 pro populo Gospa VHKZ 11 + ob. Mandi\u0107 i Leki\u0107 Gospa VHKZ 18 + \u0160\u0107epo Jozinovi\u0107 &nbsp; Ponedjeljak, 24. velja\u010de 7 + Darko Maji\u0107 18 + ob. Dabro Utorak, 25. velja\u010de 7 Na odluku 18 + ob. Grgi\u0107 i Ere\u0161 [&hellip;]<\/p>\n","protected":false},"author":2,"featured_media":2851,"comment_status":"closed","ping_status":"closed","sticky":false,"template":"","format":"standard","meta":{"fifu_image_url":"","fifu_image_alt":"","footnotes":""},"categories":[6],"tags":[],"class_list":["post-3045","post","type-post","status-publish","format-standard","has-post-thumbnail","hentry","category-zupne-obavijesti"],"_links":{"self":[{"href":"https:\/\/www.svetianteknin.com\/index.php?rest_route=\/wp\/v2\/posts\/3045","targetHints":{"allow":["GET"]}}],"collection":[{"href":"https:\/\/www.svetianteknin.com\/index.php?rest_route=\/wp\/v2\/posts"}],"about":[{"href":"https:\/\/www.svetianteknin.com\/index.php?rest_route=\/wp\/v2\/types\/post"}],"author":[{"embeddable":true,"href":"https:\/\/www.svetianteknin.com\/index.php?rest_route=\/wp\/v2\/users\/2"}],"replies":[{"embeddable":true,"href":"https:\/\/www.svetianteknin.com\/index.php?rest_route=%2Fwp%2Fv2%2Fcomments&post=3045"}],"version-history":[{"count":2,"href":"https:\/\/www.svetianteknin.com\/index.php?rest_route=\/wp\/v2\/posts\/3045\/revisions"}],"predecessor-version":[{"id":3047,"href":"https:\/\/www.svetianteknin.com\/index.php?rest_route=\/wp\/v2\/posts\/3045\/revisions\/3047"}],"wp:featuredmedia":[{"embeddable":true,"href":"https:\/\/www.svetianteknin.com\/index.php?rest_route=\/wp\/v2\/media\/2851"}],"wp:attachment":[{"href":"https:\/\/www.svetianteknin.com\/index.php?rest_route=%2Fwp%2Fv2%2Fmedia&parent=3045"}],"wp:term":[{"taxonomy":"category","embeddable":true,"href":"https:\/\/www.svetianteknin.com\/index.php?rest_route=%2Fwp%2Fv2%2Fcategories&post=3045"},{"taxonomy":"post_tag","embeddable":true,"href":"https:\/\/www.svetianteknin.com\/index.php?rest_route=%2Fwp%2Fv2%2Ftags&post=3045"}],"curies":[{"name":"wp","href":"https:\/\/api.w.org\/{rel}","templated":true}]}}