{"id":2934,"date":"2024-11-23T20:51:43","date_gmt":"2024-11-23T19:51:43","guid":{"rendered":"https:\/\/www.svetianteknin.com\/?p=2934"},"modified":"2024-11-23T20:52:27","modified_gmt":"2024-11-23T19:52:27","slug":"zupne-obavijesti-krist-kralj-24-30-11-2024","status":"publish","type":"post","link":"https:\/\/www.svetianteknin.com\/?p=2934","title":{"rendered":"\u017dupne obavijesti, Krist Kralj (24. \u2013 30. 11. 2024.)"},"content":{"rendered":"<p><strong>Raspored svetih misa: Krist Kralj (24. \u2013 30. 11. 2024.)<\/strong><\/p>\n<table>\n<tbody>\n<tr>\n<td width=\"151\">Crkva<\/td>\n<td width=\"95\">Satnica<\/td>\n<td width=\"359\">Nakana<\/td>\n<\/tr>\n<tr>\n<td width=\"151\">Sveti Ante<\/td>\n<td width=\"95\">8<\/td>\n<td width=\"359\">+ Predrag, Matija (\u017e) i Stana<\/td>\n<\/tr>\n<tr>\n<td width=\"151\">Gospa VHKZ<\/td>\n<td width=\"95\">9:30<\/td>\n<td width=\"359\">pro populo<\/td>\n<\/tr>\n<tr>\n<td width=\"151\">Gospa VHKZ<\/td>\n<td width=\"95\">11<\/td>\n<td width=\"359\">+ Kristina jukica<\/td>\n<\/tr>\n<tr>\n<td width=\"151\">Gospa VHKZ<\/td>\n<td width=\"95\">18<\/td>\n<td width=\"359\">+ Kata, Ljubica i Fabijan<\/td>\n<\/tr>\n<\/tbody>\n<\/table>\n<p>&nbsp;<\/p>\n<table>\n<tbody>\n<tr>\n<td colspan=\"4\" width=\"624\">Ponedjeljak, 25. studenoga: sv. Kata<\/td>\n<\/tr>\n<tr>\n<td width=\"53\">7<\/td>\n<td width=\"254\">Na odluku<\/td>\n<td width=\"55\">18<\/td>\n<td width=\"263\">+ Kata Ko\u017eul<\/td>\n<\/tr>\n<tr>\n<td colspan=\"4\" width=\"624\">Utorak, 26. studenoga<\/td>\n<\/tr>\n<tr>\n<td width=\"53\">7<\/td>\n<td width=\"254\">+ Manda<\/td>\n<td width=\"55\">18<\/td>\n<td width=\"263\">+ ob. Ivandi\u0107 i Grebenar<\/td>\n<\/tr>\n<tr>\n<td colspan=\"4\" width=\"624\">Srijeda, 27. studenoga<\/td>\n<\/tr>\n<tr>\n<td width=\"53\">7<\/td>\n<td width=\"254\">+ Ivan Petri\u010devi\u0107<\/td>\n<td width=\"55\">18<\/td>\n<td width=\"263\">+ Jozo<\/td>\n<\/tr>\n<tr>\n<td colspan=\"4\" width=\"624\">\u010cetvrtak, 28. Studenoga<\/td>\n<\/tr>\n<tr>\n<td width=\"53\">7<\/td>\n<td width=\"254\">+ Ante Vu\u010demilovi\u0107 Grgi\u0107<\/td>\n<td width=\"55\">18<\/td>\n<td width=\"263\">+ ob. Boti\u0107 i Zec<\/td>\n<\/tr>\n<tr>\n<td colspan=\"4\" width=\"624\">Petak, 29. studenoga<\/td>\n<\/tr>\n<tr>\n<td width=\"53\">7<\/td>\n<td width=\"254\">+ ob. Vu\u010demilovi\u0107 Grgi\u0107, Lelas i Kaselj<\/td>\n<td width=\"55\">18<\/td>\n<td width=\"263\">+ ob. Are\u017eina<\/td>\n<\/tr>\n<tr>\n<td colspan=\"4\" width=\"624\">Subota, 30. listopada: sv. Andrija<\/td>\n<\/tr>\n<tr>\n<td width=\"53\">7<\/td>\n<td width=\"254\">+ An\u0111a Juri\u0161i\u0107<\/td>\n<td width=\"55\">18<\/td>\n<td width=\"263\">+ Nenad Seki\u0107<\/td>\n<\/tr>\n<\/tbody>\n<\/table>\n<p>&nbsp;<\/p>\n<p>Danas je nedjelja <strong>Krista Kralja<\/strong> i zavr\u0161etak crkvene liturgijske godine. Slijede\u0107a nedjelja je po\u010detak Adventa i pripreme za Bo\u017ei\u0107. Tijekom Adventa blagoslivljat \u0107emo obitelji i ispovjediti bolesnike. Blagoslov obitelji, kao i obi\u010dno, po\u010det \u0107emo od Kova\u010di\u0107a, prema centru grada.<\/p>\n<p><strong>Utorak:<\/strong> Vjeronauk za krizmanike u 10 i u 16 sati.<\/p>\n<p><strong>Petak:<\/strong> Vjeronauk za prvopri\u010desnike u 10 i u 16 sati.<\/p>\n<p><strong>Subota<\/strong>, Ministranti u 10, a dje\u010dji zbor u 11 sati. Poti\u010demo roditelje da motiviraju djecu da se uklju\u010de u ministrante ili dje\u010dji zbor.<\/p>\n<p>U subotu, u dvorani crkve GVHKZ je <strong>radionica za djecu u 16 sati: <\/strong>tema je izrada adventskih vijenaca. Djeca \u0107e ure\u0111ene vijence vratiti u svoju obitelj. Svake nedjelje adventa palit \u0107emo novu svije\u0107u koja najavljuje Kristovo ro\u0111enje. Neka djeca sa sobom ponesu adventske svije\u0107e.<\/p>\n<p>&nbsp;<\/p>\n<p><strong>MOLITVA ZA MIR U SVIJETU:<\/strong><\/p>\n<p><strong>Pod obranu se Tvoju utje\u010demo,<\/strong>\u00a0sveta Bogorodice. Ne odbij nam molbe u potrebama na\u0161im, nego nas od svih pogelji uvijek oslobodi, Djevice slavna i blagoslovljena, Gospo\u0111o na\u0161a, Posrednice na\u0161a, Zagovornice na\u0161a! Sa svojim nas Sinom pomiri, svojemu nas Sinu preporu\u010di, svojemu nas Sinu izru\u010di. Amen. <strong><em>1x Zdravo Marijo\u2026 <\/em>Kraljice mira, moli za nas!<\/strong><\/p>\n","protected":false},"excerpt":{"rendered":"<p>Raspored svetih misa: Krist Kralj (24. \u2013 30. 11. 2024.) Crkva Satnica Nakana Sveti Ante 8 + Predrag, Matija (\u017e) i Stana Gospa VHKZ 9:30 pro populo Gospa VHKZ 11 + Kristina jukica Gospa VHKZ 18 + Kata, Ljubica i Fabijan &nbsp; Ponedjeljak, 25. studenoga: sv. Kata 7 Na odluku 18 + Kata Ko\u017eul Utorak, 26. studenoga 7 + Manda 18 + ob. Ivandi\u0107 i [&hellip;]<\/p>\n","protected":false},"author":2,"featured_media":2935,"comment_status":"closed","ping_status":"closed","sticky":false,"template":"","format":"standard","meta":{"fifu_image_url":"","fifu_image_alt":"","footnotes":""},"categories":[6],"tags":[],"class_list":["post-2934","post","type-post","status-publish","format-standard","has-post-thumbnail","hentry","category-zupne-obavijesti"],"_links":{"self":[{"href":"https:\/\/www.svetianteknin.com\/index.php?rest_route=\/wp\/v2\/posts\/2934","targetHints":{"allow":["GET"]}}],"collection":[{"href":"https:\/\/www.svetianteknin.com\/index.php?rest_route=\/wp\/v2\/posts"}],"about":[{"href":"https:\/\/www.svetianteknin.com\/index.php?rest_route=\/wp\/v2\/types\/post"}],"author":[{"embeddable":true,"href":"https:\/\/www.svetianteknin.com\/index.php?rest_route=\/wp\/v2\/users\/2"}],"replies":[{"embeddable":true,"href":"https:\/\/www.svetianteknin.com\/index.php?rest_route=%2Fwp%2Fv2%2Fcomments&post=2934"}],"version-history":[{"count":1,"href":"https:\/\/www.svetianteknin.com\/index.php?rest_route=\/wp\/v2\/posts\/2934\/revisions"}],"predecessor-version":[{"id":2936,"href":"https:\/\/www.svetianteknin.com\/index.php?rest_route=\/wp\/v2\/posts\/2934\/revisions\/2936"}],"wp:featuredmedia":[{"embeddable":true,"href":"https:\/\/www.svetianteknin.com\/index.php?rest_route=\/wp\/v2\/media\/2935"}],"wp:attachment":[{"href":"https:\/\/www.svetianteknin.com\/index.php?rest_route=%2Fwp%2Fv2%2Fmedia&parent=2934"}],"wp:term":[{"taxonomy":"category","embeddable":true,"href":"https:\/\/www.svetianteknin.com\/index.php?rest_route=%2Fwp%2Fv2%2Fcategories&post=2934"},{"taxonomy":"post_tag","embeddable":true,"href":"https:\/\/www.svetianteknin.com\/index.php?rest_route=%2Fwp%2Fv2%2Ftags&post=2934"}],"curies":[{"name":"wp","href":"https:\/\/api.w.org\/{rel}","templated":true}]}}