{"id":2921,"date":"2024-10-26T19:50:26","date_gmt":"2024-10-26T18:50:26","guid":{"rendered":"https:\/\/www.svetianteknin.com\/?p=2921"},"modified":"2024-10-26T19:50:26","modified_gmt":"2024-10-26T18:50:26","slug":"zupne-obavijesti-30-kgb-27-10-2-11-2024","status":"publish","type":"post","link":"https:\/\/www.svetianteknin.com\/?p=2921","title":{"rendered":"\u017dupne obavijesti, 30 KGB (27. 10. \u00a0\u2013 2. 11. 2024.)"},"content":{"rendered":"<p><strong>Raspored svetih misa: 30 KGB (27. 10. \u00a0\u2013 2. 11. 2024.)<\/strong><\/p>\n<table>\n<tbody>\n<tr>\n<td width=\"151\">Crkva<\/td>\n<td width=\"95\">Satnica<\/td>\n<td width=\"359\">Nakana<\/td>\n<\/tr>\n<tr>\n<td width=\"151\">Sveti Ante<\/td>\n<td width=\"95\">8<\/td>\n<td width=\"359\">+ Ilija Petrovi\u0107<\/td>\n<\/tr>\n<tr>\n<td width=\"151\">Gospa VHKZ<\/td>\n<td width=\"95\">9:30<\/td>\n<td width=\"359\">pro populo<\/td>\n<\/tr>\n<tr>\n<td width=\"151\">Gospa VHKZ<\/td>\n<td width=\"95\">11<\/td>\n<td width=\"359\">+ Tonko i Ljuba<\/td>\n<\/tr>\n<tr>\n<td width=\"151\">Gospa VHKZ<\/td>\n<td width=\"95\">18<\/td>\n<td width=\"359\">+ ob. Komar i Raj\u010di\u0107<\/td>\n<\/tr>\n<\/tbody>\n<\/table>\n<p>&nbsp;<\/p>\n<table>\n<tbody>\n<tr>\n<td colspan=\"4\" width=\"624\">Ponedjeljak, 28. listopada<\/td>\n<\/tr>\n<tr>\n<td width=\"53\">7<\/td>\n<td width=\"254\">+ Ivo, Ana i Kata<\/td>\n<td width=\"55\">18<\/td>\n<td width=\"263\">+ Darijo Gali\u0107<\/td>\n<\/tr>\n<tr>\n<td colspan=\"4\" width=\"624\">Utorak, 29. listopada<\/td>\n<\/tr>\n<tr>\n<td width=\"53\">7<\/td>\n<td width=\"254\">Za zdravlje<\/td>\n<td width=\"55\">18<\/td>\n<td width=\"263\">+ Ru\u017ea. Stipica, Ru\u017ea i + ob. Gali\u0107<\/td>\n<\/tr>\n<tr>\n<td colspan=\"4\" width=\"624\">Srijeda, 30. listopada<\/td>\n<\/tr>\n<tr>\n<td width=\"53\">7<\/td>\n<td width=\"254\">+ Robert Duge\u010d<\/td>\n<td width=\"55\">18<\/td>\n<td width=\"263\">+ Milica \u010cur\u010di\u0107<\/td>\n<\/tr>\n<tr>\n<td colspan=\"4\" width=\"624\">\u010cetvrtak, 31. listopada<\/td>\n<\/tr>\n<tr>\n<td width=\"53\">7<\/td>\n<td width=\"254\">+ Ana, Marko i Ante<\/td>\n<td width=\"55\">18<\/td>\n<td width=\"263\">+ Kata i Kvinto Batarilo<\/td>\n<\/tr>\n<tr>\n<td colspan=\"4\" width=\"624\">Petak, 1. studenoga: Svi Sveti<\/td>\n<\/tr>\n<tr>\n<td width=\"53\">8<\/td>\n<td width=\"254\">+ Ivka i Jozo Cvitu\u0161i\u0107<\/td>\n<td width=\"55\">9:30<\/td>\n<td width=\"263\">Pro populo<\/td>\n<\/tr>\n<tr>\n<td colspan=\"4\" width=\"624\">Subota, 2. listopada: Du\u0161ni Dan<\/td>\n<\/tr>\n<tr>\n<td width=\"53\">7<\/td>\n<td width=\"254\">Franjevci , rodbina i dobro\u010dinitelji<\/td>\n<td width=\"55\">18<\/td>\n<td width=\"263\">Za pokojne \u017eupljane<\/td>\n<\/tr>\n<\/tbody>\n<\/table>\n<p>&nbsp;<\/p>\n<p><strong>Utorak:<\/strong> Vjeronauk za krizmanike u 10 i u 16 sati<\/p>\n<p><strong>Petak:<\/strong> Svi Sveti \u2013 mise u 8 sati u sv. Ante, a u GVHKZ u 9:30. Molitva za sve na\u0161e pokojne je na gradskom groblju u 16 sati, a na groblju u Potkonju u 15 sati. Zbog blagdana Svih Svetih, vjeronauk za prvopri\u010desnike ne \u0107e biti.<\/p>\n<p><strong>Subota<\/strong>, Du\u0161ni dan. Mise kao i obi\u010dnim danima. Jutarnja misa u Sv. Ante u 7 je za pokojne fratre, a ve\u010dernja u GVHKZ za sve pokojne na\u0161e \u017eupljane. Zbog Du\u0161nog dana, ne \u0107e biti susret ministranata ni dje\u010djeg zbora.<\/p>\n<p>U tijeku je <strong>listopadska pobo\u017enost<\/strong> BDM<\/p>\n<p><strong>Molitvena inicijativa \u201e40 dana za \u017eivot<\/strong>\u201c je svakoga dana ispred kninske bolnice od 10 do 14 sati.<\/p>\n<p>&nbsp;<\/p>\n<p><strong>MOLITVA ZA MIR U SVIJETU:<\/strong><\/p>\n<p><strong>Pod obranu se Tvoju utje\u010demo,<\/strong>\u00a0sveta Bogorodice. Ne odbij nam molbe u potrebama na\u0161im, nego nas od svih pogelji uvijek oslobodi, Djevice slavna i blagoslovljena, Gospo\u0111o na\u0161a, Posrednice na\u0161a, Zagovornice na\u0161a! Sa svojim nas Sinom pomiri, svojemu nas Sinu preporu\u010di, svojemu nas Sinu izru\u010di. Amen. <strong><em>1x Zdravo Marijo\u2026 <\/em>Kraljice mira, moli za nas!<\/strong><\/p>\n","protected":false},"excerpt":{"rendered":"<p>Raspored svetih misa: 30 KGB (27. 10. \u00a0\u2013 2. 11. 2024.) Crkva Satnica Nakana Sveti Ante 8 + Ilija Petrovi\u0107 Gospa VHKZ 9:30 pro populo Gospa VHKZ 11 + Tonko i Ljuba Gospa VHKZ 18 + ob. Komar i Raj\u010di\u0107 &nbsp; Ponedjeljak, 28. listopada 7 + Ivo, Ana i Kata 18 + Darijo Gali\u0107 Utorak, 29. listopada 7 Za zdravlje 18 + Ru\u017ea. Stipica, Ru\u017ea [&hellip;]<\/p>\n","protected":false},"author":2,"featured_media":2888,"comment_status":"closed","ping_status":"closed","sticky":false,"template":"","format":"standard","meta":{"fifu_image_url":"","fifu_image_alt":"","footnotes":""},"categories":[6],"tags":[],"class_list":["post-2921","post","type-post","status-publish","format-standard","has-post-thumbnail","hentry","category-zupne-obavijesti"],"_links":{"self":[{"href":"https:\/\/www.svetianteknin.com\/index.php?rest_route=\/wp\/v2\/posts\/2921","targetHints":{"allow":["GET"]}}],"collection":[{"href":"https:\/\/www.svetianteknin.com\/index.php?rest_route=\/wp\/v2\/posts"}],"about":[{"href":"https:\/\/www.svetianteknin.com\/index.php?rest_route=\/wp\/v2\/types\/post"}],"author":[{"embeddable":true,"href":"https:\/\/www.svetianteknin.com\/index.php?rest_route=\/wp\/v2\/users\/2"}],"replies":[{"embeddable":true,"href":"https:\/\/www.svetianteknin.com\/index.php?rest_route=%2Fwp%2Fv2%2Fcomments&post=2921"}],"version-history":[{"count":1,"href":"https:\/\/www.svetianteknin.com\/index.php?rest_route=\/wp\/v2\/posts\/2921\/revisions"}],"predecessor-version":[{"id":2922,"href":"https:\/\/www.svetianteknin.com\/index.php?rest_route=\/wp\/v2\/posts\/2921\/revisions\/2922"}],"wp:featuredmedia":[{"embeddable":true,"href":"https:\/\/www.svetianteknin.com\/index.php?rest_route=\/wp\/v2\/media\/2888"}],"wp:attachment":[{"href":"https:\/\/www.svetianteknin.com\/index.php?rest_route=%2Fwp%2Fv2%2Fmedia&parent=2921"}],"wp:term":[{"taxonomy":"category","embeddable":true,"href":"https:\/\/www.svetianteknin.com\/index.php?rest_route=%2Fwp%2Fv2%2Fcategories&post=2921"},{"taxonomy":"post_tag","embeddable":true,"href":"https:\/\/www.svetianteknin.com\/index.php?rest_route=%2Fwp%2Fv2%2Ftags&post=2921"}],"curies":[{"name":"wp","href":"https:\/\/api.w.org\/{rel}","templated":true}]}}