{"id":291,"date":"2019-09-21T15:34:57","date_gmt":"2019-09-21T14:34:57","guid":{"rendered":"http:\/\/www.svetianteknin.com\/?p=291"},"modified":"2019-09-22T13:03:12","modified_gmt":"2019-09-22T12:03:12","slug":"zupne-obavijesti-nedjelja-22-rujna-2019-25-kgc","status":"publish","type":"post","link":"https:\/\/www.svetianteknin.com\/?p=291","title":{"rendered":"\u017dupne obavijesti, nedjelja, 22. rujna 2019. &#8211; 25 KGC"},"content":{"rendered":"<p><strong>PONEDJELJAK, 25. rujna<\/strong><\/p>\n<p><strong>Frama<\/strong> \u2013 ponedjeljak u 19,30 sati u dvorani u samostanu sv. Ante \u2013Frama su mladi koji se dru\u017ee, razgovaraju, mole i pjevaju. Poti\u010demo na\u0161e mlade da se uklju\u010de u franjeva\u010dku mlade\u017e.<\/p>\n<p><strong>\u00a0<\/strong><\/p>\n<p><strong>UTORAK, 24.rujna<\/strong><\/p>\n<p>Ve\u010dernja misa za <strong>fratre na\u0161e Provincije ubijene<\/strong> tijekom i poslije II. Svjetskog rata, njih 44-oricu.<\/p>\n<p><strong>OFS <\/strong>\u2013 franjeva\u010dki svjetovni red \u2013 utorak poslije ve\u010dernje mise u Gospinoj crkvi.<\/p>\n<p>&nbsp;<\/p>\n<p><strong>SRIJEDA, 25. rujna<\/strong><\/p>\n<p><strong>Hod i molitva za za\u0161titu \u017eivota<\/strong> \u2013 da se zaustavi ubijanje nero\u0111ene djece. Sastat \u0107emo se ispred bolnice, zatim \u0107emo mole\u0107i krunicu i\u0107i prema Gospinoj crkvi. Tim hodom i molitvom dajemo do znanja svima da se zauzimamo za ro\u0111enje svakog za\u010detog djeteta. Abortus nije spojiv s na\u0161om kr\u0161\u0107anskom vjerom. Mi molimo Boga za prosvjetljenje onih koji \u010dine, zagovaraju ili toleriraju abortus da uvide svoj grijeh i da se po\u010dnu zauzimati za \u017eivot. Polazak od bolnice prema crkvi je u 18.30 sati.<\/p>\n<p><strong>\u00a0<\/strong><\/p>\n<p><strong>\u010cETVRTAK, 26. rujna<\/strong><\/p>\n<p><strong>Sastanak za roditelje prvopri\u010desnika i krizmanika <\/strong>u 20 sati. Molim sve roditelje da su obvezni do\u0107i na ovaj sastanak, jer ove godine imamo izmjene nekih pravila vezanih za djecu.<\/p>\n<p><strong>\u00a0<\/strong><\/p>\n<p><strong>SUBOTA, 28. rujna<\/strong><\/p>\n<p><strong>Ministranti<\/strong> \u2013 subota u 10 sati u Gospinoj crkvi. Poti\u010demo djecu i roditelje da ih dodatno potaknu da se uklju\u010de u ministrante. Ministranti su ukras i poslu\u017eitelji kod oltara. Draga djeco, uklju\u010dite se u ministrante, jer \u0107ete se, kad odrastete, uvijek s ponosom sje\u0107ati toga razdoblja \u017eivota.<\/p>\n<p><strong>Probe za dje\u010dji zbor<\/strong> \u2013 subota u 11 sati u Gospinoj crkvi<\/p>\n<p><strong>\u00a0<\/strong><\/p>\n<p><strong>Probe za veliki zbor:<\/strong> ponedjeljak i petak poslije ve\u010dernje svete mise u Gospinoj crkvi. Svi koji imate dar pjevanja, molim vas da se uklju\u010dite u na\u0161 crkveni zbor, jer na taj na\u010din doprinosimo svi ljepoti svete mise.<\/p>\n<p>Slijede\u0107a nedjelja je <strong>sveti Mihovil<\/strong>, za\u0161titnik na\u0161e \u0161ibenske biskupije. Sveta misa u \u0160ibeniku, ispred katedrale, je u 10 sati. Tko mo\u017ee, bilo bi lijepo da se uklju\u010di.<\/p>\n","protected":false},"excerpt":{"rendered":"<p>PONEDJELJAK, 25. rujna Frama \u2013 ponedjeljak u 19,30 sati u dvorani u samostanu sv. Ante \u2013Frama su mladi koji se dru\u017ee, razgovaraju, mole i pjevaju. Poti\u010demo na\u0161e mlade da se uklju\u010de u franjeva\u010dku mlade\u017e. \u00a0 UTORAK, 24.rujna Ve\u010dernja misa za fratre na\u0161e Provincije ubijene tijekom i poslije II. Svjetskog rata, njih 44-oricu. OFS \u2013 franjeva\u010dki svjetovni red \u2013 utorak poslije ve\u010dernje mise u Gospinoj crkvi. [&hellip;]<\/p>\n","protected":false},"author":2,"featured_media":150,"comment_status":"closed","ping_status":"closed","sticky":false,"template":"","format":"standard","meta":{"fifu_image_url":"","fifu_image_alt":"","footnotes":""},"categories":[1,6],"tags":[],"class_list":["post-291","post","type-post","status-publish","format-standard","has-post-thumbnail","hentry","category-naslovnica","category-zupne-obavijesti"],"_links":{"self":[{"href":"https:\/\/www.svetianteknin.com\/index.php?rest_route=\/wp\/v2\/posts\/291","targetHints":{"allow":["GET"]}}],"collection":[{"href":"https:\/\/www.svetianteknin.com\/index.php?rest_route=\/wp\/v2\/posts"}],"about":[{"href":"https:\/\/www.svetianteknin.com\/index.php?rest_route=\/wp\/v2\/types\/post"}],"author":[{"embeddable":true,"href":"https:\/\/www.svetianteknin.com\/index.php?rest_route=\/wp\/v2\/users\/2"}],"replies":[{"embeddable":true,"href":"https:\/\/www.svetianteknin.com\/index.php?rest_route=%2Fwp%2Fv2%2Fcomments&post=291"}],"version-history":[{"count":3,"href":"https:\/\/www.svetianteknin.com\/index.php?rest_route=\/wp\/v2\/posts\/291\/revisions"}],"predecessor-version":[{"id":301,"href":"https:\/\/www.svetianteknin.com\/index.php?rest_route=\/wp\/v2\/posts\/291\/revisions\/301"}],"wp:featuredmedia":[{"embeddable":true,"href":"https:\/\/www.svetianteknin.com\/index.php?rest_route=\/wp\/v2\/media\/150"}],"wp:attachment":[{"href":"https:\/\/www.svetianteknin.com\/index.php?rest_route=%2Fwp%2Fv2%2Fmedia&parent=291"}],"wp:term":[{"taxonomy":"category","embeddable":true,"href":"https:\/\/www.svetianteknin.com\/index.php?rest_route=%2Fwp%2Fv2%2Fcategories&post=291"},{"taxonomy":"post_tag","embeddable":true,"href":"https:\/\/www.svetianteknin.com\/index.php?rest_route=%2Fwp%2Fv2%2Ftags&post=291"}],"curies":[{"name":"wp","href":"https:\/\/api.w.org\/{rel}","templated":true}]}}