{"id":2902,"date":"2024-09-21T20:18:06","date_gmt":"2024-09-21T19:18:06","guid":{"rendered":"https:\/\/www.svetianteknin.com\/?p=2902"},"modified":"2024-09-21T20:18:06","modified_gmt":"2024-09-21T19:18:06","slug":"zupne-obavijesti-25-kgb-22-28-9-2024","status":"publish","type":"post","link":"https:\/\/www.svetianteknin.com\/?p=2902","title":{"rendered":"\u017dupne obavijesti, 25 KGB (22 \u2013 28. 9. 2024.)"},"content":{"rendered":"<p><strong>Raspored svetih misa: 25 KGB (22 \u2013 28. 9. 2024.)<\/strong><\/p>\n<table>\n<tbody>\n<tr>\n<td width=\"151\">Crkva<\/td>\n<td width=\"95\">Satnica<\/td>\n<td width=\"359\">Nakana<\/td>\n<\/tr>\n<tr>\n<td width=\"151\">Sveti Ante<\/td>\n<td width=\"95\">8<\/td>\n<td width=\"359\">+ ob. \u0160amija, Spaji\u0107 i Antolovi\u0107<\/td>\n<\/tr>\n<tr>\n<td width=\"151\">Gospa VHKZ<\/td>\n<td width=\"95\">9:30<\/td>\n<td width=\"359\">pro populo<\/td>\n<\/tr>\n<tr>\n<td width=\"151\">Gospa VHKZ<\/td>\n<td width=\"95\">11<\/td>\n<td width=\"359\">+ Vesna Repu\u0161i\u0107 i + ob. Kreki\u0107 i \u0160ibali\u0107<\/td>\n<\/tr>\n<tr>\n<td width=\"151\">Gospa VHKZ<\/td>\n<td width=\"95\">19<\/td>\n<td width=\"359\">+ ob. Palavra, Buhi\u0107 i Toti\u0107<\/td>\n<\/tr>\n<\/tbody>\n<\/table>\n<p>&nbsp;<\/p>\n<table>\n<tbody>\n<tr>\n<td colspan=\"4\" width=\"624\">Ponedjeljak, 23. rujna<\/td>\n<\/tr>\n<tr>\n<td width=\"53\">7<\/td>\n<td width=\"254\">+ Marko, Luca i Ivo<\/td>\n<td width=\"55\">19<\/td>\n<td width=\"263\">+ \u017deljko i Stipe Malo\u010da<\/td>\n<\/tr>\n<tr>\n<td colspan=\"4\" width=\"624\">Utorak, 24. rujna<\/td>\n<\/tr>\n<tr>\n<td width=\"53\">7<\/td>\n<td width=\"254\">+ ob. Pogar\u010di\u0107 i Omazi\u0107<\/td>\n<td width=\"55\">19<\/td>\n<td width=\"263\">+ An\u0111a i + ob. Slomo<\/td>\n<\/tr>\n<tr>\n<td colspan=\"4\" width=\"624\">Srijeda, 25. rujna<\/td>\n<\/tr>\n<tr>\n<td width=\"53\">7<\/td>\n<td width=\"254\">+ Mara \u017dabi\u0107<\/td>\n<td width=\"55\">19<\/td>\n<td width=\"263\">+ Ru\u017ea Jeli\u0107<\/td>\n<\/tr>\n<tr>\n<td colspan=\"4\" width=\"624\">\u010cetvrtak, 26. rujna<\/td>\n<\/tr>\n<tr>\n<td width=\"53\">7<\/td>\n<td width=\"254\">za zdravlje<\/td>\n<td width=\"55\">19<\/td>\n<td width=\"263\">+ Slavko i + ob. Milu\u0161i\u0107<\/td>\n<\/tr>\n<tr>\n<td colspan=\"4\" width=\"624\">Petak, 27. rujna<\/td>\n<\/tr>\n<tr>\n<td width=\"53\">7<\/td>\n<td width=\"254\">+ ob. Pavli\u0107<\/td>\n<td width=\"55\">19<\/td>\n<td width=\"263\">+ Anto i Kata Kri\u0161to<\/td>\n<\/tr>\n<tr>\n<td colspan=\"4\" width=\"624\">Subota, 28. rujna<\/td>\n<\/tr>\n<tr>\n<td width=\"53\">7<\/td>\n<td width=\"254\">+ Luca \u017dili\u0107<\/td>\n<td width=\"55\">19<\/td>\n<td width=\"263\">+ ob. Lipovac i Budi\u0161a<\/td>\n<\/tr>\n<\/tbody>\n<\/table>\n<p>&nbsp;<\/p>\n<p>Danas u 16:30 sati ispred Gospine crkve, na\u0161i hodo\u010dasnici idu u Rim. \u017delimo im Bo\u017eji blagoslov i da se oboga\u0107ena duha vrate. Povratak je u subotu.<\/p>\n<p>Molitvena inicijativa \u201e40 dana za \u017eivot\u201c, da se svako za\u010deto dijete rodi i za prestanak abortusa, po\u010dinje u srijedu, 25. rujna i traje do 3. studenoga. Molitva ispred kninske bolnice je svaki dan od 10-14 sati.<\/p>\n<p>U srijedu, u sklopu devetnice sv. Mihovilu, za\u0161titniku na\u0161e \u0161ibenske biskupije, na ve\u010dernjoj misu u 19 sati \u0107e se okupiti molitvene grupe koje djeluju u \u017eupama na\u0161e biskupije. Poti\u010demo i na\u0161e molitvene grupe da se odazovu.<\/p>\n<p>Mi fratri \u017eivimo po nadahnu\u0107i i primjeru sv. Franje. Franjeva\u010dka zajednica obihva\u0107a redovnike i vjernike laike. Pozivamo mlade i starije, kojima je franjeva\u010dka karizma bliska, da se uklju\u010de: Mladi u FRAMu, a stariji u tre\u0107i red sv. Franje. Susret za \u010dlanove tre\u0107ega reda je u srijedom, a za FRAMu petkom, poslije ve\u010dernje mise.<\/p>\n<p>Dje\u010dji zbor ima probe u subotu u 11 sati.<\/p>\n<p>&nbsp;<\/p>\n<p>&nbsp;<\/p>\n<p><strong>MOLITVA ZA MIR U SVIJETU:<\/strong><\/p>\n<p><strong>Pod obranu se Tvoju utje\u010demo,<\/strong>\u00a0sveta Bogorodice. Ne odbij nam molbe u potrebama na\u0161im, nego nas od svih pogelji uvijek oslobodi, Djevice slavna i blagoslovljena, Gospo\u0111o na\u0161a, Posrednice na\u0161a, Zagovornice na\u0161a! Sa svojim nas Sinom pomiri, svojemu nas Sinu preporu\u010di, svojemu nas Sinu izru\u010di. Amen. <strong><em>1x Zdravo Marijo\u2026 <\/em>Kraljice mira, moli za nas!<\/strong><\/p>\n<p>&nbsp;<\/p>\n<p><strong> <img loading=\"lazy\" decoding=\"async\" class=\"alignnone size-full wp-image-2903\" src=\"https:\/\/www.svetianteknin.com\/wp-content\/uploads\/2024\/09\/photo_2024-09-21_21-17-33.jpg\" alt=\"\" width=\"1070\" height=\"1280\" srcset=\"https:\/\/www.svetianteknin.com\/wp-content\/uploads\/2024\/09\/photo_2024-09-21_21-17-33.jpg 1070w, https:\/\/www.svetianteknin.com\/wp-content\/uploads\/2024\/09\/photo_2024-09-21_21-17-33-251x300.jpg 251w, https:\/\/www.svetianteknin.com\/wp-content\/uploads\/2024\/09\/photo_2024-09-21_21-17-33-768x919.jpg 768w\" sizes=\"auto, (max-width: 1070px) 100vw, 1070px\" \/><\/strong><\/p>\n","protected":false},"excerpt":{"rendered":"<p>Raspored svetih misa: 25 KGB (22 \u2013 28. 9. 2024.) Crkva Satnica Nakana Sveti Ante 8 + ob. \u0160amija, Spaji\u0107 i Antolovi\u0107 Gospa VHKZ 9:30 pro populo Gospa VHKZ 11 + Vesna Repu\u0161i\u0107 i + ob. Kreki\u0107 i \u0160ibali\u0107 Gospa VHKZ 19 + ob. Palavra, Buhi\u0107 i Toti\u0107 &nbsp; Ponedjeljak, 23. rujna 7 + Marko, Luca i Ivo 19 + \u017deljko i Stipe Malo\u010da Utorak, [&hellip;]<\/p>\n","protected":false},"author":2,"featured_media":2618,"comment_status":"closed","ping_status":"closed","sticky":false,"template":"","format":"standard","meta":{"fifu_image_url":"","fifu_image_alt":"","footnotes":""},"categories":[6],"tags":[],"class_list":["post-2902","post","type-post","status-publish","format-standard","has-post-thumbnail","hentry","category-zupne-obavijesti"],"_links":{"self":[{"href":"https:\/\/www.svetianteknin.com\/index.php?rest_route=\/wp\/v2\/posts\/2902","targetHints":{"allow":["GET"]}}],"collection":[{"href":"https:\/\/www.svetianteknin.com\/index.php?rest_route=\/wp\/v2\/posts"}],"about":[{"href":"https:\/\/www.svetianteknin.com\/index.php?rest_route=\/wp\/v2\/types\/post"}],"author":[{"embeddable":true,"href":"https:\/\/www.svetianteknin.com\/index.php?rest_route=\/wp\/v2\/users\/2"}],"replies":[{"embeddable":true,"href":"https:\/\/www.svetianteknin.com\/index.php?rest_route=%2Fwp%2Fv2%2Fcomments&post=2902"}],"version-history":[{"count":1,"href":"https:\/\/www.svetianteknin.com\/index.php?rest_route=\/wp\/v2\/posts\/2902\/revisions"}],"predecessor-version":[{"id":2904,"href":"https:\/\/www.svetianteknin.com\/index.php?rest_route=\/wp\/v2\/posts\/2902\/revisions\/2904"}],"wp:featuredmedia":[{"embeddable":true,"href":"https:\/\/www.svetianteknin.com\/index.php?rest_route=\/wp\/v2\/media\/2618"}],"wp:attachment":[{"href":"https:\/\/www.svetianteknin.com\/index.php?rest_route=%2Fwp%2Fv2%2Fmedia&parent=2902"}],"wp:term":[{"taxonomy":"category","embeddable":true,"href":"https:\/\/www.svetianteknin.com\/index.php?rest_route=%2Fwp%2Fv2%2Fcategories&post=2902"},{"taxonomy":"post_tag","embeddable":true,"href":"https:\/\/www.svetianteknin.com\/index.php?rest_route=%2Fwp%2Fv2%2Ftags&post=2902"}],"curies":[{"name":"wp","href":"https:\/\/api.w.org\/{rel}","templated":true}]}}