{"id":2865,"date":"2024-07-20T21:46:35","date_gmt":"2024-07-20T20:46:35","guid":{"rendered":"https:\/\/www.svetianteknin.com\/?p=2865"},"modified":"2024-07-20T21:46:35","modified_gmt":"2024-07-20T20:46:35","slug":"zupne-obavijesti-16-kgb-21-27-7-2024","status":"publish","type":"post","link":"https:\/\/www.svetianteknin.com\/?p=2865","title":{"rendered":"\u017dupne obavijesti, 16 KGB (21. \u2013 27. 7. 2024.)"},"content":{"rendered":"<p><strong>Raspored svetih misa: 16 KGB (21. \u2013 27. 7. 2024.)<\/strong><\/p>\n<table>\n<tbody>\n<tr>\n<td width=\"151\">Crkva<\/td>\n<td width=\"95\">Satnica<\/td>\n<td width=\"359\">Nakana<\/td>\n<\/tr>\n<tr>\n<td width=\"151\">Sveti Ante<\/td>\n<td width=\"95\">8<\/td>\n<td width=\"359\">+ Niko i Terezija<\/td>\n<\/tr>\n<tr>\n<td width=\"151\">Gospa VHKZ<\/td>\n<td width=\"95\">9:30<\/td>\n<td width=\"359\">Pro populo<\/td>\n<\/tr>\n<tr>\n<td width=\"151\">Gospa VHKZ<\/td>\n<td width=\"95\">19<\/td>\n<td width=\"359\">+ Anka \u0160koro<\/td>\n<\/tr>\n<\/tbody>\n<\/table>\n<p>&nbsp;<\/p>\n<table>\n<tbody>\n<tr>\n<td colspan=\"4\" width=\"624\">Ponedjeljak, 22. srpnja<\/td>\n<\/tr>\n<tr>\n<td width=\"53\">7<\/td>\n<td width=\"254\">+ Ivanka Nikoli\u0107<\/td>\n<td width=\"55\">19<\/td>\n<td width=\"263\">+ Ivan, Mirko i Jelina (\u017e)<\/td>\n<\/tr>\n<tr>\n<td colspan=\"4\" width=\"624\">Utorak, 23. srpnja<\/td>\n<\/tr>\n<tr>\n<td width=\"53\">7<\/td>\n<td width=\"254\">+ Vanja<\/td>\n<td width=\"55\">19<\/td>\n<td width=\"263\">+ Inocent i + ob. Buzuk<\/td>\n<\/tr>\n<tr>\n<td colspan=\"4\" width=\"624\">Srijeda, 24. srpnja<\/td>\n<\/tr>\n<tr>\n<td width=\"53\">7<\/td>\n<td width=\"254\">+ Petar i Luca Kne\u017eevi\u0107<\/td>\n<td width=\"55\">19<\/td>\n<td width=\"263\">+ Pavao Debeljak<\/td>\n<\/tr>\n<tr>\n<td colspan=\"4\" width=\"624\">\u010cetvrtak, 25. srpnja<\/td>\n<\/tr>\n<tr>\n<td width=\"53\">7<\/td>\n<td width=\"254\">+ Anto i Ana Parlov<\/td>\n<td width=\"55\">19<\/td>\n<td width=\"263\">+ Marinko i Marina<\/td>\n<\/tr>\n<tr>\n<td colspan=\"4\" width=\"624\">Petak, 26. srpnja: Sv. Ana &#8211; Kosovo<\/td>\n<\/tr>\n<tr>\n<td width=\"53\">7<\/td>\n<td width=\"254\">+ Lidija \u0106urko<\/td>\n<td width=\"55\">19<\/td>\n<td width=\"263\">+ ob. Brni\u0107 i Peri\u0107<\/td>\n<\/tr>\n<tr>\n<td width=\"53\">10<\/td>\n<td width=\"254\">Proslava svete Ane u Kosovu:<\/p>\n<p>procesija i misa<\/td>\n<td width=\"55\">&nbsp;<\/td>\n<td width=\"263\">&nbsp;<\/td>\n<\/tr>\n<tr>\n<td colspan=\"4\" width=\"624\">Subota, 27. srpnja<\/td>\n<\/tr>\n<tr>\n<td width=\"53\">7<\/td>\n<td width=\"254\">+ ob. Luki\u0107 i Kne\u017eevi\u0107<\/td>\n<td width=\"55\">19<\/td>\n<td width=\"263\">+ Vjera i + ob. Zori\u0107 i Bla\u017eevi\u0107<\/td>\n<\/tr>\n<\/tbody>\n<\/table>\n<p>U \u010detvrtak, 25. srpnja je sv. Jakov, za\u0161titnik susjedne \u017eupe Vrpolje.<\/p>\n<p>U petak, 26. srpnja je sv. Ana: procesija i misa u Kosovu je u 10 sati<\/p>\n<p>Hodo\u010da\u0161\u0107e u Rim (22. \u2013 28. rujna). Cijena je 680\u20ac. Zainteresirani se mogu prijaviti poslije mise u sakristiji.<\/p>\n<p>&nbsp;<\/p>\n<p><strong>MOLITVA ZA MIR U SVIJETU:<\/strong><\/p>\n<p><strong>Pod obranu se Tvoju utje\u010demo,<\/strong>\u00a0sveta Bogorodice. Ne odbij nam molbe u potrebama na\u0161im, nego nas od svih pogelji uvijek oslobodi, Djevice slavna i blagoslovljena, Gospo\u0111o na\u0161a, Posrednice na\u0161a, Zagovornice na\u0161a! Sa svojim nas Sinom pomiri, svojemu nas Sinu preporu\u010di, svojemu nas Sinu izru\u010di. Amen. <strong><em>1x Zdravo Marijo\u2026 <\/em>Kraljice mira, moli za nas!<\/strong><\/p>\n<p><strong>\u00a0<\/strong><\/p>\n","protected":false},"excerpt":{"rendered":"<p>Raspored svetih misa: 16 KGB (21. \u2013 27. 7. 2024.) Crkva Satnica Nakana Sveti Ante 8 + Niko i Terezija Gospa VHKZ 9:30 Pro populo Gospa VHKZ 19 + Anka \u0160koro &nbsp; Ponedjeljak, 22. srpnja 7 + Ivanka Nikoli\u0107 19 + Ivan, Mirko i Jelina (\u017e) Utorak, 23. srpnja 7 + Vanja 19 + Inocent i + ob. Buzuk Srijeda, 24. srpnja 7 + Petar [&hellip;]<\/p>\n","protected":false},"author":2,"featured_media":2790,"comment_status":"closed","ping_status":"closed","sticky":false,"template":"","format":"standard","meta":{"fifu_image_url":"","fifu_image_alt":"","footnotes":""},"categories":[6],"tags":[],"class_list":["post-2865","post","type-post","status-publish","format-standard","has-post-thumbnail","hentry","category-zupne-obavijesti"],"_links":{"self":[{"href":"https:\/\/www.svetianteknin.com\/index.php?rest_route=\/wp\/v2\/posts\/2865","targetHints":{"allow":["GET"]}}],"collection":[{"href":"https:\/\/www.svetianteknin.com\/index.php?rest_route=\/wp\/v2\/posts"}],"about":[{"href":"https:\/\/www.svetianteknin.com\/index.php?rest_route=\/wp\/v2\/types\/post"}],"author":[{"embeddable":true,"href":"https:\/\/www.svetianteknin.com\/index.php?rest_route=\/wp\/v2\/users\/2"}],"replies":[{"embeddable":true,"href":"https:\/\/www.svetianteknin.com\/index.php?rest_route=%2Fwp%2Fv2%2Fcomments&post=2865"}],"version-history":[{"count":1,"href":"https:\/\/www.svetianteknin.com\/index.php?rest_route=\/wp\/v2\/posts\/2865\/revisions"}],"predecessor-version":[{"id":2866,"href":"https:\/\/www.svetianteknin.com\/index.php?rest_route=\/wp\/v2\/posts\/2865\/revisions\/2866"}],"wp:featuredmedia":[{"embeddable":true,"href":"https:\/\/www.svetianteknin.com\/index.php?rest_route=\/wp\/v2\/media\/2790"}],"wp:attachment":[{"href":"https:\/\/www.svetianteknin.com\/index.php?rest_route=%2Fwp%2Fv2%2Fmedia&parent=2865"}],"wp:term":[{"taxonomy":"category","embeddable":true,"href":"https:\/\/www.svetianteknin.com\/index.php?rest_route=%2Fwp%2Fv2%2Fcategories&post=2865"},{"taxonomy":"post_tag","embeddable":true,"href":"https:\/\/www.svetianteknin.com\/index.php?rest_route=%2Fwp%2Fv2%2Ftags&post=2865"}],"curies":[{"name":"wp","href":"https:\/\/api.w.org\/{rel}","templated":true}]}}