{"id":2861,"date":"2024-07-13T20:04:29","date_gmt":"2024-07-13T19:04:29","guid":{"rendered":"https:\/\/www.svetianteknin.com\/?p=2861"},"modified":"2024-07-13T20:04:29","modified_gmt":"2024-07-13T19:04:29","slug":"zupne-obavijesti-15-kgb-14-20-7-2024","status":"publish","type":"post","link":"https:\/\/www.svetianteknin.com\/?p=2861","title":{"rendered":"\u017dupne obavijesti, 15 KGB (14. \u2013 20. 7. 2024.)"},"content":{"rendered":"<p><strong>Raspored svetih misa: 15 KGB (14. \u2013 20. 7. 2024.)<\/strong><\/p>\n<table>\n<tbody>\n<tr>\n<td width=\"151\">Crkva<\/td>\n<td width=\"95\">Satnica<\/td>\n<td width=\"359\">Nakana<\/td>\n<\/tr>\n<tr>\n<td width=\"151\">Sveti Ante<\/td>\n<td width=\"95\">8<\/td>\n<td width=\"359\">+ Marijan, Kata, Vjekoslav i Frano<\/td>\n<\/tr>\n<tr>\n<td width=\"151\">Gospa VHKZ<\/td>\n<td width=\"95\">9:30<\/td>\n<td width=\"359\">Pro populo<\/td>\n<\/tr>\n<tr>\n<td width=\"151\">Gospa VHKZ<\/td>\n<td width=\"95\">19<\/td>\n<td width=\"359\">+ Dragutin i Josip Elez<\/td>\n<\/tr>\n<\/tbody>\n<\/table>\n<p>&nbsp;<\/p>\n<table>\n<tbody>\n<tr>\n<td colspan=\"4\" width=\"624\">Ponedjeljak, 15. srpnja<\/td>\n<\/tr>\n<tr>\n<td width=\"53\">7<\/td>\n<td width=\"254\">+ Mirko<\/td>\n<td width=\"55\">19<\/td>\n<td width=\"263\">+ \u017deljko Zebi\u0107<\/td>\n<\/tr>\n<tr>\n<td colspan=\"4\" width=\"624\">Utorak, 16. srpnja<\/td>\n<\/tr>\n<tr>\n<td width=\"53\">7<\/td>\n<td width=\"254\">+ Ivo i Tonka Dela\u0107<\/td>\n<td width=\"55\">19<\/td>\n<td width=\"263\">+ Marija Kun\u010devi\u0107<\/td>\n<\/tr>\n<tr>\n<td colspan=\"4\" width=\"624\">Srijeda, 17. srpnja<\/td>\n<\/tr>\n<tr>\n<td width=\"53\">7<\/td>\n<td width=\"254\">+ Marija, Kre\u0161o i Jozo Grabovac<\/td>\n<td width=\"55\">19<\/td>\n<td width=\"263\">+ Mijo Vu\u010dak<\/td>\n<\/tr>\n<tr>\n<td colspan=\"4\" width=\"624\">\u010cetvrtak, 18. srpnja<\/td>\n<\/tr>\n<tr>\n<td width=\"53\">7<\/td>\n<td width=\"254\">+ ob. Karlu\u0161i\u0107 i \u0160imunovi\u0107<\/td>\n<td width=\"55\">19<\/td>\n<td width=\"263\">+ Zlatko i + ob. Brnas<\/td>\n<\/tr>\n<tr>\n<td colspan=\"4\" width=\"624\">Petak, 19. srpnja<\/td>\n<\/tr>\n<tr>\n<td width=\"53\">7<\/td>\n<td width=\"254\">+ Lucija, Tihomir i \u017deljka<\/td>\n<td width=\"55\">19<\/td>\n<td width=\"263\">+ Stjepan Pavlovi\u0107<\/td>\n<\/tr>\n<tr>\n<td colspan=\"4\" width=\"624\">Subota, 20. srpnja<\/td>\n<\/tr>\n<tr>\n<td width=\"53\">7<\/td>\n<td width=\"254\">+ Petar Mari\u010di\u0107<\/td>\n<td width=\"55\">19<\/td>\n<td width=\"263\">+ Tomo i + ob. Kova\u010devi\u0107<\/td>\n<\/tr>\n<\/tbody>\n<\/table>\n<p>U utorak je <strong>Gospa Karmelska<\/strong>. Misa u \u017eupi Kijevo je u 10:30 sati, a predvodi je biskup \u0161ibenski mons. Tomislav Rogi\u0107<\/p>\n<p>U subotu je <strong>sv. Ilija<\/strong>, za\u0161titnik Bosne i Hercegovine.<\/p>\n<p>Radovi na zamjeni krovi\u0161ta crkve sv. Ante su gotovi. Cijena je bila 20.000 \u20ac<\/p>\n<p>Za uskrs smo imali humanitarnu akciju za opremanje dje\u010djeg odjela kninske bolnice. U akciji su sudjelovale, osim na\u0161e \u017eupe, Promina i Kijevo, a naknadno su se uklju\u010dile i Kistanje. Ukupno je prikupljeno 10.335 \u20ac. Od prikupljenog novca kupili smo 3 dje\u010dja kreveti\u0107a i uredili 1 wc i jednu kupaonicu.<\/p>\n<p>U dogovoru s ravnateljicom bolnice, \u00a0dobili smo novi prostor za <strong>bolni\u010dku kapelu<\/strong>. Trenutno i nju ure\u0111ujemo. Tro\u0161kove snosi na\u0161a \u017eupa sv. Ante. Po zavr\u0161etku \u0107emo vas informirati.<\/p>\n<p>&nbsp;<\/p>\n<p><strong>MOLITVA ZA MIR U SVIJETU:<\/strong><\/p>\n<p><strong>Pod obranu se Tvoju utje\u010demo,<\/strong>\u00a0sveta Bogorodice. Ne odbij nam molbe u potrebama na\u0161im, nego nas od svih pogelji uvijek oslobodi, Djevice slavna i blagoslovljena, Gospo\u0111o na\u0161a, Posrednice na\u0161a, Zagovornice na\u0161a! Sa svojim nas Sinom pomiri, svojemu nas Sinu preporu\u010di, svojemu nas Sinu izru\u010di. Amen. <strong><em>1x Zdravo Marijo\u2026 <\/em>Kraljice mira, moli za nas!<\/strong><\/p>\n<p>&nbsp;<\/p>\n","protected":false},"excerpt":{"rendered":"<p>Raspored svetih misa: 15 KGB (14. \u2013 20. 7. 2024.) Crkva Satnica Nakana Sveti Ante 8 + Marijan, Kata, Vjekoslav i Frano Gospa VHKZ 9:30 Pro populo Gospa VHKZ 19 + Dragutin i Josip Elez &nbsp; Ponedjeljak, 15. srpnja 7 + Mirko 19 + \u017deljko Zebi\u0107 Utorak, 16. srpnja 7 + Ivo i Tonka Dela\u0107 19 + Marija Kun\u010devi\u0107 Srijeda, 17. srpnja 7 + Marija, [&hellip;]<\/p>\n","protected":false},"author":2,"featured_media":2862,"comment_status":"closed","ping_status":"closed","sticky":false,"template":"","format":"standard","meta":{"fifu_image_url":"","fifu_image_alt":"","footnotes":""},"categories":[6],"tags":[],"class_list":["post-2861","post","type-post","status-publish","format-standard","has-post-thumbnail","hentry","category-zupne-obavijesti"],"_links":{"self":[{"href":"https:\/\/www.svetianteknin.com\/index.php?rest_route=\/wp\/v2\/posts\/2861","targetHints":{"allow":["GET"]}}],"collection":[{"href":"https:\/\/www.svetianteknin.com\/index.php?rest_route=\/wp\/v2\/posts"}],"about":[{"href":"https:\/\/www.svetianteknin.com\/index.php?rest_route=\/wp\/v2\/types\/post"}],"author":[{"embeddable":true,"href":"https:\/\/www.svetianteknin.com\/index.php?rest_route=\/wp\/v2\/users\/2"}],"replies":[{"embeddable":true,"href":"https:\/\/www.svetianteknin.com\/index.php?rest_route=%2Fwp%2Fv2%2Fcomments&post=2861"}],"version-history":[{"count":1,"href":"https:\/\/www.svetianteknin.com\/index.php?rest_route=\/wp\/v2\/posts\/2861\/revisions"}],"predecessor-version":[{"id":2863,"href":"https:\/\/www.svetianteknin.com\/index.php?rest_route=\/wp\/v2\/posts\/2861\/revisions\/2863"}],"wp:featuredmedia":[{"embeddable":true,"href":"https:\/\/www.svetianteknin.com\/index.php?rest_route=\/wp\/v2\/media\/2862"}],"wp:attachment":[{"href":"https:\/\/www.svetianteknin.com\/index.php?rest_route=%2Fwp%2Fv2%2Fmedia&parent=2861"}],"wp:term":[{"taxonomy":"category","embeddable":true,"href":"https:\/\/www.svetianteknin.com\/index.php?rest_route=%2Fwp%2Fv2%2Fcategories&post=2861"},{"taxonomy":"post_tag","embeddable":true,"href":"https:\/\/www.svetianteknin.com\/index.php?rest_route=%2Fwp%2Fv2%2Ftags&post=2861"}],"curies":[{"name":"wp","href":"https:\/\/api.w.org\/{rel}","templated":true}]}}