{"id":2813,"date":"2024-05-04T21:11:24","date_gmt":"2024-05-04T20:11:24","guid":{"rendered":"https:\/\/www.svetianteknin.com\/?p=2813"},"modified":"2024-05-04T21:11:24","modified_gmt":"2024-05-04T20:11:24","slug":"zupne-obavijesti-6-ub-5-11-5-2024","status":"publish","type":"post","link":"https:\/\/www.svetianteknin.com\/?p=2813","title":{"rendered":"\u017dupne obavijesti, 6 UB (5. \u2013 11. 5. 2024.)"},"content":{"rendered":"<p><strong>Raspored svetih misa: 6 UB (5. \u2013 11. 5. 2024.)<\/strong><\/p>\n<table>\n<tbody>\n<tr>\n<td width=\"151\">Crkva<\/td>\n<td width=\"95\">Satnica<\/td>\n<td width=\"359\">Nakana<\/td>\n<\/tr>\n<tr>\n<td width=\"151\">Sveti Ante<\/td>\n<td width=\"95\">8<\/td>\n<td width=\"359\">+ Nevenka Kalebi\u0107<\/td>\n<\/tr>\n<tr>\n<td width=\"151\">Gospa VHKZ<\/td>\n<td width=\"95\">9:30<\/td>\n<td width=\"359\">Pro populo<\/td>\n<\/tr>\n<tr>\n<td width=\"151\">Gospa VHKZ<\/td>\n<td width=\"95\">11<\/td>\n<td width=\"359\">+ Luca i + ob. Bla\u017eevi\u0107<\/td>\n<\/tr>\n<tr>\n<td width=\"151\">Gospa VHKZ<\/td>\n<td width=\"95\">18<\/td>\n<td width=\"359\">+ Mate, Marija, Mira i Zdenka<\/td>\n<\/tr>\n<\/tbody>\n<\/table>\n<p>&nbsp;<\/p>\n<table>\n<tbody>\n<tr>\n<td colspan=\"4\" width=\"624\">Ponedjeljak, 6. svibnja<\/td>\n<\/tr>\n<tr>\n<td width=\"53\">7<\/td>\n<td width=\"254\">+ Vjera Zori\u0107<\/td>\n<td width=\"55\">19<\/td>\n<td width=\"263\">+ Jela, Jakov, Martin, Nediljko + ob. Kozina i Mari\u0107<\/td>\n<\/tr>\n<tr>\n<td colspan=\"4\" width=\"624\">Utorak, 7. svibnja<\/td>\n<\/tr>\n<tr>\n<td width=\"53\">7<\/td>\n<td width=\"254\">+ Mirosla i Jozo An\u0111i\u0107<\/td>\n<td width=\"55\">19<\/td>\n<td width=\"263\">+ Josip<\/td>\n<\/tr>\n<tr>\n<td colspan=\"4\" width=\"624\">Srijeda, 8. svibnja<\/td>\n<\/tr>\n<tr>\n<td width=\"53\">7<\/td>\n<td width=\"254\">+ Marija Smolji\u0107<\/td>\n<td width=\"55\">19<\/td>\n<td width=\"263\">+ ob. Teskera i Malo\u010da<\/td>\n<\/tr>\n<tr>\n<td colspan=\"4\" width=\"624\">\u010cetvrtak, 9. svibnja: Uza\u0161a\u0161\u0107e<\/td>\n<\/tr>\n<tr>\n<td width=\"53\">7<\/td>\n<td width=\"254\">+ Vikror \u010culjak<\/td>\n<td width=\"55\">19<\/td>\n<td width=\"263\">+ Eva, Marin, Marija i Ivan<\/td>\n<\/tr>\n<tr>\n<td width=\"53\">9:30<\/td>\n<td width=\"254\">Pro populo<\/td>\n<td width=\"55\">&nbsp;<\/td>\n<td width=\"263\">&nbsp;<\/td>\n<\/tr>\n<tr>\n<td colspan=\"4\" width=\"624\">Petak, 10. svibnja<\/td>\n<\/tr>\n<tr>\n<td width=\"53\">7<\/td>\n<td width=\"254\">+ Jela, Jakov, Martin i Nediljko<\/td>\n<td width=\"55\">19<\/td>\n<td width=\"263\">+ Slobodan Martinovi\u0107<\/td>\n<\/tr>\n<tr>\n<td colspan=\"4\" width=\"624\">Subota, 11. svibnja<\/td>\n<\/tr>\n<tr>\n<td width=\"53\">7<\/td>\n<td width=\"254\">+ Danica Bla\u017eevi\u0107<\/td>\n<td width=\"55\">19<\/td>\n<td width=\"263\">+ Anto Marijanovi\u0107<\/td>\n<\/tr>\n<\/tbody>\n<\/table>\n<p>&nbsp;<\/p>\n<p>Ju\u010der je u na\u0161oj \u017eupi bila prva pri\u010dest. Ukupno se pri\u010destilo 65 djece.<\/p>\n<p>Utorak 8\/13 sv. Ante. Poslije ve\u010dernje mise molimo pobo\u017enost pred kipom sv. Ante<\/p>\n<p>Te\u010daj za brak po\u010dinje u utorak i traje do petka. Predavanja su u dvorani samostana sv. Ante, a po\u010detak je u 20 sati. Nije potrebno prijavljivati se. Upisi su prvu ve\u010der.<\/p>\n<p>U \u010cetvrtak je Uza\u0161a\u0161\u0107e ili Spasovo. Mise su: Sv. Ante u 7 sati, GVHKZ u 9:30 i 19 sati.<\/p>\n<p>Proslava sv. Spasa na izvoru Cetine je u subotu u 10:30 sati.<\/p>\n<p><strong>MOLITVA ZA MIR U SVIJETU:<\/strong><\/p>\n<p><strong>Pod obranu se Tvoju utje\u010demo,<\/strong>\u00a0sveta Bogorodice. Ne odbij nam molbe u potrebama na\u0161im, nego nas od svih pogelji uvijek oslobodi, Djevice slavna i blagoslovljena, Gospo\u0111o na\u0161a, Posrednice na\u0161a, Zagovornice na\u0161a! Sa svojim nas Sinom pomiri, svojemu nas Sinu preporu\u010di, svojemu nas Sinu izru\u010di. Amen. <strong><em>1x Zdravo Marijo\u2026 <\/em>Kraljice mira, moli za nas!<\/strong><\/p>\n<p>&nbsp;<\/p>\n","protected":false},"excerpt":{"rendered":"<p>Raspored svetih misa: 6 UB (5. \u2013 11. 5. 2024.) Crkva Satnica Nakana Sveti Ante 8 + Nevenka Kalebi\u0107 Gospa VHKZ 9:30 Pro populo Gospa VHKZ 11 + Luca i + ob. Bla\u017eevi\u0107 Gospa VHKZ 18 + Mate, Marija, Mira i Zdenka &nbsp; Ponedjeljak, 6. svibnja 7 + Vjera Zori\u0107 19 + Jela, Jakov, Martin, Nediljko + ob. Kozina i Mari\u0107 Utorak, 7. svibnja 7 [&hellip;]<\/p>\n","protected":false},"author":2,"featured_media":2814,"comment_status":"closed","ping_status":"closed","sticky":false,"template":"","format":"standard","meta":{"fifu_image_url":"","fifu_image_alt":"","footnotes":""},"categories":[6],"tags":[],"class_list":["post-2813","post","type-post","status-publish","format-standard","has-post-thumbnail","hentry","category-zupne-obavijesti"],"_links":{"self":[{"href":"https:\/\/www.svetianteknin.com\/index.php?rest_route=\/wp\/v2\/posts\/2813","targetHints":{"allow":["GET"]}}],"collection":[{"href":"https:\/\/www.svetianteknin.com\/index.php?rest_route=\/wp\/v2\/posts"}],"about":[{"href":"https:\/\/www.svetianteknin.com\/index.php?rest_route=\/wp\/v2\/types\/post"}],"author":[{"embeddable":true,"href":"https:\/\/www.svetianteknin.com\/index.php?rest_route=\/wp\/v2\/users\/2"}],"replies":[{"embeddable":true,"href":"https:\/\/www.svetianteknin.com\/index.php?rest_route=%2Fwp%2Fv2%2Fcomments&post=2813"}],"version-history":[{"count":1,"href":"https:\/\/www.svetianteknin.com\/index.php?rest_route=\/wp\/v2\/posts\/2813\/revisions"}],"predecessor-version":[{"id":2815,"href":"https:\/\/www.svetianteknin.com\/index.php?rest_route=\/wp\/v2\/posts\/2813\/revisions\/2815"}],"wp:featuredmedia":[{"embeddable":true,"href":"https:\/\/www.svetianteknin.com\/index.php?rest_route=\/wp\/v2\/media\/2814"}],"wp:attachment":[{"href":"https:\/\/www.svetianteknin.com\/index.php?rest_route=%2Fwp%2Fv2%2Fmedia&parent=2813"}],"wp:term":[{"taxonomy":"category","embeddable":true,"href":"https:\/\/www.svetianteknin.com\/index.php?rest_route=%2Fwp%2Fv2%2Fcategories&post=2813"},{"taxonomy":"post_tag","embeddable":true,"href":"https:\/\/www.svetianteknin.com\/index.php?rest_route=%2Fwp%2Fv2%2Ftags&post=2813"}],"curies":[{"name":"wp","href":"https:\/\/api.w.org\/{rel}","templated":true}]}}