{"id":2793,"date":"2024-04-13T20:47:12","date_gmt":"2024-04-13T19:47:12","guid":{"rendered":"https:\/\/www.svetianteknin.com\/?p=2793"},"modified":"2024-04-13T20:47:12","modified_gmt":"2024-04-13T19:47:12","slug":"zupne-obavijesti-3-ub-14-20-4-2024","status":"publish","type":"post","link":"https:\/\/www.svetianteknin.com\/?p=2793","title":{"rendered":"\u017dupne obavijesti, 3 UB (14. &#8211; 20. 4. 2024.)"},"content":{"rendered":"<p><strong>Raspored svetih misa: 3 UB (14. &#8211; 20. 4. 2024.)<\/strong><\/p>\n<table>\n<tbody>\n<tr>\n<td width=\"151\">Crkva<\/td>\n<td width=\"95\">Satnica<\/td>\n<td width=\"359\">Nakana<\/td>\n<\/tr>\n<tr>\n<td width=\"151\">Sveti Ante<\/td>\n<td width=\"95\">8<\/td>\n<td width=\"359\">+ Ivo i Matilda<\/td>\n<\/tr>\n<tr>\n<td width=\"151\">Gospa VHKZ<\/td>\n<td width=\"95\">9:30<\/td>\n<td width=\"359\">Pro populo<\/td>\n<\/tr>\n<tr>\n<td width=\"151\">Gospa VHKZ<\/td>\n<td width=\"95\">11<\/td>\n<td width=\"359\">+ ob. Biland\u017eija<\/td>\n<\/tr>\n<tr>\n<td width=\"151\">Gospa VHKZ<\/td>\n<td width=\"95\">18<\/td>\n<td width=\"359\">+ Pero i Milka Ivki\u0107<\/td>\n<\/tr>\n<\/tbody>\n<\/table>\n<p>&nbsp;<\/p>\n<table>\n<tbody>\n<tr>\n<td colspan=\"4\" width=\"624\">Ponedjeljak, 15. travnja<\/td>\n<\/tr>\n<tr>\n<td width=\"53\">7<\/td>\n<td width=\"254\">+ Nikola i Slavka<\/td>\n<td width=\"55\">19<\/td>\n<td width=\"263\">+ Ante Ercegovac<\/td>\n<\/tr>\n<tr>\n<td colspan=\"4\" width=\"624\">Utorak, 16. travnja<\/td>\n<\/tr>\n<tr>\n<td width=\"53\">7<\/td>\n<td width=\"254\">+ Sre\u0107ko \u0160anti\u0107<\/td>\n<td width=\"55\">19<\/td>\n<td width=\"263\">+ Nada i Zdravko<\/td>\n<\/tr>\n<tr>\n<td colspan=\"4\" width=\"624\">Srijeda, 17. travnja<\/td>\n<\/tr>\n<tr>\n<td width=\"53\">7<\/td>\n<td width=\"254\">+ Luka i Franka Gali\u0107<\/td>\n<td width=\"55\">19<\/td>\n<td width=\"263\">+ ob. Azinovi\u0107 i Stani\u0107<\/td>\n<\/tr>\n<tr>\n<td colspan=\"4\" width=\"624\">\u010cetvrtak, 18. travnja<\/td>\n<\/tr>\n<tr>\n<td width=\"53\">7<\/td>\n<td width=\"254\">+ Zora i + ob. \u017dulj i \u0106uri\u0107<\/td>\n<td width=\"55\">19<\/td>\n<td width=\"263\">+ Joza (\u017e), Ante i + ob. Ba\u0161i\u0107<\/td>\n<\/tr>\n<tr>\n<td colspan=\"4\" width=\"624\">Petak, 19. travnja<\/td>\n<\/tr>\n<tr>\n<td width=\"53\">7<\/td>\n<td width=\"254\">+ Mira, Ivo i Mijo<\/td>\n<td width=\"55\">19<\/td>\n<td width=\"263\">+ ob. \u0160imi\u0107 i D\u017eoja<\/td>\n<\/tr>\n<tr>\n<td colspan=\"4\" width=\"624\">Subota, 20. travnja<\/td>\n<\/tr>\n<tr>\n<td width=\"53\">7<\/td>\n<td width=\"254\">+ Jakov Tekli\u0107<\/td>\n<td width=\"55\">19<\/td>\n<td width=\"263\">+ ob. Dujmovi\u0107<\/td>\n<\/tr>\n<\/tbody>\n<\/table>\n<p>Utorak 5\/13 sv. Ante. Poslije ve\u010dernje mise molimo pobo\u017enost pred kipom sv. Ante<\/p>\n<p>Vjeronauk za krizmanike je utorkom a prvopri\u010desnike petkom u 10 i 16 sati.<\/p>\n<p>U srijedu su parlamentarni izbori. Pozivamo sve vjernike da iza\u0111u na birali\u0161ta i svoj glas dadu onim kandidatima koji su najbli\u017ei na\u0161im katoli\u010dkim na\u010delima.<\/p>\n<p>U srijedu, poslije ve\u010dernje mise je susret krizmanika s biskupom.<\/p>\n<p>Ispovijed krizmanika, roditelja i kumova je u petak poslije ve\u010dernje mise.<\/p>\n<p>Krizma je u subotu u 11 sati.<\/p>\n<p><strong>MOLITVA ZA MIR U SVIJETU:<\/strong><\/p>\n<p><strong>Pod obranu se Tvoju utje\u010demo,<\/strong>\u00a0sveta Bogorodice. Ne odbij nam molbe u potrebama na\u0161im, nego nas od svih pogelji uvijek oslobodi, Djevice slavna i blagoslovljena, Gospo\u0111o na\u0161a, Posrednice na\u0161a, Zagovornice na\u0161a! Sa svojim nas Sinom pomiri, svojemu nas Sinu preporu\u010di, svojemu nas Sinu izru\u010di. Amen. <strong><em>1x Zdravo Marijo\u2026 <\/em>Kraljice mira, moli za nas!<\/strong><\/p>\n","protected":false},"excerpt":{"rendered":"<p>Raspored svetih misa: 3 UB (14. &#8211; 20. 4. 2024.) Crkva Satnica Nakana Sveti Ante 8 + Ivo i Matilda Gospa VHKZ 9:30 Pro populo Gospa VHKZ 11 + ob. Biland\u017eija Gospa VHKZ 18 + Pero i Milka Ivki\u0107 &nbsp; Ponedjeljak, 15. travnja 7 + Nikola i Slavka 19 + Ante Ercegovac Utorak, 16. travnja 7 + Sre\u0107ko \u0160anti\u0107 19 + Nada i Zdravko Srijeda, [&hellip;]<\/p>\n","protected":false},"author":2,"featured_media":2630,"comment_status":"closed","ping_status":"closed","sticky":false,"template":"","format":"standard","meta":{"fifu_image_url":"","fifu_image_alt":"","footnotes":""},"categories":[6],"tags":[],"class_list":["post-2793","post","type-post","status-publish","format-standard","has-post-thumbnail","hentry","category-zupne-obavijesti"],"_links":{"self":[{"href":"https:\/\/www.svetianteknin.com\/index.php?rest_route=\/wp\/v2\/posts\/2793","targetHints":{"allow":["GET"]}}],"collection":[{"href":"https:\/\/www.svetianteknin.com\/index.php?rest_route=\/wp\/v2\/posts"}],"about":[{"href":"https:\/\/www.svetianteknin.com\/index.php?rest_route=\/wp\/v2\/types\/post"}],"author":[{"embeddable":true,"href":"https:\/\/www.svetianteknin.com\/index.php?rest_route=\/wp\/v2\/users\/2"}],"replies":[{"embeddable":true,"href":"https:\/\/www.svetianteknin.com\/index.php?rest_route=%2Fwp%2Fv2%2Fcomments&post=2793"}],"version-history":[{"count":1,"href":"https:\/\/www.svetianteknin.com\/index.php?rest_route=\/wp\/v2\/posts\/2793\/revisions"}],"predecessor-version":[{"id":2794,"href":"https:\/\/www.svetianteknin.com\/index.php?rest_route=\/wp\/v2\/posts\/2793\/revisions\/2794"}],"wp:featuredmedia":[{"embeddable":true,"href":"https:\/\/www.svetianteknin.com\/index.php?rest_route=\/wp\/v2\/media\/2630"}],"wp:attachment":[{"href":"https:\/\/www.svetianteknin.com\/index.php?rest_route=%2Fwp%2Fv2%2Fmedia&parent=2793"}],"wp:term":[{"taxonomy":"category","embeddable":true,"href":"https:\/\/www.svetianteknin.com\/index.php?rest_route=%2Fwp%2Fv2%2Fcategories&post=2793"},{"taxonomy":"post_tag","embeddable":true,"href":"https:\/\/www.svetianteknin.com\/index.php?rest_route=%2Fwp%2Fv2%2Ftags&post=2793"}],"curies":[{"name":"wp","href":"https:\/\/api.w.org\/{rel}","templated":true}]}}