{"id":2786,"date":"2024-03-30T18:46:01","date_gmt":"2024-03-30T17:46:01","guid":{"rendered":"https:\/\/www.svetianteknin.com\/?p=2786"},"modified":"2024-03-30T18:46:01","modified_gmt":"2024-03-30T17:46:01","slug":"zupne-obavijesti-uskrs-31-3-6-4-2024","status":"publish","type":"post","link":"https:\/\/www.svetianteknin.com\/?p=2786","title":{"rendered":"\u017dupne obavijesti, USKRS (31. 3. &#8211; 6. 4. 2024.)"},"content":{"rendered":"<p><strong>Raspored svetih misa: USKRS (31. 3. &#8211; 6. 4. 2024.)<\/strong><\/p>\n<table>\n<tbody>\n<tr>\n<td width=\"151\">Crkva<\/td>\n<td width=\"95\">Satnica<\/td>\n<td width=\"359\">Nakana<\/td>\n<\/tr>\n<tr>\n<td width=\"151\">Sveti Ante<\/td>\n<td width=\"95\">8<\/td>\n<td width=\"359\">+ ob. Bo\u0161njak i Luji\u0107<\/td>\n<\/tr>\n<tr>\n<td width=\"151\">Gospa VHKZ<\/td>\n<td width=\"95\">9:30<\/td>\n<td width=\"359\">Pro populo<\/td>\n<\/tr>\n<tr>\n<td width=\"151\">Gospa VHKZ<\/td>\n<td width=\"95\">11<\/td>\n<td width=\"359\">+ Petar<\/td>\n<\/tr>\n<tr>\n<td width=\"151\">Gospa VHKZ<\/td>\n<td width=\"95\">18<\/td>\n<td width=\"359\">+ Vilma, Stipe, Frano i Bosa<\/td>\n<\/tr>\n<\/tbody>\n<\/table>\n<p>&nbsp;<\/p>\n<table>\n<tbody>\n<tr>\n<td colspan=\"4\" width=\"624\">Ponedjeljak, 1. travnja<\/td>\n<\/tr>\n<tr>\n<td width=\"53\">8<\/td>\n<td width=\"254\">+ Ilija, Zorka i Elizabeta<\/td>\n<td width=\"55\">19<\/td>\n<td width=\"263\">+ Niko i Terezija<\/td>\n<\/tr>\n<tr>\n<td width=\"53\">9:30<\/td>\n<td width=\"254\">+ ob. Homa i Bili\u0107<\/td>\n<td width=\"55\">&nbsp;<\/td>\n<td width=\"263\">&nbsp;<\/td>\n<\/tr>\n<tr>\n<td colspan=\"4\" width=\"624\">Utorak, 2. travnja<\/td>\n<\/tr>\n<tr>\n<td width=\"53\">8<\/td>\n<td width=\"254\">+ ob. Primorac i \u010culjak<\/td>\n<td width=\"55\">19<\/td>\n<td width=\"263\">+ Blago Ba\u0161i\u0107<\/td>\n<\/tr>\n<tr>\n<td colspan=\"4\" width=\"624\">Srijeda, 3. travnja<\/td>\n<\/tr>\n<tr>\n<td width=\"53\">8<\/td>\n<td width=\"254\">+ Kata i Niko Krvavica<\/td>\n<td width=\"55\">19<\/td>\n<td width=\"263\">+ Mario i Dario<\/td>\n<\/tr>\n<tr>\n<td colspan=\"4\" width=\"624\">\u010cetvrtak, 4. travnja<\/td>\n<\/tr>\n<tr>\n<td width=\"53\">8<\/td>\n<td width=\"254\">+ roditelji franjevaca prov. Presv.Otk. i dobro\u010dinitelji<\/td>\n<td width=\"55\">19<\/td>\n<td width=\"263\">+ Kata i Frano \u010colak<\/td>\n<\/tr>\n<tr>\n<td colspan=\"4\" width=\"624\">Petak, 5. travnja<\/td>\n<\/tr>\n<tr>\n<td width=\"53\">8<\/td>\n<td width=\"254\">+ ob. Grabovac i \u0160ekerija<\/td>\n<td width=\"55\">19<\/td>\n<td width=\"263\">+ Stipe i \u017deljko Malo\u010da<\/td>\n<\/tr>\n<tr>\n<td colspan=\"4\" width=\"624\">Subota, 6. travnja<\/td>\n<\/tr>\n<tr>\n<td width=\"53\">8<\/td>\n<td width=\"254\">+ Mi\u0107o Juri\u0107 Aramba\u0161i\u0107<\/td>\n<td width=\"55\">19<\/td>\n<td width=\"263\">+ ob. Simoni\u0107 i Lipovac<\/td>\n<\/tr>\n<\/tbody>\n<\/table>\n<p><strong>Susret hrvatske katoli\u010dke mlade\u017ei<\/strong> u Gospi\u0107u, 4. svibnja. Prijave su produ\u017eene do 15. travnja<\/p>\n<p><strong>Slijede\u0107i tjedan Uskrsne osmine, jutarnje mise u crkvi sv. Ante su u 8 sati<\/strong><\/p>\n<p>S no\u0107i Vel.subote na Uskrs prelazimo na ljetno ra\u010dunanje vremena. Ve\u010dernje mise su u 19 sati<\/p>\n<p>Uskrsni ponedjeljak, mise su: sv. Ante u 8 sati, GVHKZ u 9:30 i 19 sati<\/p>\n<p>Utorak 3\/13 sv. Ante. Poslije ve\u010dernje mise molimo se zagovoru pred kipom sveca za\u0161titnika na\u0161e \u017eupe.<\/p>\n<p>U tijeku je uskrsna akcija za kupnju dje\u010djih kreveti\u0107a i ormari\u0107a na pedijatriji kninske bolnice. Komplet je 2.100 \u20ac. Cilj nam je kupiti 3 kompleta. Svoj dar (5, 10 ili 20 \u20ac) mo\u017eete ostaviti u \u0161krabici na izlazu iz crkve. <strong>Akcija traje do Uskrsa.<\/strong><\/p>\n<p><strong>MOLITVA ZA MIR U SVIJETU:<\/strong><\/p>\n<p><strong>Pod obranu se Tvoju utje\u010demo,<\/strong>\u00a0sveta Bogorodice. Ne odbij nam molbe u potrebama na\u0161im, nego nas od svih pogelji uvijek oslobodi, Djevice slavna i blagoslovljena, Gospo\u0111o na\u0161a, Posrednice na\u0161a, Zagovornice na\u0161a! Sa svojim nas Sinom pomiri, svojemu nas Sinu preporu\u010di, svojemu nas Sinu izru\u010di. Amen. <strong><em>1x Zdravo Marijo\u2026 <\/em>Kraljice mira, moli za nas!<\/strong><\/p>\n","protected":false},"excerpt":{"rendered":"<p>Raspored svetih misa: USKRS (31. 3. &#8211; 6. 4. 2024.) Crkva Satnica Nakana Sveti Ante 8 + ob. Bo\u0161njak i Luji\u0107 Gospa VHKZ 9:30 Pro populo Gospa VHKZ 11 + Petar Gospa VHKZ 18 + Vilma, Stipe, Frano i Bosa &nbsp; Ponedjeljak, 1. travnja 8 + Ilija, Zorka i Elizabeta 19 + Niko i Terezija 9:30 + ob. Homa i Bili\u0107 &nbsp; &nbsp; Utorak, 2. [&hellip;]<\/p>\n","protected":false},"author":2,"featured_media":2787,"comment_status":"closed","ping_status":"closed","sticky":false,"template":"","format":"standard","meta":{"fifu_image_url":"","fifu_image_alt":"","footnotes":""},"categories":[6],"tags":[],"class_list":["post-2786","post","type-post","status-publish","format-standard","has-post-thumbnail","hentry","category-zupne-obavijesti"],"_links":{"self":[{"href":"https:\/\/www.svetianteknin.com\/index.php?rest_route=\/wp\/v2\/posts\/2786","targetHints":{"allow":["GET"]}}],"collection":[{"href":"https:\/\/www.svetianteknin.com\/index.php?rest_route=\/wp\/v2\/posts"}],"about":[{"href":"https:\/\/www.svetianteknin.com\/index.php?rest_route=\/wp\/v2\/types\/post"}],"author":[{"embeddable":true,"href":"https:\/\/www.svetianteknin.com\/index.php?rest_route=\/wp\/v2\/users\/2"}],"replies":[{"embeddable":true,"href":"https:\/\/www.svetianteknin.com\/index.php?rest_route=%2Fwp%2Fv2%2Fcomments&post=2786"}],"version-history":[{"count":1,"href":"https:\/\/www.svetianteknin.com\/index.php?rest_route=\/wp\/v2\/posts\/2786\/revisions"}],"predecessor-version":[{"id":2788,"href":"https:\/\/www.svetianteknin.com\/index.php?rest_route=\/wp\/v2\/posts\/2786\/revisions\/2788"}],"wp:featuredmedia":[{"embeddable":true,"href":"https:\/\/www.svetianteknin.com\/index.php?rest_route=\/wp\/v2\/media\/2787"}],"wp:attachment":[{"href":"https:\/\/www.svetianteknin.com\/index.php?rest_route=%2Fwp%2Fv2%2Fmedia&parent=2786"}],"wp:term":[{"taxonomy":"category","embeddable":true,"href":"https:\/\/www.svetianteknin.com\/index.php?rest_route=%2Fwp%2Fv2%2Fcategories&post=2786"},{"taxonomy":"post_tag","embeddable":true,"href":"https:\/\/www.svetianteknin.com\/index.php?rest_route=%2Fwp%2Fv2%2Ftags&post=2786"}],"curies":[{"name":"wp","href":"https:\/\/api.w.org\/{rel}","templated":true}]}}