{"id":2653,"date":"2023-11-11T20:38:58","date_gmt":"2023-11-11T19:38:58","guid":{"rendered":"https:\/\/www.svetianteknin.com\/?p=2653"},"modified":"2023-11-11T20:38:58","modified_gmt":"2023-11-11T19:38:58","slug":"zupne-obavijesti-32-kga-12-18-11-2023","status":"publish","type":"post","link":"https:\/\/www.svetianteknin.com\/?p=2653","title":{"rendered":"\u017dupne obavijesti, 32 KGA (12. \u2013 18. 11. 2023.)"},"content":{"rendered":"<p><strong>Raspored svetih misa:\u00a0 32 KGA (12. \u2013 18. 11. 2023.)<\/strong><\/p>\n<table>\n<tbody>\n<tr>\n<td width=\"151\">Crkva<\/td>\n<td width=\"95\">Satnica<\/td>\n<td width=\"359\">Nakana<\/td>\n<\/tr>\n<tr>\n<td width=\"151\">Sveti Ante<\/td>\n<td width=\"95\">8<\/td>\n<td width=\"359\">+ Darko Maji\u0107<\/td>\n<\/tr>\n<tr>\n<td width=\"151\">Gospa VHKZ<\/td>\n<td width=\"95\">9:30<\/td>\n<td width=\"359\">Pro populo<\/td>\n<\/tr>\n<tr>\n<td width=\"151\">Gospa VHKZ<\/td>\n<td width=\"95\">11<\/td>\n<td width=\"359\">+ Niko i Janja<\/td>\n<\/tr>\n<tr>\n<td width=\"151\">Gospa VHKZ<\/td>\n<td width=\"95\">18<\/td>\n<td width=\"359\">+ Ivica Bari\u0161i\u0107<\/td>\n<\/tr>\n<\/tbody>\n<\/table>\n<p>&nbsp;<\/p>\n<table>\n<tbody>\n<tr>\n<td colspan=\"4\" width=\"624\">Ponedjeljak, 13. studenoga<\/td>\n<\/tr>\n<tr>\n<td width=\"53\">7<\/td>\n<td width=\"254\">+ ob. Martinovi\u0107 i Laku\u0161<\/td>\n<td width=\"55\">18<\/td>\n<td width=\"263\">+ ob. Matijanovi\u0107<\/td>\n<\/tr>\n<tr>\n<td colspan=\"4\" width=\"624\">Utorak, 14. studenoga<\/td>\n<\/tr>\n<tr>\n<td width=\"53\">7<\/td>\n<td width=\"254\">+ ob. Pogra\u010di\u0107 i Omazi\u0107<\/td>\n<td width=\"55\">18<\/td>\n<td width=\"263\">+ ob. Gali\u0107<\/td>\n<\/tr>\n<tr>\n<td colspan=\"4\" width=\"624\">Srijeda, 15. studenoga<\/td>\n<\/tr>\n<tr>\n<td width=\"53\">7<\/td>\n<td width=\"254\">+ ob. \u0160amij<\/td>\n<td width=\"55\">18<\/td>\n<td width=\"263\">+ ob. Bari\u0107 i Kre\u0161o<\/td>\n<\/tr>\n<tr>\n<td colspan=\"4\" width=\"624\">\u010cetvrtak, 16. studenoga<\/td>\n<\/tr>\n<tr>\n<td width=\"53\">7<\/td>\n<td width=\"254\">+ Vinko Vukoja<\/td>\n<td width=\"55\">18<\/td>\n<td width=\"263\">+ Danica i Petar \u010cutura<\/td>\n<\/tr>\n<tr>\n<td colspan=\"4\" width=\"624\">Petak, 17. studenoga<\/td>\n<\/tr>\n<tr>\n<td width=\"53\">7<\/td>\n<td width=\"254\">+ Ivan, Luca i Bo\u017eo<\/td>\n<td width=\"55\">18<\/td>\n<td width=\"263\">+ Mato i Mara D\u017eaja<\/td>\n<\/tr>\n<tr>\n<td colspan=\"4\" width=\"624\">Subota, 18. studenoga<\/td>\n<\/tr>\n<tr>\n<td width=\"53\">7<\/td>\n<td width=\"254\">+ ob. Primorac<\/td>\n<td width=\"55\">18<\/td>\n<td width=\"263\">Poginuli i ubijeni u Vukovaru i \u0160kabrnji<\/td>\n<\/tr>\n<\/tbody>\n<\/table>\n<p><strong>\u00a0<\/strong><\/p>\n<p><strong>Vjeronauk<\/strong> za krizmanike je u utorak, a za prvopri\u010desnike u petak u 10 i 16 sati.<\/p>\n<p>Subota: <strong>ministrantski susret<\/strong> u 10 sati, a probe pjevanja za <strong>dje\u010dji zbor<\/strong> su u 11 sati.<\/p>\n<p>U subotu je <strong>sje\u0107anje na stradanje Vukovara i \u0160kabrnje<\/strong>. U petak, poslije ve\u010dernje mise uputit \u0107emo se u procesiji iz Gospine crkve na Gradski Trg i kod spomenika \u201eOluja 95\u201c zapaliti svije\u0107e i moliti za sve ubijene i poginule. A u subotu \u0107emo ve\u010dernju misu slaviti za spasenje njihovih du\u0161a.<\/p>\n<p>&nbsp;<\/p>\n<p>&nbsp;<\/p>\n<p><strong>MOLITVA ZA MIR U SVIJETU:<\/strong><\/p>\n<p><strong>Pod obranu se Tvoju utje\u010demo,<\/strong>\u00a0sveta Bogorodice. Ne odbij nam molbe u potrebama na\u0161im, nego nas od svih pogelji uvijek oslobodi, Djevice slavna i blagoslovljena, Gospo\u0111o na\u0161a, Posrednice na\u0161a, Zagovornice na\u0161a! Sa svojim nas Sinom pomiri, svojemu nas Sinu preporu\u010di, svojemu nas Sinu izru\u010di. Amen. <strong><em>1x Zdravo Marijo\u2026 <\/em>Kraljice mira, moli za nas!<\/strong><\/p>\n<p>&nbsp;<\/p>\n","protected":false},"excerpt":{"rendered":"<p>Raspored svetih misa:\u00a0 32 KGA (12. \u2013 18. 11. 2023.) Crkva Satnica Nakana Sveti Ante 8 + Darko Maji\u0107 Gospa VHKZ 9:30 Pro populo Gospa VHKZ 11 + Niko i Janja Gospa VHKZ 18 + Ivica Bari\u0161i\u0107 &nbsp; Ponedjeljak, 13. studenoga 7 + ob. Martinovi\u0107 i Laku\u0161 18 + ob. Matijanovi\u0107 Utorak, 14. studenoga 7 + ob. Pogra\u010di\u0107 i Omazi\u0107 18 + ob. Gali\u0107 Srijeda, [&hellip;]<\/p>\n","protected":false},"author":2,"featured_media":994,"comment_status":"closed","ping_status":"closed","sticky":false,"template":"","format":"standard","meta":{"fifu_image_url":"","fifu_image_alt":"","footnotes":""},"categories":[6],"tags":[],"class_list":["post-2653","post","type-post","status-publish","format-standard","has-post-thumbnail","hentry","category-zupne-obavijesti"],"_links":{"self":[{"href":"https:\/\/www.svetianteknin.com\/index.php?rest_route=\/wp\/v2\/posts\/2653","targetHints":{"allow":["GET"]}}],"collection":[{"href":"https:\/\/www.svetianteknin.com\/index.php?rest_route=\/wp\/v2\/posts"}],"about":[{"href":"https:\/\/www.svetianteknin.com\/index.php?rest_route=\/wp\/v2\/types\/post"}],"author":[{"embeddable":true,"href":"https:\/\/www.svetianteknin.com\/index.php?rest_route=\/wp\/v2\/users\/2"}],"replies":[{"embeddable":true,"href":"https:\/\/www.svetianteknin.com\/index.php?rest_route=%2Fwp%2Fv2%2Fcomments&post=2653"}],"version-history":[{"count":1,"href":"https:\/\/www.svetianteknin.com\/index.php?rest_route=\/wp\/v2\/posts\/2653\/revisions"}],"predecessor-version":[{"id":2654,"href":"https:\/\/www.svetianteknin.com\/index.php?rest_route=\/wp\/v2\/posts\/2653\/revisions\/2654"}],"wp:featuredmedia":[{"embeddable":true,"href":"https:\/\/www.svetianteknin.com\/index.php?rest_route=\/wp\/v2\/media\/994"}],"wp:attachment":[{"href":"https:\/\/www.svetianteknin.com\/index.php?rest_route=%2Fwp%2Fv2%2Fmedia&parent=2653"}],"wp:term":[{"taxonomy":"category","embeddable":true,"href":"https:\/\/www.svetianteknin.com\/index.php?rest_route=%2Fwp%2Fv2%2Fcategories&post=2653"},{"taxonomy":"post_tag","embeddable":true,"href":"https:\/\/www.svetianteknin.com\/index.php?rest_route=%2Fwp%2Fv2%2Ftags&post=2653"}],"curies":[{"name":"wp","href":"https:\/\/api.w.org\/{rel}","templated":true}]}}