{"id":2621,"date":"2023-09-30T19:29:08","date_gmt":"2023-09-30T18:29:08","guid":{"rendered":"https:\/\/www.svetianteknin.com\/?p=2621"},"modified":"2023-09-30T20:32:34","modified_gmt":"2023-09-30T19:32:34","slug":"zupne-obavijesti-26-kga-1-6-10-2023","status":"publish","type":"post","link":"https:\/\/www.svetianteknin.com\/?p=2621","title":{"rendered":"\u017dupne obavijesti, 26 KGA (1. &#8211; 6. 10. 2023.)"},"content":{"rendered":"<p><strong>Raspored svetih misa:\u00a0 26 KGA (1. &#8211; 6. 10. 2023.)<\/strong><\/p>\n<p><strong>\u00a0<\/strong><\/p>\n<table>\n<tbody>\n<tr>\n<td width=\"151\">Crkva<\/td>\n<td width=\"95\">Satnica<\/td>\n<td width=\"359\">Nakana<\/td>\n<\/tr>\n<tr>\n<td width=\"151\">Sveti Ante<\/td>\n<td width=\"95\">8<\/td>\n<td width=\"359\">+ ob. Josipovi\u0107 i Rai\u0107<\/td>\n<\/tr>\n<tr>\n<td width=\"151\">Gospa VHKZ<\/td>\n<td width=\"95\">9:30<\/td>\n<td width=\"359\">Pro populo<\/td>\n<\/tr>\n<tr>\n<td width=\"151\">Gospa VHKZ<\/td>\n<td width=\"95\">11<\/td>\n<td width=\"359\">+ Vesna Repu\u0161i\u0107<\/td>\n<\/tr>\n<tr>\n<td width=\"151\">Gospa VHKZ<\/td>\n<td width=\"95\">18<\/td>\n<td width=\"359\">+ Frano, Mara i Ivan<\/td>\n<\/tr>\n<\/tbody>\n<\/table>\n<p>&nbsp;<\/p>\n<table>\n<tbody>\n<tr>\n<td colspan=\"4\" width=\"624\">Ponedjeljak, 2. listopada<\/td>\n<\/tr>\n<tr>\n<td width=\"53\">7<\/td>\n<td width=\"254\">+ Ru\u017eica, Mara i + ob. Bla\u017eevi\u0107<\/td>\n<td width=\"55\">18<\/td>\n<td width=\"263\">+ Stipo i Darijo<\/td>\n<\/tr>\n<tr>\n<td colspan=\"4\" width=\"624\">Utorak, 3. listopada<\/td>\n<\/tr>\n<tr>\n<td width=\"53\">7<\/td>\n<td width=\"254\">+ An\u0111a Pende\u0161<\/td>\n<td width=\"55\">18<\/td>\n<td width=\"263\">+ Dragan, Kata i Iv\u0161o<\/td>\n<\/tr>\n<tr>\n<td colspan=\"4\" width=\"624\">Srijeda, 4. listopada: Sv. Franjo<\/td>\n<\/tr>\n<tr>\n<td width=\"53\">7<\/td>\n<td width=\"254\">+ fratri provincije Presv.Otkupitelja<\/td>\n<td width=\"55\">18<\/td>\n<td width=\"263\">Za provinciju Presv.Otkupitelja<\/td>\n<\/tr>\n<tr>\n<td colspan=\"4\" width=\"624\">\u010cetvrtak, 5. listopada<\/td>\n<\/tr>\n<tr>\n<td width=\"53\">7<\/td>\n<td width=\"254\">+ ob. Ore\u010d<\/td>\n<td width=\"55\">18<\/td>\n<td width=\"263\">+ Vesna KOlenda<\/td>\n<\/tr>\n<tr>\n<td colspan=\"4\" width=\"624\">Petak, 6. litopada<\/td>\n<\/tr>\n<tr>\n<td width=\"53\">7<\/td>\n<td width=\"254\">+ ob. Debeljak<\/td>\n<td width=\"55\">18<\/td>\n<td width=\"263\">+ ob. D\u017eoja i Jeli\u0107<\/td>\n<\/tr>\n<tr>\n<td colspan=\"4\" width=\"624\">Subota, 7. listopada<\/td>\n<\/tr>\n<tr>\n<td width=\"53\">7<\/td>\n<td width=\"254\">+ Anto, Frano i Ivka<\/td>\n<td width=\"55\">18<\/td>\n<td width=\"263\">+ Milko, Anto i Manda<\/td>\n<\/tr>\n<\/tbody>\n<\/table>\n<p><strong>Vjeronauk<\/strong> za krizmanike je u utorak, a za prvopri\u010desnike u petak u 10 i 16 sati.<\/p>\n<p>U utorak, uo\u010di sv. Franje, je molitveno sje\u0107anje ili <strong>obred preminu\u0107a Sv. Oca Franje<\/strong> \u2013 utemeljitelja franjeva\u010dkog reda. Obred \u0107e biti odmah poslije ve\u010dernje mise u 18 sati. Na kraju obreda \u0107emo iskazati po\u0161tovanje prema relikviji sv. Franje koju \u010duvamo u na\u0161oj crkvi.<\/p>\n<p>U srijedu je <strong>sv. Franjo<\/strong>. Mise su redovito u 7 i pjevana ve\u010dernja u 18 sati.<\/p>\n<p>Subota: <strong>ministrantski susret<\/strong> u 10 sati, a probe pjevanja za <strong>dje\u010dji zbor<\/strong> u 11 sati<\/p>\n<p>U tijeku je molitvena inicijativa <strong>\u201e40 dana za \u017eivot\u201c,<\/strong> da se svako za\u010deto dijete rodi i da prestanu abortusi. Molitva je svaki dan ispred kninske bolnice od 10 do 16 sati.<\/p>\n<p>Na\u0161 vjerou\u010ditelj Domagoj Jurkovi\u0107 organizira <strong>hodo\u010da\u0161\u0107e u Me\u0111ugorje<\/strong> 28. 10. Raspored i informacije pogledajte na plakatu na izlazu iz crkve.<\/p>\n<p><strong>U slijede\u0107u nedjelju na misi \u0107e biti KMD \u201e\u017dupa Grab\u201c <\/strong>iz Graba, gdje je na\u0161 sve\u0107enik fra Du\u0161ko bio \u017eupnik. Poslije mise \u0107e izvesti nekoliko plesova iz povijesne ba\u0161tine.<\/p>\n<p>Te\u010daj za brak: <strong>od 9. \u2013 12. listopada<\/strong>. Po\u010detak je u 19 sati u samostanu sv. Ante. Nije potrebno prijavljivati se, dovoljno je do\u0107i prvu ve\u010der i upisati se. Slijede\u0107i termin te\u010daja bit \u0107e u svibnju slijede\u0107e godine.<\/p>\n<p><strong>\u00a0<\/strong><\/p>\n<p><strong>MOLITVA ZA MIR U SVIJETU:<\/strong><\/p>\n<p><strong>Pod obranu se Tvoju utje\u010demo,<\/strong>\u00a0sveta Bogorodice. Ne odbij nam molbe u potrebama na\u0161im, nego nas od svih pogelji uvijek oslobodi, Djevice slavna i blagoslovljena, Gospo\u0111o na\u0161a, Posrednice na\u0161a, Zagovornice na\u0161a! Sa svojim nas Sinom pomiri, svojemu nas Sinu preporu\u010di, svojemu nas Sinu izru\u010di. Amen. <strong><em>1x Zdravo Marijo\u2026 <\/em>Kraljice mira, moli za nas!<\/strong><\/p>\n<p>&nbsp;<\/p>\n","protected":false},"excerpt":{"rendered":"<p>Raspored svetih misa:\u00a0 26 KGA (1. &#8211; 6. 10. 2023.) \u00a0 Crkva Satnica Nakana Sveti Ante 8 + ob. Josipovi\u0107 i Rai\u0107 Gospa VHKZ 9:30 Pro populo Gospa VHKZ 11 + Vesna Repu\u0161i\u0107 Gospa VHKZ 18 + Frano, Mara i Ivan &nbsp; Ponedjeljak, 2. listopada 7 + Ru\u017eica, Mara i + ob. Bla\u017eevi\u0107 18 + Stipo i Darijo Utorak, 3. listopada 7 + An\u0111a Pende\u0161 [&hellip;]<\/p>\n","protected":false},"author":2,"featured_media":1464,"comment_status":"closed","ping_status":"closed","sticky":false,"template":"","format":"standard","meta":{"fifu_image_url":"","fifu_image_alt":"","footnotes":""},"categories":[6],"tags":[],"class_list":["post-2621","post","type-post","status-publish","format-standard","has-post-thumbnail","hentry","category-zupne-obavijesti"],"_links":{"self":[{"href":"https:\/\/www.svetianteknin.com\/index.php?rest_route=\/wp\/v2\/posts\/2621","targetHints":{"allow":["GET"]}}],"collection":[{"href":"https:\/\/www.svetianteknin.com\/index.php?rest_route=\/wp\/v2\/posts"}],"about":[{"href":"https:\/\/www.svetianteknin.com\/index.php?rest_route=\/wp\/v2\/types\/post"}],"author":[{"embeddable":true,"href":"https:\/\/www.svetianteknin.com\/index.php?rest_route=\/wp\/v2\/users\/2"}],"replies":[{"embeddable":true,"href":"https:\/\/www.svetianteknin.com\/index.php?rest_route=%2Fwp%2Fv2%2Fcomments&post=2621"}],"version-history":[{"count":5,"href":"https:\/\/www.svetianteknin.com\/index.php?rest_route=\/wp\/v2\/posts\/2621\/revisions"}],"predecessor-version":[{"id":2626,"href":"https:\/\/www.svetianteknin.com\/index.php?rest_route=\/wp\/v2\/posts\/2621\/revisions\/2626"}],"wp:featuredmedia":[{"embeddable":true,"href":"https:\/\/www.svetianteknin.com\/index.php?rest_route=\/wp\/v2\/media\/1464"}],"wp:attachment":[{"href":"https:\/\/www.svetianteknin.com\/index.php?rest_route=%2Fwp%2Fv2%2Fmedia&parent=2621"}],"wp:term":[{"taxonomy":"category","embeddable":true,"href":"https:\/\/www.svetianteknin.com\/index.php?rest_route=%2Fwp%2Fv2%2Fcategories&post=2621"},{"taxonomy":"post_tag","embeddable":true,"href":"https:\/\/www.svetianteknin.com\/index.php?rest_route=%2Fwp%2Fv2%2Ftags&post=2621"}],"curies":[{"name":"wp","href":"https:\/\/api.w.org\/{rel}","templated":true}]}}