{"id":2615,"date":"2023-09-23T19:44:10","date_gmt":"2023-09-23T18:44:10","guid":{"rendered":"https:\/\/www.svetianteknin.com\/?p=2615"},"modified":"2023-09-23T19:44:10","modified_gmt":"2023-09-23T18:44:10","slug":"zupne-obavijesti-25-kga-24-30-9-2023","status":"publish","type":"post","link":"https:\/\/www.svetianteknin.com\/?p=2615","title":{"rendered":"\u017dupne obavijesti, 25 KGA (24. &#8211; 30. 9. 2023.)"},"content":{"rendered":"<p><strong>Raspored svetih misa:\u00a0 25 KGA (24. &#8211; 30. 9. 2023.)<\/strong><\/p>\n<table>\n<tbody>\n<tr>\n<td width=\"151\">Crkva<\/td>\n<td width=\"95\">Satnica<\/td>\n<td width=\"359\">Nakana<\/td>\n<\/tr>\n<tr>\n<td width=\"151\">Sveti Ante<\/td>\n<td width=\"95\">8<\/td>\n<td width=\"359\">+ Ana i Vinko Josipovi\u0107<\/td>\n<\/tr>\n<tr>\n<td width=\"151\">Gospa VHKZ<\/td>\n<td width=\"95\">9:30<\/td>\n<td width=\"359\">Pro populo<\/td>\n<\/tr>\n<tr>\n<td width=\"151\">Gospa VHKZ<\/td>\n<td width=\"95\">11<\/td>\n<td width=\"359\">+ Filip Br\u010dina<\/td>\n<\/tr>\n<tr>\n<td width=\"151\">Gospa VHKZ<\/td>\n<td width=\"95\">19<\/td>\n<td width=\"359\">+ ob. Lon\u010dar i Bagari\u0107<\/td>\n<\/tr>\n<\/tbody>\n<\/table>\n<p>&nbsp;<\/p>\n<table>\n<tbody>\n<tr>\n<td colspan=\"4\" width=\"624\">Ponedjeljak, 25. rujna<\/td>\n<\/tr>\n<tr>\n<td width=\"53\">7<\/td>\n<td width=\"254\">+ Ru\u017ea Jeli\u0107<\/td>\n<td width=\"55\">19<\/td>\n<td width=\"263\">+ Marica i Drago Gaujto<\/td>\n<\/tr>\n<tr>\n<td colspan=\"4\" width=\"624\">Utorak, 26. rujna<\/td>\n<\/tr>\n<tr>\n<td width=\"53\">7<\/td>\n<td width=\"254\">+ Ana i Petar<\/td>\n<td width=\"55\">19<\/td>\n<td width=\"263\">+ Bo\u017eo, Marija i Ivan<\/td>\n<\/tr>\n<tr>\n<td colspan=\"4\" width=\"624\">Srijeda, 27. rujna<\/td>\n<\/tr>\n<tr>\n<td width=\"53\">7<\/td>\n<td width=\"254\">+ Jozo, Ru\u017ea i Dragica<\/td>\n<td width=\"55\">19<\/td>\n<td width=\"263\">+ Darijo Gali\u0107<\/td>\n<\/tr>\n<tr>\n<td colspan=\"4\" width=\"624\">\u010cetvrtak, 28. rujna<\/td>\n<\/tr>\n<tr>\n<td width=\"53\">7<\/td>\n<td width=\"254\">+ &gt;Sjepo, Jozepka i Gerd<\/td>\n<td width=\"55\">19<\/td>\n<td width=\"263\">+ ob. Duji\u0107<\/td>\n<\/tr>\n<tr>\n<td colspan=\"4\" width=\"624\">Petak, 29. rujna: sv. Mihovil<\/td>\n<\/tr>\n<tr>\n<td width=\"53\">7<\/td>\n<td width=\"254\">+ Marinka i Stjepan<\/td>\n<td width=\"55\">19<\/td>\n<td width=\"263\">+ ob. Ivan\u010di\u0107<\/td>\n<\/tr>\n<tr>\n<td colspan=\"4\" width=\"624\">Subota, 30. rujna<\/td>\n<\/tr>\n<tr>\n<td width=\"53\">7<\/td>\n<td width=\"254\">+ Ivo Pavlovi\u0107<\/td>\n<td width=\"55\">19<\/td>\n<td width=\"263\">+ ob. Martinovi\u0107, Vuleti\u0107 i Gran\u010di\u0107<\/td>\n<\/tr>\n<\/tbody>\n<\/table>\n<p><strong>\u00a0<\/strong><\/p>\n<p><strong>Zaziv Duha Svetoga i Misa za po\u010detak \u0161kolske godine<\/strong>: 1. listopada (slijede\u0107a nedjelja) u 11 sati<\/p>\n<p><strong>Roditeljski sastanak<\/strong> za djecu prvopri\u010desnika i krizmanika je u srijedu u 19 sati, poslije ve\u010dernje mise.<\/p>\n<p>Petak, 29. rujna je <strong>sv. Mihovil<\/strong>, za\u0161titnik na\u0161e \u0161ibenske biskupije. Procesija i misa ispred katedrale je u 10 sati.<\/p>\n<p>Subota: <strong>ministrantski susret<\/strong> u 10 sati, a probe pjevanja za <strong>dje\u010dji zbor<\/strong> u 11 sati<\/p>\n<p>Te\u010daj za brak: <strong>od 9. \u2013 12. listopada<\/strong>. Po\u010detak je u 19 sati u samostanu sv. Ante. Nije potrebno prijavljivati se, dovoljno je do\u0107i prvu ve\u010der i upisati se. Slijede\u0107i termin te\u010daja bit \u0107e u svibnju slijede\u0107e godine.<\/p>\n<p>Molitvena inicijativa <strong>\u201e40 dana za \u017eivot\u201c,<\/strong> da se svako za\u010deto dijete rodi i da prestanu abortusi, po\u010dinje u srijedu 27. rujna, svaki dan ispred kninske bolnice od 10 do 16 sati.<\/p>\n<p>Od slijede\u0107e nedjelje <strong>ve\u010dernje mise<\/strong> su u 18 sati.<\/p>\n<p>&nbsp;<\/p>\n<p><strong>\u00a0<\/strong><\/p>\n<p><strong>MOLITVA ZA MIR U SVIJETU:<\/strong><\/p>\n<p><strong>Pod obranu se Tvoju utje\u010demo,<\/strong>\u00a0sveta Bogorodice. Ne odbij nam molbe u potrebama na\u0161im, nego nas od svih pogelji uvijek oslobodi, Djevice slavna i blagoslovljena, Gospo\u0111o na\u0161a, Posrednice na\u0161a, Zagovornice na\u0161a! Sa svojim nas Sinom pomiri, svojemu nas Sinu preporu\u010di, svojemu nas Sinu izru\u010di. Amen. <strong><em>1x Zdravo Marijo\u2026 <\/em>Kraljice mira, moli za nas!<\/strong><\/p>\n","protected":false},"excerpt":{"rendered":"<p>Raspored svetih misa:\u00a0 25 KGA (24. &#8211; 30. 9. 2023.) Crkva Satnica Nakana Sveti Ante 8 + Ana i Vinko Josipovi\u0107 Gospa VHKZ 9:30 Pro populo Gospa VHKZ 11 + Filip Br\u010dina Gospa VHKZ 19 + ob. Lon\u010dar i Bagari\u0107 &nbsp; Ponedjeljak, 25. rujna 7 + Ru\u017ea Jeli\u0107 19 + Marica i Drago Gaujto Utorak, 26. rujna 7 + Ana i Petar 19 + Bo\u017eo, [&hellip;]<\/p>\n","protected":false},"author":2,"featured_media":2297,"comment_status":"closed","ping_status":"closed","sticky":false,"template":"","format":"standard","meta":{"fifu_image_url":"","fifu_image_alt":"","footnotes":""},"categories":[6],"tags":[],"class_list":["post-2615","post","type-post","status-publish","format-standard","has-post-thumbnail","hentry","category-zupne-obavijesti"],"_links":{"self":[{"href":"https:\/\/www.svetianteknin.com\/index.php?rest_route=\/wp\/v2\/posts\/2615","targetHints":{"allow":["GET"]}}],"collection":[{"href":"https:\/\/www.svetianteknin.com\/index.php?rest_route=\/wp\/v2\/posts"}],"about":[{"href":"https:\/\/www.svetianteknin.com\/index.php?rest_route=\/wp\/v2\/types\/post"}],"author":[{"embeddable":true,"href":"https:\/\/www.svetianteknin.com\/index.php?rest_route=\/wp\/v2\/users\/2"}],"replies":[{"embeddable":true,"href":"https:\/\/www.svetianteknin.com\/index.php?rest_route=%2Fwp%2Fv2%2Fcomments&post=2615"}],"version-history":[{"count":1,"href":"https:\/\/www.svetianteknin.com\/index.php?rest_route=\/wp\/v2\/posts\/2615\/revisions"}],"predecessor-version":[{"id":2616,"href":"https:\/\/www.svetianteknin.com\/index.php?rest_route=\/wp\/v2\/posts\/2615\/revisions\/2616"}],"wp:featuredmedia":[{"embeddable":true,"href":"https:\/\/www.svetianteknin.com\/index.php?rest_route=\/wp\/v2\/media\/2297"}],"wp:attachment":[{"href":"https:\/\/www.svetianteknin.com\/index.php?rest_route=%2Fwp%2Fv2%2Fmedia&parent=2615"}],"wp:term":[{"taxonomy":"category","embeddable":true,"href":"https:\/\/www.svetianteknin.com\/index.php?rest_route=%2Fwp%2Fv2%2Fcategories&post=2615"},{"taxonomy":"post_tag","embeddable":true,"href":"https:\/\/www.svetianteknin.com\/index.php?rest_route=%2Fwp%2Fv2%2Ftags&post=2615"}],"curies":[{"name":"wp","href":"https:\/\/api.w.org\/{rel}","templated":true}]}}