{"id":2595,"date":"2023-09-02T21:27:16","date_gmt":"2023-09-02T20:27:16","guid":{"rendered":"https:\/\/www.svetianteknin.com\/?p=2595"},"modified":"2023-09-02T21:35:01","modified_gmt":"2023-09-02T20:35:01","slug":"2595","status":"publish","type":"post","link":"https:\/\/www.svetianteknin.com\/?p=2595","title":{"rendered":"\u017dupne obavijesti, 22 KGA (3. &#8211; 9. 9. 2023.)"},"content":{"rendered":"<p><strong>Raspored svetih misa:\u00a0 22 KGA (3. &#8211; 9. 9. 2023.)<\/strong><\/p>\n<table>\n<tbody>\n<tr>\n<td width=\"151\">Crkva<\/td>\n<td width=\"95\">Satnica<\/td>\n<td width=\"359\">Nakana<\/td>\n<\/tr>\n<tr>\n<td width=\"151\">Sveti Ante<\/td>\n<td width=\"95\">8<\/td>\n<td width=\"359\">+ ob. Zrni\u0107 i Radi\u0161i\u0107<\/td>\n<\/tr>\n<tr>\n<td width=\"151\">Gospa VHKZ<\/td>\n<td width=\"95\">9:30<\/td>\n<td width=\"359\">Pro populo<\/td>\n<\/tr>\n<tr>\n<td width=\"151\">Gospa VHKZ<\/td>\n<td width=\"95\">19<\/td>\n<td width=\"359\">+ Marijo \u0160imi\u0107<\/td>\n<\/tr>\n<\/tbody>\n<\/table>\n<p>&nbsp;<\/p>\n<table>\n<tbody>\n<tr>\n<td colspan=\"4\" width=\"624\">Ponedjeljak, 4. rujna<\/td>\n<\/tr>\n<tr>\n<td width=\"53\">7<\/td>\n<td width=\"254\">Za zdravlje<\/td>\n<td width=\"55\">19<\/td>\n<td width=\"263\">+ An\u0111a i Drago Bagari\u0107<\/td>\n<\/tr>\n<tr>\n<td colspan=\"4\" width=\"624\">Utorak, 5. rujna<\/td>\n<\/tr>\n<tr>\n<td width=\"53\">7<\/td>\n<td width=\"254\">+ \u017deljka<\/td>\n<td width=\"55\">19<\/td>\n<td width=\"263\">+ Mijo Kafadar<\/td>\n<\/tr>\n<tr>\n<td colspan=\"4\" width=\"624\">Srijeda, 6. rujna<\/td>\n<\/tr>\n<tr>\n<td width=\"53\">7<\/td>\n<td width=\"254\">+ Niko i An\u0111a<\/td>\n<td width=\"55\">19<\/td>\n<td width=\"263\">+ Josip Dragi\u010devi\u0107<\/td>\n<\/tr>\n<tr>\n<td colspan=\"4\" width=\"624\">\u010cetvrtak, 7. rujna<\/td>\n<\/tr>\n<tr>\n<td width=\"53\">7<\/td>\n<td width=\"254\">+ Ante Tomi\u0107<\/td>\n<td width=\"55\">19<\/td>\n<td width=\"263\">+ Manda i du\u0161e u \u010distili\u0161tu<\/td>\n<\/tr>\n<tr>\n<td colspan=\"4\" width=\"624\">Petak, 8. rujna: Mala Gospa<\/td>\n<\/tr>\n<tr>\n<td width=\"53\">7<\/td>\n<td width=\"254\">+ Anto o Vinko<\/td>\n<td width=\"55\">19<\/td>\n<td width=\"263\">+ Stipo i + ob. Ivi\u0161i\u0107<\/td>\n<\/tr>\n<tr>\n<td colspan=\"4\" width=\"624\">Subota, 9. rujna<\/td>\n<\/tr>\n<tr>\n<td width=\"53\">7<\/td>\n<td width=\"254\">+ Cvitko i Marija<\/td>\n<td width=\"55\">19<\/td>\n<td width=\"263\">BISUPIJA (misa i bdijenje). U Kninu nema mise<\/td>\n<\/tr>\n<\/tbody>\n<\/table>\n<p><strong>Ponedjeljak, 4. rujna: <\/strong>po\u010detak nove \u0161kolske godine. Svim u\u010denicima \u017eelimo Bo\u017eji blagoslov i da tijekom ove \u0161kolske godine napreduju u dobrom odgoju i obrazovanju. Tako\u0111er svima koji u\u010de na\u0161u djecu (u\u010diteljima, nastavnicima i profesorima) \u017eelimo Bo\u017eji blagoslov i da njihov trud urodi dobrim plodovima.<\/p>\n<p><strong>U petak je MALA GOSPA. <\/strong>Mise su kao svakim radnim danom.<\/p>\n<p><strong>U subotu nave\u010der<\/strong>, u Kninu nema ve\u010dernje mise. Umjesto u Kninu misa \u0107e biti u Biskupiji, a poslije mise je klanjanje i blagoslov Presvetim sakramentom.<\/p>\n<p><strong>U slijede\u0107u nedjelju, 10. rujna je proslava Na\u0161e Gospe u Biskupiji. <\/strong>Prema prijedlogu na\u0161ega biskupa Tomislava, toga dana \u0107e u kod crkve Svete Marije u Biskupiji biti susret molitvenih grupa \u0161ibenske biskupije. Taj susret bi trebao biti tradicionalan. Ovo je dobra ideja osnivanje novih molitvenih zajednica. Te zajednice mogu biti: prosvjetni djelatnici, medicinsko osoblje, branitelji, ne\u017eenje, bra\u010dni parovi itd\u2026 Kroz molitvu i razgovaranje mogu olak\u0161ati i unaprijediti svoj rad i poslanje u crkvi. Ako netko ima neku ideju, neka se javi poslije mise. Molitvene grupe su bogatstvo \u017eupe.<\/p>\n<p>U slijede\u0107u nedjelju, po\u0161to je proslava Na\u0161e Gospe u Biskupiji, u Kninu ne \u0107e biti ni jutarnja ni ve\u010dernja misa. <strong><u>Po\u010detak procesije i mise u Biskupiji je u 10:30 sati.<\/u><\/strong><\/p>\n<p><strong>\u00a0<\/strong><\/p>\n<p><strong>MOLITVA ZA MIR U SVIJETU:<\/strong><\/p>\n<p><strong>Pod obranu se Tvoju utje\u010demo,<\/strong>\u00a0sveta Bogorodice. Ne odbij nam molbe u potrebama na\u0161im, nego nas od svih pogelji uvijek oslobodi, Djevice slavna i blagoslovljena, Gospo\u0111o na\u0161a, Posrednice na\u0161a, Zagovornice na\u0161a! Sa svojim nas Sinom pomiri, svojemu nas Sinu preporu\u010di, svojemu nas Sinu izru\u010di. Amen. <strong><em>1x Zdravo Marijo\u2026 <\/em>Kraljice mira, moli za nas!<\/strong><\/p>\n","protected":false},"excerpt":{"rendered":"<p>Raspored svetih misa:\u00a0 22 KGA (3. &#8211; 9. 9. 2023.) Crkva Satnica Nakana Sveti Ante 8 + ob. Zrni\u0107 i Radi\u0161i\u0107 Gospa VHKZ 9:30 Pro populo Gospa VHKZ 19 + Marijo \u0160imi\u0107 &nbsp; Ponedjeljak, 4. rujna 7 Za zdravlje 19 + An\u0111a i Drago Bagari\u0107 Utorak, 5. rujna 7 + \u017deljka 19 + Mijo Kafadar Srijeda, 6. rujna 7 + Niko i An\u0111a 19 + [&hellip;]<\/p>\n","protected":false},"author":2,"featured_media":2261,"comment_status":"closed","ping_status":"closed","sticky":false,"template":"","format":"standard","meta":{"fifu_image_url":"","fifu_image_alt":"","footnotes":""},"categories":[6],"tags":[],"class_list":["post-2595","post","type-post","status-publish","format-standard","has-post-thumbnail","hentry","category-zupne-obavijesti"],"_links":{"self":[{"href":"https:\/\/www.svetianteknin.com\/index.php?rest_route=\/wp\/v2\/posts\/2595","targetHints":{"allow":["GET"]}}],"collection":[{"href":"https:\/\/www.svetianteknin.com\/index.php?rest_route=\/wp\/v2\/posts"}],"about":[{"href":"https:\/\/www.svetianteknin.com\/index.php?rest_route=\/wp\/v2\/types\/post"}],"author":[{"embeddable":true,"href":"https:\/\/www.svetianteknin.com\/index.php?rest_route=\/wp\/v2\/users\/2"}],"replies":[{"embeddable":true,"href":"https:\/\/www.svetianteknin.com\/index.php?rest_route=%2Fwp%2Fv2%2Fcomments&post=2595"}],"version-history":[{"count":2,"href":"https:\/\/www.svetianteknin.com\/index.php?rest_route=\/wp\/v2\/posts\/2595\/revisions"}],"predecessor-version":[{"id":2597,"href":"https:\/\/www.svetianteknin.com\/index.php?rest_route=\/wp\/v2\/posts\/2595\/revisions\/2597"}],"wp:featuredmedia":[{"embeddable":true,"href":"https:\/\/www.svetianteknin.com\/index.php?rest_route=\/wp\/v2\/media\/2261"}],"wp:attachment":[{"href":"https:\/\/www.svetianteknin.com\/index.php?rest_route=%2Fwp%2Fv2%2Fmedia&parent=2595"}],"wp:term":[{"taxonomy":"category","embeddable":true,"href":"https:\/\/www.svetianteknin.com\/index.php?rest_route=%2Fwp%2Fv2%2Fcategories&post=2595"},{"taxonomy":"post_tag","embeddable":true,"href":"https:\/\/www.svetianteknin.com\/index.php?rest_route=%2Fwp%2Fv2%2Ftags&post=2595"}],"curies":[{"name":"wp","href":"https:\/\/api.w.org\/{rel}","templated":true}]}}