{"id":2579,"date":"2023-07-29T21:14:22","date_gmt":"2023-07-29T20:14:22","guid":{"rendered":"https:\/\/www.svetianteknin.com\/?p=2579"},"modified":"2023-07-29T21:14:22","modified_gmt":"2023-07-29T20:14:22","slug":"zupne-obavijesti-17-kga-30-7-6-8-2023","status":"publish","type":"post","link":"https:\/\/www.svetianteknin.com\/?p=2579","title":{"rendered":"\u017dupne obavijesti, 17 KGA (30. 7. &#8211; 6. \u00a08. 2023.)"},"content":{"rendered":"<p><strong>Raspored svetih misa:\u00a0 17 KGA (30. 7. &#8211; 6. \u00a08. 2023.)<\/strong><\/p>\n<table>\n<tbody>\n<tr>\n<td width=\"151\">Crkva<\/td>\n<td width=\"95\">Satnica<\/td>\n<td width=\"359\">Nakana<\/td>\n<\/tr>\n<tr>\n<td width=\"151\">Sveti Ante<\/td>\n<td width=\"95\">8<\/td>\n<td width=\"359\">+ Jozefina, Franjo i Mirk Zrni\u0107<\/td>\n<\/tr>\n<tr>\n<td width=\"151\">Gospa VHKZ<\/td>\n<td width=\"95\">9:30<\/td>\n<td width=\"359\">Pro populo<\/td>\n<\/tr>\n<tr>\n<td width=\"151\">Gospa VHKZ<\/td>\n<td width=\"95\">19<\/td>\n<td width=\"359\">+ Snje\u017eana i Dominko<\/td>\n<\/tr>\n<\/tbody>\n<\/table>\n<p>&nbsp;<\/p>\n<table>\n<tbody>\n<tr>\n<td colspan=\"4\" width=\"624\">Ponedjeljak, 31. srpnja<\/td>\n<\/tr>\n<tr>\n<td width=\"53\">7<\/td>\n<td width=\"254\">+ Josip i Dragutin Elez<\/td>\n<td width=\"55\">19<\/td>\n<td width=\"263\">+ Marija Zlati\u0107<\/td>\n<\/tr>\n<tr>\n<td colspan=\"4\" width=\"624\">Utorak, 1. kolovoza<\/td>\n<\/tr>\n<tr>\n<td width=\"53\">7<\/td>\n<td width=\"254\">+ Stipe i Marija Bilu\u0161i\u0107<\/td>\n<td width=\"55\">19<\/td>\n<td width=\"263\">+ Anamarija Serti\u0107<\/td>\n<\/tr>\n<tr>\n<td colspan=\"4\" width=\"624\">Srijeda, 2. kolovoza: Gospa od An\u0111ela<\/td>\n<\/tr>\n<tr>\n<td width=\"53\">7<\/td>\n<td width=\"254\">+ Anto, Drago i Jozo<\/td>\n<td width=\"55\">19<\/td>\n<td width=\"263\">+ Anto i + ob. Matijevi\u0107<\/td>\n<\/tr>\n<tr>\n<td colspan=\"4\" width=\"624\">\u010cetvrtak, 3. kolovoza<\/td>\n<\/tr>\n<tr>\n<td width=\"53\">7<\/td>\n<td width=\"254\">+ Matija (\u017e) i Bosiljko<\/td>\n<td width=\"55\">19<\/td>\n<td width=\"263\">+ Zoran, Ilija i Ljubica<\/td>\n<\/tr>\n<tr>\n<td colspan=\"4\" width=\"624\">Petak, 4. kolovoza: obljetnica posvete crkve<\/td>\n<\/tr>\n<tr>\n<td width=\"53\">7<\/td>\n<td width=\"254\">+ ob. Mari\u0107 i \u0160ipi\u0107<\/td>\n<td width=\"55\">19<\/td>\n<td width=\"263\">+ hrv.branitelji<\/td>\n<\/tr>\n<tr>\n<td colspan=\"4\" width=\"624\">Subota, 5. kolovoza: Dan domovinske zahvalnosti i dan hrv.branitelja<\/td>\n<\/tr>\n<tr>\n<td width=\"53\">7<\/td>\n<td width=\"254\">+ Marko i \u0160ima Raji\u010d<\/td>\n<td width=\"55\">19<\/td>\n<td width=\"263\">Na odluku<\/td>\n<\/tr>\n<\/tbody>\n<\/table>\n<p><strong>U srijedu, 2. kolovoza: Gospa od An\u0111ela. <\/strong>Toga dana svi koji pohode neko od franjeva\u010dkih sveti\u0161ta mogu dobiti potpuni oprost grijeha. Uvjet za potpuni oprost je: ispovjediti se, sudjelovati na misi i pri\u010destiti se i izmoliti Vjerovanje i O\u010dena\u0161 na nakanu sv. oca. Gospa od An\u0111ela posebno se slavi na Visovcu.<\/p>\n<p>Umjesto u petak, <strong>cijelono\u0107no klanjanje<\/strong> imat \u0107emo u \u010detvrtak poslije ve\u010dernje mise.<\/p>\n<p><strong>U petak, 4. kolovoza<\/strong> \u2013 obljetnica posvete crkve. Na ve\u010dernjoj misi molit \u0107emo za sve poginule hrv.branitelje. Na misi \u0107e sudjelovati oko 200 \u010dlanova razli\u010ditih kulturno umjetni\u010dkih dru\u0161tava iz cijele Domovine. Doma\u0107in susreta je na\u0161e Hrv. Kul. Dru\u0161tvo \u201eNapredak\u201c. Poslije mise \u010dlanovi svih dru\u0161tava imaju smotru na Trgu Ante Star\u010devi\u0107a.<\/p>\n<p><strong>Subota, 5. kolovoza je 28. godi\u0161njica VRO \u201eOluja\u201c.<\/strong> Taj dan u na\u0161em gradu bit \u0107e cijeli dr\u017eavni vrh i mno\u0161tvo branitelja i gostiju. Jo\u0161 nije napravljen raspored doga\u0111anja. Svi ste dobro do\u0161li na svetu misu, a tko ne bude mogao do\u0107i u crkvu, mo\u0107i \u0107e pratiti na tv.<\/p>\n<p><strong>U slijede\u0107u nedjelju je koncert katoli\u010dke duhovne glazbe i ve\u010der slavljenja Boga \u201eSalve Regina\u201c.<\/strong> Program \u0107e se odr\u017eati poslije ve\u010dernje mise ispred crkve GVHKZ. Nastupit \u0107e: Vis \u201eDavid, zajednica \u201eDavid\u201c, grupa Emanuel, Zvonimir Kali\u0107 i grupa Noel. Pozivamo vas sve, a posebno mlade obitelji s djecom da tu ve\u010der pjevaju, mole i slave Boga.<\/p>\n<p><strong>\u00a0<\/strong><\/p>\n<p><strong>MOLITVA ZA MIR U SVIJETU:<\/strong><\/p>\n<p><strong>Pod obranu se Tvoju utje\u010demo,<\/strong>\u00a0sveta Bogorodice. Ne odbij nam molbe u potrebama na\u0161im, nego nas od svih pogelji uvijek oslobodi, Djevice slavna i blagoslovljena, Gospo\u0111o na\u0161a, Posrednice na\u0161a, Zagovornice na\u0161a! Sa svojim nas Sinom pomiri, svojemu nas Sinu preporu\u010di, svojemu nas Sinu izru\u010di. Amen. <strong><em>1x Zdravo Marijo\u2026 <\/em>Kraljice mira, moli za nas!<\/strong><\/p>\n<p>&nbsp;<\/p>\n","protected":false},"excerpt":{"rendered":"<p>Raspored svetih misa:\u00a0 17 KGA (30. 7. &#8211; 6. \u00a08. 2023.) Crkva Satnica Nakana Sveti Ante 8 + Jozefina, Franjo i Mirk Zrni\u0107 Gospa VHKZ 9:30 Pro populo Gospa VHKZ 19 + Snje\u017eana i Dominko &nbsp; Ponedjeljak, 31. srpnja 7 + Josip i Dragutin Elez 19 + Marija Zlati\u0107 Utorak, 1. kolovoza 7 + Stipe i Marija Bilu\u0161i\u0107 19 + Anamarija Serti\u0107 Srijeda, 2. kolovoza: [&hellip;]<\/p>\n","protected":false},"author":2,"featured_media":2580,"comment_status":"closed","ping_status":"closed","sticky":false,"template":"","format":"standard","meta":{"fifu_image_url":"","fifu_image_alt":"","footnotes":""},"categories":[6],"tags":[],"class_list":["post-2579","post","type-post","status-publish","format-standard","has-post-thumbnail","hentry","category-zupne-obavijesti"],"_links":{"self":[{"href":"https:\/\/www.svetianteknin.com\/index.php?rest_route=\/wp\/v2\/posts\/2579","targetHints":{"allow":["GET"]}}],"collection":[{"href":"https:\/\/www.svetianteknin.com\/index.php?rest_route=\/wp\/v2\/posts"}],"about":[{"href":"https:\/\/www.svetianteknin.com\/index.php?rest_route=\/wp\/v2\/types\/post"}],"author":[{"embeddable":true,"href":"https:\/\/www.svetianteknin.com\/index.php?rest_route=\/wp\/v2\/users\/2"}],"replies":[{"embeddable":true,"href":"https:\/\/www.svetianteknin.com\/index.php?rest_route=%2Fwp%2Fv2%2Fcomments&post=2579"}],"version-history":[{"count":1,"href":"https:\/\/www.svetianteknin.com\/index.php?rest_route=\/wp\/v2\/posts\/2579\/revisions"}],"predecessor-version":[{"id":2581,"href":"https:\/\/www.svetianteknin.com\/index.php?rest_route=\/wp\/v2\/posts\/2579\/revisions\/2581"}],"wp:featuredmedia":[{"embeddable":true,"href":"https:\/\/www.svetianteknin.com\/index.php?rest_route=\/wp\/v2\/media\/2580"}],"wp:attachment":[{"href":"https:\/\/www.svetianteknin.com\/index.php?rest_route=%2Fwp%2Fv2%2Fmedia&parent=2579"}],"wp:term":[{"taxonomy":"category","embeddable":true,"href":"https:\/\/www.svetianteknin.com\/index.php?rest_route=%2Fwp%2Fv2%2Fcategories&post=2579"},{"taxonomy":"post_tag","embeddable":true,"href":"https:\/\/www.svetianteknin.com\/index.php?rest_route=%2Fwp%2Fv2%2Ftags&post=2579"}],"curies":[{"name":"wp","href":"https:\/\/api.w.org\/{rel}","templated":true}]}}