{"id":2574,"date":"2023-07-15T20:39:48","date_gmt":"2023-07-15T19:39:48","guid":{"rendered":"https:\/\/www.svetianteknin.com\/?p=2574"},"modified":"2023-07-15T20:44:43","modified_gmt":"2023-07-15T19:44:43","slug":"zupne-obavijesti-15-kga-6-22-7-2023","status":"publish","type":"post","link":"https:\/\/www.svetianteknin.com\/?p=2574","title":{"rendered":"\u017dupne obavijesti, 15 KGA (6.- 22. \u00a07. 2023.)"},"content":{"rendered":"<p><strong>Raspored svetih misa:\u00a0 15 KGA (6.- 22. \u00a07. 2023.)<\/strong><\/p>\n<table>\n<tbody>\n<tr>\n<td width=\"151\">Crkva<\/td>\n<td width=\"95\">Satnica<\/td>\n<td width=\"359\">Nakana<\/td>\n<\/tr>\n<tr>\n<td width=\"151\">Sveti Ante<\/td>\n<td width=\"95\">8<\/td>\n<td width=\"359\">+ Ilija Kri\u017ei\u0107<\/td>\n<\/tr>\n<tr>\n<td width=\"151\">Gospa VHKZ<\/td>\n<td width=\"95\">9:30<\/td>\n<td width=\"359\">Pro populo<\/td>\n<\/tr>\n<tr>\n<td width=\"151\">Gospa VHKZ<\/td>\n<td width=\"95\">19<\/td>\n<td width=\"359\">+ Josip Tolo<\/td>\n<\/tr>\n<\/tbody>\n<\/table>\n<p>&nbsp;<\/p>\n<table>\n<tbody>\n<tr>\n<td colspan=\"4\" width=\"624\">Ponedjeljak, 17. srpnja<\/td>\n<\/tr>\n<tr>\n<td width=\"53\">7<\/td>\n<td width=\"254\">+ fratri, rodbina i dobro\u010dinitelji samostana sv. Ante<\/td>\n<td width=\"55\">19<\/td>\n<td width=\"263\">+ Mijo i Lucija<\/td>\n<\/tr>\n<tr>\n<td colspan=\"4\" width=\"624\">Utorak, 18. srpnja<\/td>\n<\/tr>\n<tr>\n<td width=\"53\">7<\/td>\n<td width=\"254\">+ Lucija Batarelo<\/td>\n<td width=\"55\">19<\/td>\n<td width=\"263\">+ ob. \u010culjak<\/td>\n<\/tr>\n<tr>\n<td colspan=\"4\" width=\"624\">Srijeda, 19. srpnja<\/td>\n<\/tr>\n<tr>\n<td width=\"53\">7<\/td>\n<td width=\"254\">+ Zlatko Brnas<\/td>\n<td width=\"55\">19<\/td>\n<td width=\"263\">+ ob. Tica<\/td>\n<\/tr>\n<tr>\n<td colspan=\"4\" width=\"624\">\u010cetvrtak, 20. srpnja: Sv. Ilija<\/td>\n<\/tr>\n<tr>\n<td width=\"53\">7<\/td>\n<td width=\"254\">+ Ilija<\/td>\n<td width=\"55\">19<\/td>\n<td width=\"263\">+ Mira Lopar<\/td>\n<\/tr>\n<tr>\n<td colspan=\"4\" width=\"624\">Petak, 21. sronja<\/td>\n<\/tr>\n<tr>\n<td width=\"53\">7<\/td>\n<td width=\"254\">+ Tomo Kova\u010devi\u0107<\/td>\n<td width=\"55\">19<\/td>\n<td width=\"263\">+ Anka \u0160koro<\/td>\n<\/tr>\n<tr>\n<td colspan=\"4\" width=\"624\">Subota, 22. srpnja<\/td>\n<\/tr>\n<tr>\n<td width=\"53\">7<\/td>\n<td width=\"254\">+ Inocent Buzuk<\/td>\n<td width=\"55\">19<\/td>\n<td width=\"263\">+ Stanko i + ob. Abramovi\u0107<\/td>\n<\/tr>\n<\/tbody>\n<\/table>\n<p><strong>Koncert duhovne glazbe <span style=\"color: #ff0000;\">&#8220;Salve Regina&#8221;<\/span><\/strong> odr\u017eat \u0107e se 6. 8. 2023 u 20 sati.<\/p>\n<p><strong>\u010cetvrtak, 20.srpnja: sv. Ilija<\/strong>: Fra Pavao Dragi\u010devi\u0107, biskup, tra\u017eio je od Svete Stolice da se sv. Ilija slavi kao za\u0161titnik Bosansko hercegova\u010dkih Hrvata katolika. Sveta stolica je prihvatila prijedlog i od 1752. godine sv. Ilija je za\u0161titnik Bosne i Hercegovine.<\/p>\n<p><strong>MOLITVA ZA MIR U SVIJETU:<\/strong><\/p>\n<p><strong>Pod obranu se Tvoju utje\u010demo,<\/strong>\u00a0sveta Bogorodice. Ne odbij nam molbe u potrebama na\u0161im, nego nas od svih pogelji uvijek oslobodi, Djevice slavna i blagoslovljena, Gospo\u0111o na\u0161a, Posrednice na\u0161a, Zagovornice na\u0161a! Sa svojim nas Sinom pomiri, svojemu nas Sinu preporu\u010di, svojemu nas Sinu izru\u010di. Amen. <strong><em>1x Zdravo Marijo\u2026 <\/em>Kraljice mira, moli za nas!<\/strong><\/p>\n","protected":false},"excerpt":{"rendered":"<p>Raspored svetih misa:\u00a0 15 KGA (6.- 22. \u00a07. 2023.) Crkva Satnica Nakana Sveti Ante 8 + Ilija Kri\u017ei\u0107 Gospa VHKZ 9:30 Pro populo Gospa VHKZ 19 + Josip Tolo &nbsp; Ponedjeljak, 17. srpnja 7 + fratri, rodbina i dobro\u010dinitelji samostana sv. Ante 19 + Mijo i Lucija Utorak, 18. srpnja 7 + Lucija Batarelo 19 + ob. \u010culjak Srijeda, 19. srpnja 7 + Zlatko Brnas [&hellip;]<\/p>\n","protected":false},"author":2,"featured_media":2385,"comment_status":"closed","ping_status":"closed","sticky":false,"template":"","format":"standard","meta":{"fifu_image_url":"","fifu_image_alt":"","footnotes":""},"categories":[6],"tags":[],"class_list":["post-2574","post","type-post","status-publish","format-standard","has-post-thumbnail","hentry","category-zupne-obavijesti"],"_links":{"self":[{"href":"https:\/\/www.svetianteknin.com\/index.php?rest_route=\/wp\/v2\/posts\/2574","targetHints":{"allow":["GET"]}}],"collection":[{"href":"https:\/\/www.svetianteknin.com\/index.php?rest_route=\/wp\/v2\/posts"}],"about":[{"href":"https:\/\/www.svetianteknin.com\/index.php?rest_route=\/wp\/v2\/types\/post"}],"author":[{"embeddable":true,"href":"https:\/\/www.svetianteknin.com\/index.php?rest_route=\/wp\/v2\/users\/2"}],"replies":[{"embeddable":true,"href":"https:\/\/www.svetianteknin.com\/index.php?rest_route=%2Fwp%2Fv2%2Fcomments&post=2574"}],"version-history":[{"count":2,"href":"https:\/\/www.svetianteknin.com\/index.php?rest_route=\/wp\/v2\/posts\/2574\/revisions"}],"predecessor-version":[{"id":2576,"href":"https:\/\/www.svetianteknin.com\/index.php?rest_route=\/wp\/v2\/posts\/2574\/revisions\/2576"}],"wp:featuredmedia":[{"embeddable":true,"href":"https:\/\/www.svetianteknin.com\/index.php?rest_route=\/wp\/v2\/media\/2385"}],"wp:attachment":[{"href":"https:\/\/www.svetianteknin.com\/index.php?rest_route=%2Fwp%2Fv2%2Fmedia&parent=2574"}],"wp:term":[{"taxonomy":"category","embeddable":true,"href":"https:\/\/www.svetianteknin.com\/index.php?rest_route=%2Fwp%2Fv2%2Fcategories&post=2574"},{"taxonomy":"post_tag","embeddable":true,"href":"https:\/\/www.svetianteknin.com\/index.php?rest_route=%2Fwp%2Fv2%2Ftags&post=2574"}],"curies":[{"name":"wp","href":"https:\/\/api.w.org\/{rel}","templated":true}]}}