{"id":2506,"date":"2023-04-29T20:26:08","date_gmt":"2023-04-29T19:26:08","guid":{"rendered":"https:\/\/www.svetianteknin.com\/?p=2506"},"modified":"2023-04-29T20:26:08","modified_gmt":"2023-04-29T19:26:08","slug":"zupne-obavijesti-4-va-30-4-6-5-2023","status":"publish","type":"post","link":"https:\/\/www.svetianteknin.com\/?p=2506","title":{"rendered":"\u017dupne obavijesti, 4 VA (30. 4. \u2013 6. 5. 2023.)"},"content":{"rendered":"<p><strong>Raspored svetih misa:\u00a0 4 VA (30. 4. \u2013 6. 5. 2023.)<\/strong><\/p>\n<table>\n<tbody>\n<tr>\n<td width=\"151\">Crkva<\/td>\n<td width=\"95\">Satnica<\/td>\n<td width=\"359\">Nakana<\/td>\n<\/tr>\n<tr>\n<td width=\"151\">Sveti Ante<\/td>\n<td width=\"95\">8<\/td>\n<td width=\"359\">+ Mare, Jozo, Mare i + ob. \u0160amija<\/td>\n<\/tr>\n<tr>\n<td width=\"151\">Gospa VHKZ<\/td>\n<td width=\"95\">9:30<\/td>\n<td width=\"359\">Pro populo<\/td>\n<\/tr>\n<tr>\n<td width=\"151\">Gospa VHKZ<\/td>\n<td width=\"95\">11<\/td>\n<td width=\"359\">+ ob. Palavra, Buhi\u0107 i Toti\u0107<\/td>\n<\/tr>\n<tr>\n<td width=\"151\">Gospa VHKZ<\/td>\n<td width=\"95\">18<\/td>\n<td width=\"359\">+ ob. Lu\u010di\u0107<\/td>\n<\/tr>\n<\/tbody>\n<\/table>\n<p>&nbsp;<\/p>\n<table>\n<tbody>\n<tr>\n<td colspan=\"4\" width=\"624\">Ponedjeljak, 1. svibnja: sv. Josip Radnik<\/td>\n<\/tr>\n<tr>\n<td width=\"53\">7<\/td>\n<td width=\"254\">+ Angela Lisav<\/td>\n<td width=\"55\">19<\/td>\n<td width=\"263\">Na odluku<\/td>\n<\/tr>\n<tr>\n<td colspan=\"4\" width=\"624\">Utorak, 2<\/td>\n<\/tr>\n<tr>\n<td width=\"53\">7<\/td>\n<td width=\"254\">+ Veseljko i Terezija<\/td>\n<td width=\"55\">19<\/td>\n<td width=\"263\">+ Jure i Ivka<\/td>\n<\/tr>\n<tr>\n<td colspan=\"4\" width=\"624\">Srijeda, 3. svibnja<\/td>\n<\/tr>\n<tr>\n<td width=\"53\">7<\/td>\n<td width=\"254\">+ ob. Milanovi\u0107 i Zrni\u0107<\/td>\n<td width=\"55\">19<\/td>\n<td width=\"263\">+ Rafo i Fanika<\/td>\n<\/tr>\n<tr>\n<td colspan=\"4\" width=\"624\">\u010cetvrtak, 4. svibnja<\/td>\n<\/tr>\n<tr>\n<td width=\"53\">7<\/td>\n<td width=\"254\">Na odluku<\/td>\n<td width=\"55\">19<\/td>\n<td width=\"263\">+ Bo\u017eica<\/td>\n<\/tr>\n<tr>\n<td colspan=\"4\" width=\"624\">Petak, 5. svibnja<\/td>\n<\/tr>\n<tr>\n<td width=\"53\">7<\/td>\n<td width=\"254\">+ ob. Kalebi\u0107 i Juri\u0161i\u0107<\/td>\n<td width=\"55\">19<\/td>\n<td width=\"263\">+ Ante Antunovi\u0107<\/td>\n<\/tr>\n<tr>\n<td colspan=\"4\" width=\"624\">Subota, 6. svibnja<\/td>\n<\/tr>\n<tr>\n<td width=\"53\">7<\/td>\n<td width=\"254\">+ Vice i + ob. Klepi\u0107<\/td>\n<td width=\"55\">19<\/td>\n<td width=\"263\">zahvalnica<\/td>\n<\/tr>\n<\/tbody>\n<\/table>\n<p><strong>Ponedjeljak, 1. svibnja &#8211; <\/strong>\u00a0obilje\u017eavanje napada Marti\u0107eve milicije na sela Potkonje i Vrpolje. U 9 sati je polaganje vijenaca i molitva na Tvr\u0111avi, a u 9:30 je misa u crkvi sv. Ante. U 10:30 je polaganje cvije\u0107a i molitva u Potkonju, a u 11 sati u Vrpolju.<\/p>\n<p><strong>Krizmanici ne \u0107e imati vjeronauk u utorak<\/strong> jer je umro fra Bo\u017eo Duvnjak, a sprovod \u0107e mu biti u utorak na gradskom groblju u Kninu u 16 sati, a zatim sveta misa u crkvi GVHKZ.<\/p>\n<ol start=\"8\">\n<li><strong> Utorak sv. Ante<\/strong>: poslije ve\u010dernje mise je pobo\u017enost svetom Anti.<\/li>\n<\/ol>\n<p>Prva pri\u010dest je u subotu u 10:30 sati. Prvopri\u010desnici \u0107e mo\u0107u preuzeti haljine u ponedjeljak i utorak poslije ve\u010dernje mise, a u <strong>petak u 19:30<\/strong> sati bit \u0107e ispovijed prvopri\u010desnika i njihovih roditelja.<\/p>\n<p>Te\u010daj za brak je u svibnju, <strong>3. 4. i 5 svibnja u 20 sati u <\/strong>dvorani samostana sv. Ante. Za te\u010daj nije potrebno prijavljivati se. Prva ve\u010der je ujedno i upis.<\/p>\n<p>Tijekom mjeseca svibnja svaki dan prije ve\u010dernje mise molimo svibanjsku pobo\u017enost.<\/p>\n<p>&nbsp;<\/p>\n<p><strong>MOLITVA ZA MIR U SVIJETU:<\/strong><\/p>\n<p><strong>Pod obranu se Tvoju utje\u010demo,<\/strong>\u00a0sveta Bogorodice. Ne odbij nam molbe u potrebama na\u0161im, nego nas od svih pogelji uvijek oslobodi, Djevice slavna i blagoslovljena, Gospo\u0111o na\u0161a, Posrednice na\u0161a, Zagovornice na\u0161a! Sa svojim nas Sinom pomiri, svojemu nas Sinu preporu\u010di, svojemu nas Sinu izru\u010di. Amen. <strong><em>1x Zdravo Marijo\u2026 <\/em>Kraljice mira, moli za nas!<\/strong><\/p>\n","protected":false},"excerpt":{"rendered":"<p>Raspored svetih misa:\u00a0 4 VA (30. 4. \u2013 6. 5. 2023.) Crkva Satnica Nakana Sveti Ante 8 + Mare, Jozo, Mare i + ob. \u0160amija Gospa VHKZ 9:30 Pro populo Gospa VHKZ 11 + ob. Palavra, Buhi\u0107 i Toti\u0107 Gospa VHKZ 18 + ob. Lu\u010di\u0107 &nbsp; Ponedjeljak, 1. svibnja: sv. Josip Radnik 7 + Angela Lisav 19 Na odluku Utorak, 2 7 + Veseljko i [&hellip;]<\/p>\n","protected":false},"author":2,"featured_media":466,"comment_status":"closed","ping_status":"closed","sticky":false,"template":"","format":"standard","meta":{"fifu_image_url":"","fifu_image_alt":"","footnotes":""},"categories":[6],"tags":[],"class_list":["post-2506","post","type-post","status-publish","format-standard","has-post-thumbnail","hentry","category-zupne-obavijesti"],"_links":{"self":[{"href":"https:\/\/www.svetianteknin.com\/index.php?rest_route=\/wp\/v2\/posts\/2506","targetHints":{"allow":["GET"]}}],"collection":[{"href":"https:\/\/www.svetianteknin.com\/index.php?rest_route=\/wp\/v2\/posts"}],"about":[{"href":"https:\/\/www.svetianteknin.com\/index.php?rest_route=\/wp\/v2\/types\/post"}],"author":[{"embeddable":true,"href":"https:\/\/www.svetianteknin.com\/index.php?rest_route=\/wp\/v2\/users\/2"}],"replies":[{"embeddable":true,"href":"https:\/\/www.svetianteknin.com\/index.php?rest_route=%2Fwp%2Fv2%2Fcomments&post=2506"}],"version-history":[{"count":1,"href":"https:\/\/www.svetianteknin.com\/index.php?rest_route=\/wp\/v2\/posts\/2506\/revisions"}],"predecessor-version":[{"id":2507,"href":"https:\/\/www.svetianteknin.com\/index.php?rest_route=\/wp\/v2\/posts\/2506\/revisions\/2507"}],"wp:featuredmedia":[{"embeddable":true,"href":"https:\/\/www.svetianteknin.com\/index.php?rest_route=\/wp\/v2\/media\/466"}],"wp:attachment":[{"href":"https:\/\/www.svetianteknin.com\/index.php?rest_route=%2Fwp%2Fv2%2Fmedia&parent=2506"}],"wp:term":[{"taxonomy":"category","embeddable":true,"href":"https:\/\/www.svetianteknin.com\/index.php?rest_route=%2Fwp%2Fv2%2Fcategories&post=2506"},{"taxonomy":"post_tag","embeddable":true,"href":"https:\/\/www.svetianteknin.com\/index.php?rest_route=%2Fwp%2Fv2%2Ftags&post=2506"}],"curies":[{"name":"wp","href":"https:\/\/api.w.org\/{rel}","templated":true}]}}