{"id":2502,"date":"2023-04-22T21:40:41","date_gmt":"2023-04-22T20:40:41","guid":{"rendered":"https:\/\/www.svetianteknin.com\/?p=2502"},"modified":"2023-04-23T07:24:08","modified_gmt":"2023-04-23T06:24:08","slug":"2502","status":"publish","type":"post","link":"https:\/\/www.svetianteknin.com\/?p=2502","title":{"rendered":"\u017dupne obavijesti, 3 VA (23. \u2013 29. 4. 2023.)"},"content":{"rendered":"<p><strong>Raspored svetih misa:\u00a0 3 VA (23. \u2013 29. 4. 2023.)<\/strong><\/p>\n<table>\n<tbody>\n<tr>\n<td width=\"151\">Crkva<\/td>\n<td width=\"95\">Satnica<\/td>\n<td width=\"359\">Nakana<\/td>\n<\/tr>\n<tr>\n<td width=\"151\">Sveti Ante<\/td>\n<td width=\"95\">8<\/td>\n<td width=\"359\">+ ob. Jozak<\/td>\n<\/tr>\n<tr>\n<td width=\"151\">Gospa VHKZ<\/td>\n<td width=\"95\">9:30<\/td>\n<td width=\"359\">Pro populo<\/td>\n<\/tr>\n<tr>\n<td width=\"151\">Gospa VHKZ<\/td>\n<td width=\"95\">11<\/td>\n<td width=\"359\">+ ob. Mari\u0107 i \u0160tefanac<\/td>\n<\/tr>\n<tr>\n<td width=\"151\">Gospa VHKZ<\/td>\n<td width=\"95\">18<\/td>\n<td width=\"359\">+ ob. \u010ce\u0161ljar, \u0160ari\u0107 i Nik\u0161i\u0107<\/td>\n<\/tr>\n<\/tbody>\n<\/table>\n<p>&nbsp;<\/p>\n<table>\n<tbody>\n<tr>\n<td colspan=\"4\" width=\"624\">Ponedjeljak, 24. travnja<\/td>\n<\/tr>\n<tr>\n<td width=\"53\">7<\/td>\n<td width=\"254\">+ Niko i Terezija<\/td>\n<td width=\"55\">19<\/td>\n<td width=\"263\">+ Stjepan i Ante<\/td>\n<\/tr>\n<tr>\n<td colspan=\"4\" width=\"624\">Utorak, 25. travnja<\/td>\n<\/tr>\n<tr>\n<td width=\"53\">7<\/td>\n<td width=\"254\">+ Simon Lekaj<\/td>\n<td width=\"55\">19<\/td>\n<td width=\"263\">+ \u00a0Vlado, Mara, Frano i An\u0111a<\/td>\n<\/tr>\n<tr>\n<td colspan=\"4\" width=\"624\">Srijeda, 26. travnja<\/td>\n<\/tr>\n<tr>\n<td width=\"53\">7<\/td>\n<td width=\"254\">+ Mato Erenda<\/td>\n<td width=\"55\">19<\/td>\n<td width=\"263\">+ Slavko, Mara i Jozo Crnov<\/td>\n<\/tr>\n<tr>\n<td colspan=\"4\" width=\"624\">\u010cetvrtak, 27. travnja<\/td>\n<\/tr>\n<tr>\n<td width=\"53\">7<\/td>\n<td width=\"254\">+ Mirko<\/td>\n<td width=\"55\">19<\/td>\n<td width=\"263\">+ Ivo i Ana<\/td>\n<\/tr>\n<tr>\n<td colspan=\"4\" width=\"624\">Petak, 28. travnja<\/td>\n<\/tr>\n<tr>\n<td width=\"53\">7<\/td>\n<td width=\"254\">+ Davorin Grabovac<\/td>\n<td width=\"55\">19<\/td>\n<td width=\"263\">+ Mate i Marija<\/td>\n<\/tr>\n<tr>\n<td colspan=\"4\" width=\"624\">Subota, 29. travnja<\/td>\n<\/tr>\n<tr>\n<td width=\"53\">7<\/td>\n<td width=\"254\">+ Marija, Jozo, Kre\u0161o, Suzana i Mijo<\/td>\n<td width=\"55\">19<\/td>\n<td width=\"263\">+ Petar Bre\u010di\u0107<\/td>\n<\/tr>\n<\/tbody>\n<\/table>\n<p>Vjeronauk za krizmanike: <strong>utorak<\/strong> u 10 i\u00a0 16 sati, a prvopri\u010desnici u <strong>petak<\/strong> u 10 i 16 sati.<\/p>\n<p><strong>Neokatekumenska zajednica<\/strong> na\u0161e \u017eupe organizira kateheze ponedjeljkom i \u010detvrtkom u 20 sati u dvorani crkve GVHKZ. Svi ste dobro do\u0161li. Na ulazu je plakat i prigodni tiskani letak kojega mo\u017eete ponijeti sa sobom.<\/p>\n<ol start=\"7\">\n<li><strong> Utorak sv. Ante<\/strong>: poslije ve\u010dernje mise je pobo\u017enost svetom Anti.<\/li>\n<\/ol>\n<p><strong>Subota:<\/strong> probe za prvopri\u010desnike. Molimo da sva djeca do\u0111u, jer 6. svibnja je prva pri\u010dest.<\/p>\n<p>Probe pjevanja za dje\u010dji zbor u 11 sati.<\/p>\n<p>Ministranti ne \u0107e imati susret.<\/p>\n<p>Te\u010daj za brak je <strong><span style=\"color: #0000ff;\">3. 4. i 5 svibnja u 20 sati<\/span> u <\/strong>dvorani samostana sv. Ante. Za te\u010daj nije potrebno prijavljivati se. Prva ve\u010der je ujedno i upis.<\/p>\n<p>&nbsp;<\/p>\n<p><strong>MOLITVA ZA MIR U SVIJETU:<\/strong><\/p>\n<p><strong>Pod obranu se Tvoju utje\u010demo,<\/strong>\u00a0sveta Bogorodice. Ne odbij nam molbe u potrebama na\u0161im, nego nas od svih pogelji uvijek oslobodi, Djevice slavna i blagoslovljena, Gospo\u0111o na\u0161a, Posrednice na\u0161a, Zagovornice na\u0161a! Sa svojim nas Sinom pomiri, svojemu nas Sinu preporu\u010di, svojemu nas Sinu izru\u010di. Amen. <strong><em>1x Zdravo Marijo\u2026 <\/em>Kraljice mira, moli za nas!<\/strong><\/p>\n","protected":false},"excerpt":{"rendered":"<p>Raspored svetih misa:\u00a0 3 VA (23. \u2013 29. 4. 2023.) Crkva Satnica Nakana Sveti Ante 8 + ob. Jozak Gospa VHKZ 9:30 Pro populo Gospa VHKZ 11 + ob. Mari\u0107 i \u0160tefanac Gospa VHKZ 18 + ob. \u010ce\u0161ljar, \u0160ari\u0107 i Nik\u0161i\u0107 &nbsp; Ponedjeljak, 24. travnja 7 + Niko i Terezija 19 + Stjepan i Ante Utorak, 25. travnja 7 + Simon Lekaj 19 + \u00a0Vlado, [&hellip;]<\/p>\n","protected":false},"author":2,"featured_media":1422,"comment_status":"closed","ping_status":"closed","sticky":false,"template":"","format":"standard","meta":{"fifu_image_url":"","fifu_image_alt":"","footnotes":""},"categories":[6],"tags":[],"class_list":["post-2502","post","type-post","status-publish","format-standard","has-post-thumbnail","hentry","category-zupne-obavijesti"],"_links":{"self":[{"href":"https:\/\/www.svetianteknin.com\/index.php?rest_route=\/wp\/v2\/posts\/2502","targetHints":{"allow":["GET"]}}],"collection":[{"href":"https:\/\/www.svetianteknin.com\/index.php?rest_route=\/wp\/v2\/posts"}],"about":[{"href":"https:\/\/www.svetianteknin.com\/index.php?rest_route=\/wp\/v2\/types\/post"}],"author":[{"embeddable":true,"href":"https:\/\/www.svetianteknin.com\/index.php?rest_route=\/wp\/v2\/users\/2"}],"replies":[{"embeddable":true,"href":"https:\/\/www.svetianteknin.com\/index.php?rest_route=%2Fwp%2Fv2%2Fcomments&post=2502"}],"version-history":[{"count":3,"href":"https:\/\/www.svetianteknin.com\/index.php?rest_route=\/wp\/v2\/posts\/2502\/revisions"}],"predecessor-version":[{"id":2505,"href":"https:\/\/www.svetianteknin.com\/index.php?rest_route=\/wp\/v2\/posts\/2502\/revisions\/2505"}],"wp:featuredmedia":[{"embeddable":true,"href":"https:\/\/www.svetianteknin.com\/index.php?rest_route=\/wp\/v2\/media\/1422"}],"wp:attachment":[{"href":"https:\/\/www.svetianteknin.com\/index.php?rest_route=%2Fwp%2Fv2%2Fmedia&parent=2502"}],"wp:term":[{"taxonomy":"category","embeddable":true,"href":"https:\/\/www.svetianteknin.com\/index.php?rest_route=%2Fwp%2Fv2%2Fcategories&post=2502"},{"taxonomy":"post_tag","embeddable":true,"href":"https:\/\/www.svetianteknin.com\/index.php?rest_route=%2Fwp%2Fv2%2Ftags&post=2502"}],"curies":[{"name":"wp","href":"https:\/\/api.w.org\/{rel}","templated":true}]}}