{"id":2493,"date":"2023-04-15T20:32:20","date_gmt":"2023-04-15T19:32:20","guid":{"rendered":"https:\/\/www.svetianteknin.com\/?p=2493"},"modified":"2023-04-15T20:32:20","modified_gmt":"2023-04-15T19:32:20","slug":"zupne-obavijesti-2-va-16-22-4-2023-nedjelja-bozanskog-milosrda","status":"publish","type":"post","link":"https:\/\/www.svetianteknin.com\/?p=2493","title":{"rendered":"\u017dupne obavijesti, 2 VA (16. \u2013 22. 4. 2023.) \u2013 Nedjelja Bo\u017eanskog milosr\u0111a"},"content":{"rendered":"<p><strong>Raspored svetih misa:\u00a0 2 VA (16. \u2013 22. 4. 2023.) \u2013 <span style=\"color: #0000ff;\">Nedjelja Bo\u017eanskog milosr\u0111a<\/span><\/strong><\/p>\n<table>\n<tbody>\n<tr>\n<td width=\"151\">Crkva<\/td>\n<td width=\"95\">Satnica<\/td>\n<td width=\"359\">Nakana<\/td>\n<\/tr>\n<tr>\n<td width=\"151\">Sveti Ante<\/td>\n<td width=\"95\">8<\/td>\n<td width=\"359\">+ ob. Bo\u0161njak i Luji\u0107<\/td>\n<\/tr>\n<tr>\n<td width=\"151\">Gospa VHKZ<\/td>\n<td width=\"95\">9:30<\/td>\n<td width=\"359\">Pro populo<\/td>\n<\/tr>\n<tr>\n<td width=\"151\">Gospa VHKZ<\/td>\n<td width=\"95\">11<\/td>\n<td width=\"359\">+ Ivan i An\u0111a Svalina<\/td>\n<\/tr>\n<tr>\n<td width=\"151\">Gospa VHKZ<\/td>\n<td width=\"95\">18<\/td>\n<td width=\"359\">+ Zorka i + ob. \u017dulj<\/td>\n<\/tr>\n<\/tbody>\n<\/table>\n<p>&nbsp;<\/p>\n<table>\n<tbody>\n<tr>\n<td colspan=\"4\" width=\"624\">Ponedjeljak, 17. travnja<\/td>\n<\/tr>\n<tr>\n<td width=\"53\">7<\/td>\n<td width=\"254\">+ Ivan Azinovi\u0107<\/td>\n<td width=\"55\">19<\/td>\n<td width=\"263\">+ \u00a0An\u0111a \u0160trbac<\/td>\n<\/tr>\n<tr>\n<td colspan=\"4\" width=\"624\">Utorak, 18. travnja<\/td>\n<\/tr>\n<tr>\n<td width=\"53\">7<\/td>\n<td width=\"254\">+ Vlado, Franjo, Marija i Angela<\/td>\n<td width=\"55\">19<\/td>\n<td width=\"263\">+ Ante i Joza Ba\u0161i\u0107<\/td>\n<\/tr>\n<tr>\n<td colspan=\"4\" width=\"624\">Srijeda, 19. travnja<\/td>\n<\/tr>\n<tr>\n<td width=\"53\">7<\/td>\n<td width=\"254\">+ Zlatko Brnas<\/td>\n<td width=\"55\">19<\/td>\n<td width=\"263\">+ ob. Arapovi\u0107<\/td>\n<\/tr>\n<tr>\n<td colspan=\"4\" width=\"624\">\u010cetvrtak, 20. travnja<\/td>\n<\/tr>\n<tr>\n<td width=\"53\">7<\/td>\n<td width=\"254\">+ Tadija i + ob. Ko\u017eul i Pulji\u0107<\/td>\n<td width=\"55\">19<\/td>\n<td width=\"263\">+ Mijo \u0160imi\u0107<\/td>\n<\/tr>\n<tr>\n<td colspan=\"4\" width=\"624\">Petak, 21. travnja<\/td>\n<\/tr>\n<tr>\n<td width=\"53\">7<\/td>\n<td width=\"254\">+ Vinko \u0106osi\u0107<\/td>\n<td width=\"55\">19<\/td>\n<td width=\"263\">+ Jela Lipovac<\/td>\n<\/tr>\n<tr>\n<td colspan=\"4\" width=\"624\">Subota, 22. travnja<\/td>\n<\/tr>\n<tr>\n<td width=\"53\">7<\/td>\n<td width=\"254\">+ Luca, Pero i Stipo<\/td>\n<td width=\"55\">19<\/td>\n<td width=\"263\">+ An\u0111a i Vinko Duji\u0107<\/td>\n<\/tr>\n<\/tbody>\n<\/table>\n<p>Jutarnje mise preko tjedna u crkvi sv. Ante su u 7 sati<\/p>\n<p>Vjeronauk za krizmanike: <strong>utorak<\/strong> u 10 i\u00a0 16 sati, a prvopri\u010desnici u <strong>petak<\/strong> u 10 i 16 sati.<\/p>\n<p>Utorak, poslije ve\u010dernje mise u 19 sati je roditeljski sastanak djece prvopri\u010desnika i krizmanika.<\/p>\n<p>Ministrantski susret je u subotu u 10 sati.<\/p>\n<p>Hodo\u010da\u0161\u0107e u Nin, Kra\u0161i\u0107, Marija Bistrica, Karlovac je u petak. Polazak je ispred crkve GVHKZ u 6 sati. Molimo da do\u0111ete na vrijeme.<\/p>\n<p>&nbsp;<\/p>\n<p>&nbsp;<\/p>\n<p><strong>MOLITVA ZA MIR U SVIJETU:<\/strong><\/p>\n<p><strong>Pod obranu se Tvoju utje\u010demo,<\/strong>\u00a0sveta Bogorodice. Ne odbij nam molbe u potrebama na\u0161im, nego nas od svih pogelji uvijek oslobodi, Djevice slavna i blagoslovljena, Gospo\u0111o na\u0161a, Posrednice na\u0161a, Zagovornice na\u0161a! Sa svojim nas Sinom pomiri, svojemu nas Sinu preporu\u010di, svojemu nas Sinu izru\u010di. Amen. <strong><em>1x Zdravo Marijo\u2026 <\/em>Kraljice mira, moli za nas!<\/strong><\/p>\n<p>&nbsp;<\/p>\n","protected":false},"excerpt":{"rendered":"<p>Raspored svetih misa:\u00a0 2 VA (16. \u2013 22. 4. 2023.) \u2013 Nedjelja Bo\u017eanskog milosr\u0111a Crkva Satnica Nakana Sveti Ante 8 + ob. Bo\u0161njak i Luji\u0107 Gospa VHKZ 9:30 Pro populo Gospa VHKZ 11 + Ivan i An\u0111a Svalina Gospa VHKZ 18 + Zorka i + ob. \u017dulj &nbsp; Ponedjeljak, 17. travnja 7 + Ivan Azinovi\u0107 19 + \u00a0An\u0111a \u0160trbac Utorak, 18. travnja 7 + Vlado, [&hellip;]<\/p>\n","protected":false},"author":2,"featured_media":2494,"comment_status":"closed","ping_status":"closed","sticky":false,"template":"","format":"standard","meta":{"fifu_image_url":"","fifu_image_alt":"","footnotes":""},"categories":[6],"tags":[],"class_list":["post-2493","post","type-post","status-publish","format-standard","has-post-thumbnail","hentry","category-zupne-obavijesti"],"_links":{"self":[{"href":"https:\/\/www.svetianteknin.com\/index.php?rest_route=\/wp\/v2\/posts\/2493","targetHints":{"allow":["GET"]}}],"collection":[{"href":"https:\/\/www.svetianteknin.com\/index.php?rest_route=\/wp\/v2\/posts"}],"about":[{"href":"https:\/\/www.svetianteknin.com\/index.php?rest_route=\/wp\/v2\/types\/post"}],"author":[{"embeddable":true,"href":"https:\/\/www.svetianteknin.com\/index.php?rest_route=\/wp\/v2\/users\/2"}],"replies":[{"embeddable":true,"href":"https:\/\/www.svetianteknin.com\/index.php?rest_route=%2Fwp%2Fv2%2Fcomments&post=2493"}],"version-history":[{"count":1,"href":"https:\/\/www.svetianteknin.com\/index.php?rest_route=\/wp\/v2\/posts\/2493\/revisions"}],"predecessor-version":[{"id":2495,"href":"https:\/\/www.svetianteknin.com\/index.php?rest_route=\/wp\/v2\/posts\/2493\/revisions\/2495"}],"wp:featuredmedia":[{"embeddable":true,"href":"https:\/\/www.svetianteknin.com\/index.php?rest_route=\/wp\/v2\/media\/2494"}],"wp:attachment":[{"href":"https:\/\/www.svetianteknin.com\/index.php?rest_route=%2Fwp%2Fv2%2Fmedia&parent=2493"}],"wp:term":[{"taxonomy":"category","embeddable":true,"href":"https:\/\/www.svetianteknin.com\/index.php?rest_route=%2Fwp%2Fv2%2Fcategories&post=2493"},{"taxonomy":"post_tag","embeddable":true,"href":"https:\/\/www.svetianteknin.com\/index.php?rest_route=%2Fwp%2Fv2%2Ftags&post=2493"}],"curies":[{"name":"wp","href":"https:\/\/api.w.org\/{rel}","templated":true}]}}