{"id":2476,"date":"2023-03-18T21:47:50","date_gmt":"2023-03-18T20:47:50","guid":{"rendered":"https:\/\/www.svetianteknin.com\/?p=2476"},"modified":"2023-03-19T07:52:21","modified_gmt":"2023-03-19T06:52:21","slug":"zupne-obavijesti-4-ka-19-25-3-2023","status":"publish","type":"post","link":"https:\/\/www.svetianteknin.com\/?p=2476","title":{"rendered":"\u017dupne obavijesti, 4 KA (19. \u2013 25. 3. 2023.)"},"content":{"rendered":"<p><strong>Raspored svetih misa:\u00a0 4 KA (19. \u2013 25. 3. 2023.)<\/strong><\/p>\n<table>\n<tbody>\n<tr>\n<td width=\"151\">Crkva<\/td>\n<td width=\"95\">Satnica<\/td>\n<td width=\"359\">Nakana<\/td>\n<\/tr>\n<tr>\n<td width=\"151\">Sveti Ante<\/td>\n<td width=\"95\">8<\/td>\n<td width=\"359\">+ Marijan, Kata, Vjekoslav i Frano<\/td>\n<\/tr>\n<tr>\n<td width=\"151\">Gospa VHKZ<\/td>\n<td width=\"95\">9:30<\/td>\n<td width=\"359\">Pro populo<\/td>\n<\/tr>\n<tr>\n<td width=\"151\">Gospa VHKZ<\/td>\n<td width=\"95\">11<\/td>\n<td width=\"359\">+ Vlatko<\/td>\n<\/tr>\n<tr>\n<td width=\"151\">Gospa VHKZ<\/td>\n<td width=\"95\">18<\/td>\n<td width=\"359\">+ ob. Varnica<\/td>\n<\/tr>\n<\/tbody>\n<\/table>\n<p>&nbsp;<\/p>\n<table>\n<tbody>\n<tr>\n<td colspan=\"4\" width=\"624\">Ponedjeljak, 20. o\u017eujka<\/td>\n<\/tr>\n<tr>\n<td width=\"53\">7<\/td>\n<td width=\"254\">+ ob. Valjan<\/td>\n<td width=\"55\">18<\/td>\n<td width=\"263\">+ Marko i Ana Domi\u0107<\/td>\n<\/tr>\n<tr>\n<td width=\"53\">9:30<\/td>\n<td width=\"254\">Na \u010dast sv. Josipa<\/td>\n<td width=\"55\"><\/td>\n<td width=\"263\"><\/td>\n<\/tr>\n<tr>\n<td colspan=\"4\" width=\"624\">Utorak, 21. o\u017eujka<\/td>\n<\/tr>\n<tr>\n<td width=\"53\">7<\/td>\n<td width=\"254\">+ ob. Preden<\/td>\n<td width=\"55\">18<\/td>\n<td width=\"263\">Za zdravlje ob. Jerkovi\u0107<\/td>\n<\/tr>\n<tr>\n<td colspan=\"4\" width=\"624\">Srijeda, 22. o\u017eujka<\/td>\n<\/tr>\n<tr>\n<td width=\"53\">7<\/td>\n<td width=\"254\">+ Josip Guci\u0107<\/td>\n<td width=\"55\">18<\/td>\n<td width=\"263\">+ Branko Antolovi\u0107<\/td>\n<\/tr>\n<tr>\n<td colspan=\"4\" width=\"624\">\u010cetvrtak, 23. o\u017eujka<\/td>\n<\/tr>\n<tr>\n<td width=\"53\">7<\/td>\n<td width=\"254\">+ Marija<\/td>\n<td width=\"55\">18<\/td>\n<td width=\"263\">+ Ika i Eugen<\/td>\n<\/tr>\n<tr>\n<td colspan=\"4\" width=\"624\">Petak, 24. o\u017eujka<\/td>\n<\/tr>\n<tr>\n<td width=\"53\">7<\/td>\n<td width=\"254\">+ Luca i + ob. Marijanovi\u0107<\/td>\n<td width=\"55\">18<\/td>\n<td width=\"263\">+ Zorka i \u017deljko Kuraja<\/td>\n<\/tr>\n<tr>\n<td colspan=\"4\" width=\"624\">Subota, 25. o\u017eujka: BLAGOVIJEST<\/td>\n<\/tr>\n<tr>\n<td width=\"53\">7<\/td>\n<td width=\"254\">+ Robert<\/td>\n<td width=\"55\">18<\/td>\n<td width=\"263\">+ Jozo i Josip<\/td>\n<\/tr>\n<tr>\n<td width=\"53\">9:30<\/td>\n<td width=\"254\">Na \u010dast Isusova za\u010de\u0107a<\/td>\n<td width=\"55\"><\/td>\n<td width=\"263\"><\/td>\n<\/tr>\n<\/tbody>\n<\/table>\n<p>Vjeronauk za krizmanike je u utorak u 10 i u 16 sati<\/p>\n<p>Vjeronauk za prvopri\u010desnike je u Petak u 10 i u 16 sati<\/p>\n<p><strong>Ponedjeljak:<\/strong> sv. Josip, za\u0161titnik Hrvatske i hrvatskog naroda. Misa u zavjetnoj crkvi sv Josipa je u 9:30 sati.<\/p>\n<p><strong>2. Utorak:<\/strong> pobo\u017enost sv. Anti poslije ve\u010dernje mise.<\/p>\n<p><strong>Srijedom<\/strong> prije mise molimo franjeva\u010dku krunicu, koju predmole \u010dlanovi OFS-a<\/p>\n<p>U tijeku je molitvena inicijativa \u201e40 dana za \u017eivot\u201c \u2013 da se svako za\u010deto dijete rodi. Ispred kninske bolnice molimo svaki dan 9 do 16 sati.<\/p>\n<p><strong>Petak:<\/strong> pobo\u017enost kri\u017enoga puta molimo u 17:30 sati, a zatim slijedi sveta misa. Misu predvodi i propovijeda fra Ivica Juri\u0107, profesor na KBF \u2013 Split.<\/p>\n<p><strong>Subota:<\/strong> Blagovijest. Svete mise: sv. Ante u 7, GVHKZ u 9:30 i 18 sati<\/p>\n<p>Susret ministranata, subota poslije mise u 9:30 sati<\/p>\n<p>U subotu je \u201eZlatna harfa\u201c, smotra dje\u010djih zborova. Dje\u010dji zbor na\u0161e \u017eupe (35 djece), nastupit \u0107e na ovoj smotri, a vodit \u0107e ih fra Mario Lemo. Djeci \u017eelimo lijep nastup i da ih prati zagovor Na\u0161e Gospe i Sv. Ante.<\/p>\n<p><strong>Biskupijsko dvodnevno hodo\u010da\u0161\u0107e u Nin-Kra\u0161i\u0107-Mariju Bistricu i Karlovac: 21 \u2013 22. travnja. Upisi su zavr\u0161ili, a oni koji su se upisali, trebali bi platiti tro\u0161ak putovanja, kako bi biskupija mogla organizirati put i preno\u0107i\u0161te.<\/strong><\/p>\n<p><strong>MOLITVA ZA MIR U SVIJETU:<\/strong><\/p>\n<p><strong>Pod obranu se Tvoju utje\u010demo,<\/strong>\u00a0sveta Bogorodice. Ne odbij nam molbe u potrebama na\u0161im, nego nas od svih pogelji uvijek oslobodi, Djevice slavna i blagoslovljena, Gospo\u0111o na\u0161a, Posrednice na\u0161a, Zagovornice na\u0161a! Sa svojim nas Sinom pomiri, svojemu nas Sinu preporu\u010di, svojemu nas Sinu izru\u010di. Amen. <strong><em>1x Zdravo Marijo\u2026 <\/em>Kraljice mira, moli za nas!<\/strong><\/p>\n","protected":false},"excerpt":{"rendered":"<p>Raspored svetih misa:\u00a0 4 KA (19. \u2013 25. 3. 2023.) Crkva Satnica Nakana Sveti Ante 8 + Marijan, Kata, Vjekoslav i Frano Gospa VHKZ 9:30 Pro populo Gospa VHKZ 11 + Vlatko Gospa VHKZ 18 + ob. Varnica &nbsp; Ponedjeljak, 20. o\u017eujka 7 + ob. Valjan 18 + Marko i Ana Domi\u0107 9:30 Na \u010dast sv. Josipa Utorak, 21. o\u017eujka 7 + ob. Preden 18 [&hellip;]<\/p>\n","protected":false},"author":2,"featured_media":1870,"comment_status":"closed","ping_status":"closed","sticky":false,"template":"","format":"standard","meta":{"fifu_image_url":"","fifu_image_alt":"","footnotes":""},"categories":[6],"tags":[],"class_list":["post-2476","post","type-post","status-publish","format-standard","has-post-thumbnail","hentry","category-zupne-obavijesti"],"_links":{"self":[{"href":"https:\/\/www.svetianteknin.com\/index.php?rest_route=\/wp\/v2\/posts\/2476","targetHints":{"allow":["GET"]}}],"collection":[{"href":"https:\/\/www.svetianteknin.com\/index.php?rest_route=\/wp\/v2\/posts"}],"about":[{"href":"https:\/\/www.svetianteknin.com\/index.php?rest_route=\/wp\/v2\/types\/post"}],"author":[{"embeddable":true,"href":"https:\/\/www.svetianteknin.com\/index.php?rest_route=\/wp\/v2\/users\/2"}],"replies":[{"embeddable":true,"href":"https:\/\/www.svetianteknin.com\/index.php?rest_route=%2Fwp%2Fv2%2Fcomments&post=2476"}],"version-history":[{"count":3,"href":"https:\/\/www.svetianteknin.com\/index.php?rest_route=\/wp\/v2\/posts\/2476\/revisions"}],"predecessor-version":[{"id":2479,"href":"https:\/\/www.svetianteknin.com\/index.php?rest_route=\/wp\/v2\/posts\/2476\/revisions\/2479"}],"wp:featuredmedia":[{"embeddable":true,"href":"https:\/\/www.svetianteknin.com\/index.php?rest_route=\/wp\/v2\/media\/1870"}],"wp:attachment":[{"href":"https:\/\/www.svetianteknin.com\/index.php?rest_route=%2Fwp%2Fv2%2Fmedia&parent=2476"}],"wp:term":[{"taxonomy":"category","embeddable":true,"href":"https:\/\/www.svetianteknin.com\/index.php?rest_route=%2Fwp%2Fv2%2Fcategories&post=2476"},{"taxonomy":"post_tag","embeddable":true,"href":"https:\/\/www.svetianteknin.com\/index.php?rest_route=%2Fwp%2Fv2%2Ftags&post=2476"}],"curies":[{"name":"wp","href":"https:\/\/api.w.org\/{rel}","templated":true}]}}