{"id":2472,"date":"2023-03-11T20:43:25","date_gmt":"2023-03-11T19:43:25","guid":{"rendered":"https:\/\/www.svetianteknin.com\/?p=2472"},"modified":"2023-03-12T17:06:21","modified_gmt":"2023-03-12T16:06:21","slug":"zupne-obavijesti-3-ka-12-18-3-2023","status":"publish","type":"post","link":"https:\/\/www.svetianteknin.com\/?p=2472","title":{"rendered":"\u017dupne obavijesti, 3 KA (12. \u2013 18. 3. 2023.)"},"content":{"rendered":"<p><strong>Raspored svetih misa: 3 KA (12. \u2013 18. 3. 2023.)<\/strong><\/p>\n<table>\n<tbody>\n<tr>\n<td width=\"151\">Crkva<\/td>\n<td width=\"95\">Satnica<\/td>\n<td width=\"359\">Nakana<\/td>\n<\/tr>\n<tr>\n<td width=\"151\">Sveti Ante<\/td>\n<td width=\"95\">8<\/td>\n<td width=\"359\">+ ob. Slavi\u0107 i Bla\u017eevi\u0107<\/td>\n<\/tr>\n<tr>\n<td width=\"151\">Gospa VHKZ<\/td>\n<td width=\"95\">9:30<\/td>\n<td width=\"359\">Pro populo<\/td>\n<\/tr>\n<tr>\n<td width=\"151\">Gospa VHKZ<\/td>\n<td width=\"95\">11<\/td>\n<td width=\"359\">+ Josip Djak<\/td>\n<\/tr>\n<tr>\n<td width=\"151\">Gospa VHKZ<\/td>\n<td width=\"95\">18<\/td>\n<td width=\"359\">+ Marko Martinovi\u0107<\/td>\n<\/tr>\n<\/tbody>\n<\/table>\n<p>&nbsp;<\/p>\n<table>\n<tbody>\n<tr>\n<td colspan=\"4\" width=\"624\">Ponedjeljak, 13. o\u017eujka<\/td>\n<\/tr>\n<tr>\n<td width=\"53\">7<\/td>\n<td width=\"254\">+ \u010d.s. Teofila<\/td>\n<td width=\"55\">18<\/td>\n<td width=\"263\">+ Manda i Ivica<\/td>\n<\/tr>\n<tr>\n<td colspan=\"4\" width=\"624\">Utorak, 14. o\u017eujka<\/td>\n<\/tr>\n<tr>\n<td width=\"53\">7<\/td>\n<td width=\"254\">+ Zorka, Ivka i Kata<\/td>\n<td width=\"55\">18<\/td>\n<td width=\"263\">+ ob. Jeli\u0107<\/td>\n<\/tr>\n<tr>\n<td colspan=\"4\" width=\"624\">Srijeda, 15. o\u017eujka<\/td>\n<\/tr>\n<tr>\n<td width=\"53\">7<\/td>\n<td width=\"254\">+ Josip i Milica<\/td>\n<td width=\"55\">18<\/td>\n<td width=\"263\">+ ob. Nikoli\u0107<\/td>\n<\/tr>\n<tr>\n<td colspan=\"4\" width=\"624\">\u010cetvrtak, 16. o\u017eujka<\/td>\n<\/tr>\n<tr>\n<td width=\"53\">7<\/td>\n<td width=\"254\">+ ob. Budimir i \u010covi\u0107<\/td>\n<td width=\"55\">18<\/td>\n<td width=\"263\">+ ob. Bla\u017eevi\u0107<\/td>\n<\/tr>\n<tr>\n<td colspan=\"4\" width=\"624\">Petak, 17. o\u017eujka<\/td>\n<\/tr>\n<tr>\n<td width=\"53\">7<\/td>\n<td width=\"254\">+ Marica i + ob. Lozi\u0107<\/td>\n<td width=\"55\">18<\/td>\n<td width=\"263\">+ Zorislav, Bo\u017eena, Branka i + ob. Leki\u0107<\/td>\n<\/tr>\n<tr>\n<td colspan=\"4\" width=\"624\">Subota, 18. o\u017eujka<\/td>\n<\/tr>\n<tr>\n<td width=\"53\">7<\/td>\n<td width=\"254\">+ Jozo i Luca Rado\u0161<\/td>\n<td width=\"55\">18<\/td>\n<td width=\"263\">Na \u010dast sv. Josipa<\/td>\n<\/tr>\n<\/tbody>\n<\/table>\n<p>Vjeronauk za krizmanike je u utorak u 10 i u 16 sati<\/p>\n<p>Vjeronauk za prvopri\u010desnike je u Petak u 10 i u 16 sati<\/p>\n<ol>\n<li><strong>Utorak sv. Ante:<\/strong> poslije ve\u010dernje mise, molitva pred kipom Sv. Ante za zagovori na\u0161ih molitava<\/li>\n<\/ol>\n<p>Srijedom prije mise molimo franjeva\u010dku krunicu, koju predmole \u010dlanovi OFS-a<\/p>\n<p>U tijeku je molitvena inicijativa \u201e40 dana za \u017eivot\u201c \u2013 da se svako za\u010deto dijete rodi. Ispred kninske bolnice molimo svaki dan 9 do 16 sati.<\/p>\n<p>Petak: pobo\u017enost kri\u017enoga puta molimo u 17:30 sati, a zatim slijedi sveta misa. Misu predvodi i propovijeda fra Ivica Juri\u0107, profesor na KBF \u2013 Split.<\/p>\n<p>Susret ministranata, subota u 10 sati<\/p>\n<p><strong>Probe dje\u010djeg zbora<\/strong> su u subotu u 11 sati. <strong><u>Napomena<\/u><\/strong>: sastanak za roditelje djece koja pjevaju u dje\u010djem zboru je u utorak, poslije ve\u010dernje mise u crkvi GVHKZ. Na sastanku \u0107e biti dogovor oko odlaska djece u \u0160ibenik na susret u prigodi \u201eZlatne harfe\u201c, 25. o\u017eujka.<\/p>\n<p><strong>U tjednu smo solidarnosti i zajedni\u0161tva<\/strong> s Hrvatima u BiH. Tom prigodom \u0107e u na\u0161u \u017eupu do\u0107i ravnatelj Katoli\u010dkog \u0161kolskog centra \u201ePetar Barbari\u0107\u201c u Travniku, don \u017deljko Mari\u0107 i predvodit \u0107e ve\u010dernju misu u 18 sati.<\/p>\n<p><strong>Biskupijsko dvodnevno hodo\u010da\u0161\u0107e u Nin-Kra\u0161i\u0107-Mariju Bistricu i Karlovac: 21 \u2013 22. travnja. Cijena hodo\u010da\u0161\u0107a je 80 \u20ac. Zainteresirani se mogu prijaviti do utorka nave\u010der. Raspored hodo\u010da\u0161\u0107a je objavljen na mre\u017enim stranicama na\u0161e \u017eupe.<\/strong><\/p>\n<p>U slijede\u0107u nedjelju je <strong>sv. Josip<\/strong>, za\u0161titnik hrv. naroda. Zbog korizmene nedjelje prenosi se na ponedjeljak. Misa u zavjetnoj crkvi sv. Josipa bit \u0107e u ponedjeljak u 9:30 sati.<\/p>\n<p><strong>MOLITVA ZA MIR U SVIJETU:<\/strong><\/p>\n<p><strong>Pod obranu se Tvoju utje\u010demo,<\/strong>\u00a0sveta Bogorodice. Ne odbij nam molbe u potrebama na\u0161im, nego nas od svih pogelji uvijek oslobodi, Djevice slavna i blagoslovljena, Gospo\u0111o na\u0161a, Posrednice na\u0161a, Zagovornice na\u0161a! Sa svojim nas Sinom pomiri, svojemu nas Sinu preporu\u010di, svojemu nas Sinu izru\u010di. Amen. <strong><em>1x Zdravo Marijo\u2026 <\/em>Kraljice mira, moli za nas!<\/strong><\/p>\n","protected":false},"excerpt":{"rendered":"<p>Raspored svetih misa: 3 KA (12. \u2013 18. 3. 2023.) Crkva Satnica Nakana Sveti Ante 8 + ob. Slavi\u0107 i Bla\u017eevi\u0107 Gospa VHKZ 9:30 Pro populo Gospa VHKZ 11 + Josip Djak Gospa VHKZ 18 + Marko Martinovi\u0107 &nbsp; Ponedjeljak, 13. o\u017eujka 7 + \u010d.s. Teofila 18 + Manda i Ivica Utorak, 14. o\u017eujka 7 + Zorka, Ivka i Kata 18 + ob. Jeli\u0107 Srijeda, [&hellip;]<\/p>\n","protected":false},"author":2,"featured_media":1873,"comment_status":"closed","ping_status":"closed","sticky":false,"template":"","format":"standard","meta":{"fifu_image_url":"","fifu_image_alt":"","footnotes":""},"categories":[6],"tags":[],"class_list":["post-2472","post","type-post","status-publish","format-standard","has-post-thumbnail","hentry","category-zupne-obavijesti"],"_links":{"self":[{"href":"https:\/\/www.svetianteknin.com\/index.php?rest_route=\/wp\/v2\/posts\/2472","targetHints":{"allow":["GET"]}}],"collection":[{"href":"https:\/\/www.svetianteknin.com\/index.php?rest_route=\/wp\/v2\/posts"}],"about":[{"href":"https:\/\/www.svetianteknin.com\/index.php?rest_route=\/wp\/v2\/types\/post"}],"author":[{"embeddable":true,"href":"https:\/\/www.svetianteknin.com\/index.php?rest_route=\/wp\/v2\/users\/2"}],"replies":[{"embeddable":true,"href":"https:\/\/www.svetianteknin.com\/index.php?rest_route=%2Fwp%2Fv2%2Fcomments&post=2472"}],"version-history":[{"count":2,"href":"https:\/\/www.svetianteknin.com\/index.php?rest_route=\/wp\/v2\/posts\/2472\/revisions"}],"predecessor-version":[{"id":2475,"href":"https:\/\/www.svetianteknin.com\/index.php?rest_route=\/wp\/v2\/posts\/2472\/revisions\/2475"}],"wp:featuredmedia":[{"embeddable":true,"href":"https:\/\/www.svetianteknin.com\/index.php?rest_route=\/wp\/v2\/media\/1873"}],"wp:attachment":[{"href":"https:\/\/www.svetianteknin.com\/index.php?rest_route=%2Fwp%2Fv2%2Fmedia&parent=2472"}],"wp:term":[{"taxonomy":"category","embeddable":true,"href":"https:\/\/www.svetianteknin.com\/index.php?rest_route=%2Fwp%2Fv2%2Fcategories&post=2472"},{"taxonomy":"post_tag","embeddable":true,"href":"https:\/\/www.svetianteknin.com\/index.php?rest_route=%2Fwp%2Fv2%2Ftags&post=2472"}],"curies":[{"name":"wp","href":"https:\/\/api.w.org\/{rel}","templated":true}]}}