{"id":2453,"date":"2023-02-18T21:44:32","date_gmt":"2023-02-18T20:44:32","guid":{"rendered":"https:\/\/www.svetianteknin.com\/?p=2453"},"modified":"2023-02-18T22:19:13","modified_gmt":"2023-02-18T21:19:13","slug":"zupne-obavijesti-7-kga-19-25-2-2023","status":"publish","type":"post","link":"https:\/\/www.svetianteknin.com\/?p=2453","title":{"rendered":"\u017dupne obavijesti, 7 KGA (19. \u2013 25. 2. 2023.)"},"content":{"rendered":"<p><strong>Raspored svetih misa: 7 KGA (19. \u2013 25. 2. 2023.)<\/strong><\/p>\n<table>\n<tbody>\n<tr>\n<td colspan=\"1\" rowspan=\"1\" width=\"151\">Crkva<\/td>\n<td colspan=\"1\" rowspan=\"1\" width=\"95\">Satnica<\/td>\n<td colspan=\"1\" rowspan=\"1\" width=\"359\">Nakana<\/td>\n<\/tr>\n<tr>\n<td colspan=\"1\" rowspan=\"1\" width=\"151\">Sveti Ante<\/td>\n<td colspan=\"1\" rowspan=\"1\" width=\"95\">8<\/td>\n<td colspan=\"1\" rowspan=\"1\" width=\"359\">+ Marko, Kata, Marko i Lucija<\/td>\n<\/tr>\n<tr>\n<td colspan=\"1\" rowspan=\"1\" width=\"151\">Gospa VHKZ<\/td>\n<td colspan=\"1\" rowspan=\"1\" width=\"95\">9:30<\/td>\n<td colspan=\"1\" rowspan=\"1\" width=\"359\">Pro populo<\/td>\n<\/tr>\n<tr>\n<td colspan=\"1\" rowspan=\"1\" width=\"151\">Gospa VHKZ<\/td>\n<td colspan=\"1\" rowspan=\"1\" width=\"95\">11<\/td>\n<td colspan=\"1\" rowspan=\"1\" width=\"359\">+ Anto i + ob. Marijanovi\u0107 i Petrovi\u0107<\/td>\n<\/tr>\n<tr>\n<td colspan=\"1\" rowspan=\"1\" width=\"151\">Gospa VHKZ<\/td>\n<td colspan=\"1\" rowspan=\"1\" width=\"95\">18<\/td>\n<td colspan=\"1\" rowspan=\"1\" width=\"359\">+ Ivan i Iva<\/td>\n<\/tr>\n<\/tbody>\n<\/table>\n<table>\n<tbody>\n<tr>\n<td colspan=\"4\" rowspan=\"1\" width=\"624\">Ponedjeljak, 20. velja\u010de<\/td>\n<\/tr>\n<tr>\n<td colspan=\"1\" rowspan=\"1\" width=\"53\">7<\/td>\n<td colspan=\"1\" rowspan=\"1\" width=\"254\">+ Ankica, Vesna i Ljilja<\/td>\n<td colspan=\"1\" rowspan=\"1\" width=\"55\">18<\/td>\n<td colspan=\"1\" rowspan=\"1\" width=\"263\">+ Mara i Mijo<\/td>\n<\/tr>\n<tr>\n<td colspan=\"4\" rowspan=\"1\" width=\"624\">Utorak, 21. velja\u010de<\/td>\n<\/tr>\n<tr>\n<td colspan=\"1\" rowspan=\"1\" width=\"53\">7<\/td>\n<td colspan=\"1\" rowspan=\"1\" width=\"254\">+ Luca, Jozo i Adrian<\/td>\n<td colspan=\"1\" rowspan=\"1\" width=\"55\">18<\/td>\n<td colspan=\"1\" rowspan=\"1\" width=\"263\">+ Ivan, Joko i Ana<\/td>\n<\/tr>\n<tr>\n<td colspan=\"4\" rowspan=\"1\" width=\"624\">Srijeda, 22. velja\u010de: \u010dista srijeda<\/td>\n<\/tr>\n<tr>\n<td colspan=\"1\" rowspan=\"1\" width=\"53\">7<\/td>\n<td colspan=\"1\" rowspan=\"1\" width=\"254\">+ Nikola Toti\u0107<\/td>\n<td colspan=\"1\" rowspan=\"1\" width=\"55\">18<\/td>\n<td colspan=\"1\" rowspan=\"1\" width=\"263\">+ Frano i LUca<\/td>\n<\/tr>\n<tr>\n<td colspan=\"4\" rowspan=\"1\" width=\"624\">\u010cetvrtak, 23. velja\u010de<\/td>\n<\/tr>\n<tr>\n<td colspan=\"1\" rowspan=\"1\" width=\"53\">7<\/td>\n<td colspan=\"1\" rowspan=\"1\" width=\"254\">+ Stipan<\/td>\n<td colspan=\"1\" rowspan=\"1\" width=\"55\">18<\/td>\n<td colspan=\"1\" rowspan=\"1\" width=\"263\">+ \u0160\u0107epo<\/td>\n<\/tr>\n<tr>\n<td colspan=\"4\" rowspan=\"1\" width=\"624\">Petak, 24. velja\u010de<\/td>\n<\/tr>\n<tr>\n<td colspan=\"1\" rowspan=\"1\" width=\"53\">7<\/td>\n<td colspan=\"1\" rowspan=\"1\" width=\"254\">Zahvala Gospi<\/td>\n<td colspan=\"1\" rowspan=\"1\" width=\"55\">18<\/td>\n<td colspan=\"1\" rowspan=\"1\" width=\"263\">+ Darko Mai\u0107<\/td>\n<\/tr>\n<tr>\n<td colspan=\"4\" rowspan=\"1\" width=\"624\">Subota, 25. velja\u010de<\/td>\n<\/tr>\n<tr>\n<td colspan=\"1\" rowspan=\"1\" width=\"53\">7<\/td>\n<td colspan=\"1\" rowspan=\"1\" width=\"254\">+ Dinko Mari\u010di\u0107<\/td>\n<td colspan=\"1\" rowspan=\"1\" width=\"55\">18<\/td>\n<td colspan=\"1\" rowspan=\"1\" width=\"263\">+ Ana Petri\u010devi\u0107<\/td>\n<\/tr>\n<\/tbody>\n<\/table>\n<p>Ovaj tjedan su \u0161kolski praznici: vjeronauk za krizmanike i prvopri\u010desnike ne \u0107e biti.<\/p>\n<p>\u010cista srijeda: post i nemrs \u2013 po\u010detak milosnog korizmenog vremena. Mnogi \u0107e od tada do Uskrsa uzeti neki oblik pokore kao \u017eelju da pobjede svoje mane i da budu gospodari nad svojim slabostima. U znak pokorne na pepelnicu \u0107emo svoje glave posuti pepelom da se sjetimo Isusova poziva: \u201eObrati se i vjeruj Evan\u0111elju\u201c. Mise: sv. Ante u 7, a GVHKZ u 18 sat. Na kraju mise bit \u0107e obred pepeljavanja.<\/p>\n<p>Od \u010diste srijede do 2. travnja traje molitvena inicijativa \u201e40 dana za \u017eivot\u201c \u2013 da se svako za\u010deto dijete rodi. Ispred kninske bolnice molimo svaki dan 9 do 16 sati.<\/p>\n<p>Svaki korizmeni petak je obvezan nemrs. U 17:30 sati u crkvi GVHKZ po\u010dinje pobo\u017enost \u201eputa kri\u017ea\u201c, a poslije slijedi sveta misa. \u010cast nam je da \u0107emo ovaj prvi petak ugostiti pu\u010dke pjeva\u010de iz Solina (Pjeva\u010di Salone). Oni \u0107e tijekom puta kri\u017ea i mise pjevati pu\u010dke korizmene pjesme koje su u tradiciji ovoga dijela Lijepe na\u0161e. Sve korizmene petke mise i propovijedi predvodit \u0107e fra Ivica Juri\u0107, profesor na KBF \u2013 Split. Tako \u0107e nam svaki petak ove korizme biti svojevrsna duhovna obnova.<\/p>\n<p>Kako smo ve\u0107 najavili, pralik Na\u0161e Gospe je bio na temeljitoj restauraciji. Ovaj tjedan \u0107e se pralik vratiti u Gospinu crkvu i u petak \u0107emo ga blagosloviti i staviti na \u0161tovanje vjernicima.<\/p>\n<p>Susret <strong>ministranata, subota u 10 sati<\/strong><\/p>\n<p>Probe dje\u010djeg zbora su u subotu u 11 sati.<\/p>\n<p><strong> <\/strong><\/p>\n<p><strong>MOLITVA ZA MIR U SVIJETU:<\/strong><\/p>\n<p><strong>Pod obranu se Tvoju utje\u010demo,<\/strong> sveta Bogorodice. Ne odbij nam molbe u potrebama na\u0161im, nego nas od svih pogelji uvijek oslobodi, Djevice slavna i blagoslovljena, Gospo\u0111o na\u0161a, Posrednice na\u0161a, Zagovornice na\u0161a! Sa svojim nas Sinom pomiri, svojemu nas Sinu preporu\u010di, svojemu nas Sinu izru\u010di. Amen. <strong><em>1x Zdravo Marijo\u2026 <\/em><\/strong><strong>Kraljice mira, moli za nas!<\/strong><\/p>\n","protected":false},"excerpt":{"rendered":"<p>Raspored svetih misa: 7 KGA (19. \u2013 25. 2. 2023.) Crkva Satnica Nakana Sveti Ante 8 + Marko, Kata, Marko i Lucija Gospa VHKZ 9:30 Pro populo Gospa VHKZ 11 + Anto i + ob. Marijanovi\u0107 i Petrovi\u0107 Gospa VHKZ 18 + Ivan i Iva Ponedjeljak, 20. velja\u010de 7 + Ankica, Vesna i Ljilja 18 + Mara i Mijo Utorak, 21. velja\u010de 7 + Luca, [&hellip;]<\/p>\n","protected":false},"author":2,"featured_media":755,"comment_status":"closed","ping_status":"closed","sticky":false,"template":"","format":"standard","meta":{"fifu_image_url":"","fifu_image_alt":"","footnotes":""},"categories":[6],"tags":[],"class_list":["post-2453","post","type-post","status-publish","format-standard","has-post-thumbnail","hentry","category-zupne-obavijesti"],"_links":{"self":[{"href":"https:\/\/www.svetianteknin.com\/index.php?rest_route=\/wp\/v2\/posts\/2453","targetHints":{"allow":["GET"]}}],"collection":[{"href":"https:\/\/www.svetianteknin.com\/index.php?rest_route=\/wp\/v2\/posts"}],"about":[{"href":"https:\/\/www.svetianteknin.com\/index.php?rest_route=\/wp\/v2\/types\/post"}],"author":[{"embeddable":true,"href":"https:\/\/www.svetianteknin.com\/index.php?rest_route=\/wp\/v2\/users\/2"}],"replies":[{"embeddable":true,"href":"https:\/\/www.svetianteknin.com\/index.php?rest_route=%2Fwp%2Fv2%2Fcomments&post=2453"}],"version-history":[{"count":2,"href":"https:\/\/www.svetianteknin.com\/index.php?rest_route=\/wp\/v2\/posts\/2453\/revisions"}],"predecessor-version":[{"id":2455,"href":"https:\/\/www.svetianteknin.com\/index.php?rest_route=\/wp\/v2\/posts\/2453\/revisions\/2455"}],"wp:featuredmedia":[{"embeddable":true,"href":"https:\/\/www.svetianteknin.com\/index.php?rest_route=\/wp\/v2\/media\/755"}],"wp:attachment":[{"href":"https:\/\/www.svetianteknin.com\/index.php?rest_route=%2Fwp%2Fv2%2Fmedia&parent=2453"}],"wp:term":[{"taxonomy":"category","embeddable":true,"href":"https:\/\/www.svetianteknin.com\/index.php?rest_route=%2Fwp%2Fv2%2Fcategories&post=2453"},{"taxonomy":"post_tag","embeddable":true,"href":"https:\/\/www.svetianteknin.com\/index.php?rest_route=%2Fwp%2Fv2%2Ftags&post=2453"}],"curies":[{"name":"wp","href":"https:\/\/api.w.org\/{rel}","templated":true}]}}