{"id":2414,"date":"2022-12-31T21:05:16","date_gmt":"2022-12-31T20:05:16","guid":{"rendered":"https:\/\/www.svetianteknin.com\/?p=2414"},"modified":"2022-12-31T21:07:53","modified_gmt":"2022-12-31T20:07:53","slug":"zupne-obavijesti-nova-godina-1-7-1-2023","status":"publish","type":"post","link":"https:\/\/www.svetianteknin.com\/?p=2414","title":{"rendered":"\u017dupne obavijesti, Nova Godina (1. \u2013 7. 1. 2023.)"},"content":{"rendered":"<p><strong>Raspored svetih misa: Nova Godina (1. \u2013 7. 1. 2023.)<\/strong><\/p>\n<table>\n<tbody>\n<tr>\n<td width=\"151\">Crkva<\/td>\n<td width=\"95\">Satnica<\/td>\n<td width=\"359\">Nakana<\/td>\n<\/tr>\n<tr>\n<td width=\"151\">Sveti Ante<\/td>\n<td width=\"95\">8<\/td>\n<td width=\"359\">+ An\u0111elka<\/td>\n<\/tr>\n<tr>\n<td width=\"151\">Gospa VHKZ<\/td>\n<td width=\"95\"><\/td>\n<td width=\"359\"><\/td>\n<\/tr>\n<tr>\n<td width=\"151\">Gospa VHKZ<\/td>\n<td width=\"95\">11<\/td>\n<td width=\"359\">+ Jozo Nikoli\u0107<\/td>\n<\/tr>\n<tr>\n<td width=\"151\">Gospa VHKZ<\/td>\n<td width=\"95\">18<\/td>\n<td width=\"359\">+ Herman i Ru\u017ea<\/td>\n<\/tr>\n<\/tbody>\n<\/table>\n<p>&nbsp;<\/p>\n<table>\n<tbody>\n<tr>\n<td colspan=\"4\" width=\"624\">Ponedjeljak, 2, sije\u010dnja<\/td>\n<\/tr>\n<tr>\n<td width=\"53\">8<\/td>\n<td width=\"254\">+ Ilija<\/td>\n<td width=\"55\">18<\/td>\n<td width=\"263\">+ Bojan, Ivan, Filip i Snje\u017eana<\/td>\n<\/tr>\n<tr>\n<td colspan=\"4\" width=\"624\">Utorak, 3. sije\u010dnja<\/td>\n<\/tr>\n<tr>\n<td width=\"53\">8<\/td>\n<td width=\"254\">+ Joso Durbi\u0107<\/td>\n<td width=\"55\">18<\/td>\n<td width=\"263\">+ Ante i Tomica<\/td>\n<\/tr>\n<tr>\n<td colspan=\"4\" width=\"624\">Srijeda, 4. sije\u010dnja<\/td>\n<\/tr>\n<tr>\n<td width=\"53\">8<\/td>\n<td width=\"254\">+ Ana i Ivica<\/td>\n<td width=\"55\">18<\/td>\n<td width=\"263\">+ Mate i Matija<\/td>\n<\/tr>\n<tr>\n<td colspan=\"4\" width=\"624\">\u010cetvrtak, 5. sije\u010dnja<\/td>\n<\/tr>\n<tr>\n<td width=\"53\">8<\/td>\n<td width=\"254\">Na odluku<\/td>\n<td width=\"55\">18<\/td>\n<td width=\"263\">Za zdravlje<\/td>\n<\/tr>\n<tr>\n<td colspan=\"4\" width=\"624\">Petak, 6. sije\u010dnja: Tri Kralja<\/td>\n<\/tr>\n<tr>\n<td width=\"53\">8<\/td>\n<td width=\"254\">Za zdravlje<\/td>\n<td width=\"55\">18<\/td>\n<td width=\"263\">+ Ana i Ljupko<\/td>\n<\/tr>\n<tr>\n<td width=\"53\">9:30<\/td>\n<td width=\"254\">Pro populo: za + papu Benedikta VI.<\/td>\n<td width=\"55\"><\/td>\n<td width=\"263\"><\/td>\n<\/tr>\n<tr>\n<td colspan=\"4\" width=\"624\">Subota, 7. sije\u010dnja<\/td>\n<\/tr>\n<tr>\n<td width=\"53\">8<\/td>\n<td width=\"254\">+ Jozo i + iz ob. Vili\u0107<\/td>\n<td width=\"55\">18<\/td>\n<td width=\"263\">+ Zvonko i Kata Voli\u0107<\/td>\n<\/tr>\n<\/tbody>\n<\/table>\n<p><strong>Jutarnje mise<\/strong> u sv. Ante do Tri Kralja su u 8 sati.<\/p>\n<p><strong>Na Tri Kralja, 6. sije\u010dnja <\/strong>na svim misama bit \u0107e blagoslov vode. Mise su u sv. Ante u 8 sati, u GVHKZ u 9:30 i 18 sati. Misu u 9:30 sati slavit \u0107emo za du\u0161u pokojnog pape emeritusa Benedikta VI.<\/p>\n<p><strong>U Slijede\u0107u nedjelju je Kr\u0161tenje Gospodinovo <\/strong>\u2013 zavr\u0161etak bo\u017ei\u0107nog vremena.<\/p>\n<p>&nbsp;<\/p>\n<p><strong>STATISTIKA \u017dUPE SV. ANTE<\/strong><\/p>\n<p><strong>2021\u00a0\u00a0\u00a0 2022<\/strong>.<\/p>\n<p>Kr\u0161teni\u00a0\u00a0 \u00a0\u00a0\u00a0\u00a0\u00a0\u00a0\u00a0\u00a0\u00a0\u00a0\u00a0 65\u00a0\u00a0\u00a0\u00a0\u00a0\u00a0\u00a0 77<\/p>\n<p>Prvopri\u010desnici\u00a0\u00a0 52\u00a0\u00a0\u00a0\u00a0\u00a0\u00a0\u00a0 66<\/p>\n<p>Krizmanici\u00a0\u00a0\u00a0\u00a0\u00a0\u00a0\u00a0\u00a0 66\u00a0\u00a0\u00a0\u00a0\u00a0\u00a0\u00a0 67<\/p>\n<p>Vjen\u010dani\u00a0\u00a0\u00a0\u00a0\u00a0\u00a0\u00a0\u00a0\u00a0\u00a0\u00a0 23\u00a0\u00a0\u00a0\u00a0\u00a0\u00a0\u00a0 38<\/p>\n<p>Sprovodi\u00a0\u00a0\u00a0\u00a0\u00a0\u00a0\u00a0\u00a0\u00a0\u00a0 51\u00a0\u00a0\u00a0\u00a0\u00a0\u00a0\u00a0 52<\/p>\n<p><span style=\"font-size: 12pt;\">Tijekom Adventa ukupno smo prikupili oko 500 kg hrane i higijenskih potrep\u0161tina za korisnike Caritasa na\u0161e \u017eupe. Hvala svima koji su se uklju\u010dili.<\/span><\/p>\n<p>Hvala svima vama \u0161to svojim dobrovoljnim prilozima kroz milostinju, donacije i priloge za blagoslov obitelji, poma\u017eete i uzdr\u017eavate na\u0161u \u017eupu i samostan sv. Ante.<\/p>\n<p>Za ovogodi\u0161nji blagoslov obitelji od 2390, posjetili smo 1556 obitelji. Ovom prilikom zahvaljujem u ime svih sve\u0107enika na lijepo prijemu. Tako\u0111er zahvaljujem sve\u0107enicima koji su, uz fra Marija i fra Josipa, sudjelovali u blagoslovu: fra Ivan Luka\u010d, fra Ivan \u0160imunac, fra Stojan Damjanovi\u0107, fra Zoran Jonji\u0107 .<\/p>\n<p>Tijekom pro\u0161le godine pokrenuli smo akciju za izgradnju mozaika iza oltara u crkvi GVHKZ. Financijska konstrukcija je zavr\u0161ena, a radovi teku sporo. Kao i put kri\u017ea, \u010dekali smo ali smo na kraju dobiti stvarno lijepo djelo koje \u0107e trajno krasiti na\u0161u crkvu. Nadamo se da \u0107e tako biti i s mozaikom.<\/p>\n<p>&nbsp;<\/p>\n<p><strong>MOLITVA ZA MIR U SVIJETU:<\/strong><\/p>\n<p><strong>Pod obranu se Tvoju utje\u010demo,<\/strong>\u00a0sveta Bogorodice. Ne odbij nam molbe u potrebama na\u0161im, nego nas od svih pogelji uvijek oslobodi, Djevice slavna i blagoslovljena, Gospo\u0111o na\u0161a, Posrednice na\u0161a, Zagovornice na\u0161a! Sa svojim nas Sinom pomiri, svojemu nas Sinu preporu\u010di, svojemu nas Sinu izru\u010di. Amen. <strong><em>1x Zdravo Marijo\u2026 <\/em>Kraljice mira, moli za nas!<\/strong><\/p>\n<p>&nbsp;<\/p>\n","protected":false},"excerpt":{"rendered":"<p>Raspored svetih misa: Nova Godina (1. \u2013 7. 1. 2023.) Crkva Satnica Nakana Sveti Ante 8 + An\u0111elka Gospa VHKZ Gospa VHKZ 11 + Jozo Nikoli\u0107 Gospa VHKZ 18 + Herman i Ru\u017ea &nbsp; Ponedjeljak, 2, sije\u010dnja 8 + Ilija 18 + Bojan, Ivan, Filip i Snje\u017eana Utorak, 3. sije\u010dnja 8 + Joso Durbi\u0107 18 + Ante i Tomica Srijeda, 4. sije\u010dnja 8 + Ana [&hellip;]<\/p>\n","protected":false},"author":2,"featured_media":2210,"comment_status":"closed","ping_status":"closed","sticky":false,"template":"","format":"standard","meta":{"fifu_image_url":"","fifu_image_alt":"","footnotes":""},"categories":[6],"tags":[],"class_list":["post-2414","post","type-post","status-publish","format-standard","has-post-thumbnail","hentry","category-zupne-obavijesti"],"_links":{"self":[{"href":"https:\/\/www.svetianteknin.com\/index.php?rest_route=\/wp\/v2\/posts\/2414","targetHints":{"allow":["GET"]}}],"collection":[{"href":"https:\/\/www.svetianteknin.com\/index.php?rest_route=\/wp\/v2\/posts"}],"about":[{"href":"https:\/\/www.svetianteknin.com\/index.php?rest_route=\/wp\/v2\/types\/post"}],"author":[{"embeddable":true,"href":"https:\/\/www.svetianteknin.com\/index.php?rest_route=\/wp\/v2\/users\/2"}],"replies":[{"embeddable":true,"href":"https:\/\/www.svetianteknin.com\/index.php?rest_route=%2Fwp%2Fv2%2Fcomments&post=2414"}],"version-history":[{"count":3,"href":"https:\/\/www.svetianteknin.com\/index.php?rest_route=\/wp\/v2\/posts\/2414\/revisions"}],"predecessor-version":[{"id":2417,"href":"https:\/\/www.svetianteknin.com\/index.php?rest_route=\/wp\/v2\/posts\/2414\/revisions\/2417"}],"wp:featuredmedia":[{"embeddable":true,"href":"https:\/\/www.svetianteknin.com\/index.php?rest_route=\/wp\/v2\/media\/2210"}],"wp:attachment":[{"href":"https:\/\/www.svetianteknin.com\/index.php?rest_route=%2Fwp%2Fv2%2Fmedia&parent=2414"}],"wp:term":[{"taxonomy":"category","embeddable":true,"href":"https:\/\/www.svetianteknin.com\/index.php?rest_route=%2Fwp%2Fv2%2Fcategories&post=2414"},{"taxonomy":"post_tag","embeddable":true,"href":"https:\/\/www.svetianteknin.com\/index.php?rest_route=%2Fwp%2Fv2%2Ftags&post=2414"}],"curies":[{"name":"wp","href":"https:\/\/api.w.org\/{rel}","templated":true}]}}