{"id":2398,"date":"2022-12-17T21:00:37","date_gmt":"2022-12-17T20:00:37","guid":{"rendered":"https:\/\/www.svetianteknin.com\/?p=2398"},"modified":"2022-12-17T21:00:37","modified_gmt":"2022-12-17T20:00:37","slug":"zupne-obavijesti-4-da-18-24-12-2022","status":"publish","type":"post","link":"https:\/\/www.svetianteknin.com\/?p=2398","title":{"rendered":"\u017dupne obavijesti, 4 DA (18. \u2013 24. 12. 2022.)"},"content":{"rendered":"<p><strong>Raspored svetih misa: 4 DA (18. \u2013 24. 12. 2022.)<\/strong><\/p>\n<table>\n<tbody>\n<tr>\n<td width=\"151\">Crkva<\/td>\n<td width=\"95\">Satnica<\/td>\n<td width=\"359\">Nakana<\/td>\n<\/tr>\n<tr>\n<td width=\"151\">Sveti Ante<\/td>\n<td width=\"95\">8<\/td>\n<td width=\"359\">+ Jako i Dragan<\/td>\n<\/tr>\n<tr>\n<td width=\"151\">Gospa VHKZ<\/td>\n<td width=\"95\">9:30<\/td>\n<td width=\"359\">Pro populo<\/td>\n<\/tr>\n<tr>\n<td width=\"151\">Gospa VHKZ<\/td>\n<td width=\"95\">11<\/td>\n<td width=\"359\">+ ob. \u0160amija<\/td>\n<\/tr>\n<tr>\n<td width=\"151\">Gospa VHKZ<\/td>\n<td width=\"95\">18<\/td>\n<td width=\"359\">+ Marinko, Bla\u017ean i Josip<\/td>\n<\/tr>\n<\/tbody>\n<\/table>\n<p>&nbsp;<\/p>\n<table>\n<tbody>\n<tr>\n<td colspan=\"4\" width=\"624\">Ponedjeljak, 19. prosinca<\/td>\n<\/tr>\n<tr>\n<td width=\"53\">6<\/td>\n<td width=\"254\">Za zdravlje D. Dranji\u0107<\/td>\n<td width=\"55\">18<\/td>\n<td width=\"263\">+ Ru\u017ea Bla\u017eevi\u0107<\/td>\n<\/tr>\n<tr>\n<td colspan=\"4\" width=\"624\">Utorak, 20. prosinca<\/td>\n<\/tr>\n<tr>\n<td width=\"53\">6<\/td>\n<td width=\"254\">+ Mato Cvitku\u0161i\u0107<\/td>\n<td width=\"55\">18<\/td>\n<td width=\"263\">+ Stjepan Majstorovi\u0107<\/td>\n<\/tr>\n<tr>\n<td colspan=\"4\" width=\"624\">Srijeda, 21. prosinca<\/td>\n<\/tr>\n<tr>\n<td width=\"53\">6<\/td>\n<td width=\"254\">+ Ivica<\/td>\n<td width=\"55\">18<\/td>\n<td width=\"263\">+ ob. Bla\u017eevi\u0107<\/td>\n<\/tr>\n<tr>\n<td colspan=\"4\" width=\"624\">\u010cetvrtak, 22. prosinca<\/td>\n<\/tr>\n<tr>\n<td width=\"53\">6<\/td>\n<td width=\"254\">+ ob. Brki\u0107<\/td>\n<td width=\"55\">18<\/td>\n<td width=\"263\">+ Sta\u017eija i Franjo<\/td>\n<\/tr>\n<tr>\n<td colspan=\"4\" width=\"624\">Petak, 23. prosinca<\/td>\n<\/tr>\n<tr>\n<td width=\"53\">6<\/td>\n<td width=\"254\">+ ob. Devi\u0107 i Markovi\u0107<\/td>\n<td width=\"55\">18<\/td>\n<td width=\"263\">+ ob. \u0160imunovi\u0107<\/td>\n<\/tr>\n<tr>\n<td colspan=\"4\" width=\"624\">Subota, 24. prosinca<\/td>\n<\/tr>\n<tr>\n<td width=\"53\">6<\/td>\n<td width=\"254\">+ Zdravko Broni\u0107<\/td>\n<td width=\"55\">24<\/td>\n<td width=\"263\">Na \u010dast Isusova poro\u0111enja<\/td>\n<\/tr>\n<tr>\n<td width=\"53\">21<\/td>\n<td width=\"254\">Na \u010dast Isusova poro\u0111enja<\/td>\n<td width=\"55\">&nbsp;<\/td>\n<td width=\"263\">&nbsp;<\/td>\n<\/tr>\n<\/tbody>\n<\/table>\n<p>Mise zornice u 6 sati slavimo svakog dana do Badnjaka. Ve\u010dernje mise su u 18 sati.<\/p>\n<p>Ako netko nije bio ku\u0107i za vrijeme kad je sve\u0107enik dolazio u blagoslov obitelji, neka se u sakristiji prijavi za naknadni termin blagoslova.<\/p>\n<p>\u010clanovi FRAME i Tre\u0107eg reda sv. Franje organiziraju <strong>prikupljanje pomo\u0107i u hrani i higijenskim potrep\u0161tinama<\/strong>, a koju \u0107e Caritas na\u0161e \u017eupe podijeliti najpotrebnijima. Svoj dar mo\u017eete donijeti jo\u0161 ovaj tjedan.<\/p>\n<p>Bo\u017ei\u0107na ispovijed je u \u010detvrtak i petak od 10-12 sati i od 17 do 18:30 sati<\/p>\n<p><strong>U subotu je Badnji dan:<\/strong> Mise Isusova ro\u0111enja slavit \u0107emo nave\u010der u 21 sat (misa bdijenja) i 24 sata (polno\u0107ka).<\/p>\n<p>U nedjelju je Bo\u017ei\u0107 \u2013 raspored misa je kao nedjeljom.<\/p>\n<p>&nbsp;<\/p>\n<p><strong><u>VA\u017dNO:<\/u><\/strong><strong> Obavijest na misama u crkvi GVHKZ u 9:30 i 11 sati:<\/strong> Na\u0161a \u017eupljanka Jelica Pavlovi\u0107 ru\u010dno izra\u0111uje nabo\u017ene predmete. Mo\u017eete ih kupiti na ulazu u crkvu. Prihod od prodaje je za odr\u017eavanje na\u0161e crkve. Ovom prilikom zahvaljujemo g. Jelici Pavlovi\u0107.<\/p>\n<p><strong>NA PO\u010cETKU MISE U 11 sati:<\/strong> Betlehemsko svjetlo u na\u0161u \u017eupu donijeli su katoli\u010dki skauti iz \u0160ibenika koje vodi g. Igor Fridrich. Oni \u0107e na po\u010detku mise betlehemskim svjetlom upaliti \u010detvrtu svije\u0107u na adventskom vijencu. Poslije mise mo\u0107i \u0107ete ponijeti adventsko svjetlo u svoj dom. Prilikom uzimanja betlehemskog svjetla, dobrovoljnim prilogom molimo podr\u017eite rad katoli\u010dkih skauta.<\/p>\n<p><strong>MOLITVA ZA MIR U SVIJETU:<\/strong><\/p>\n<p><strong>Pod obranu se Tvoju utje\u010demo,<\/strong>\u00a0sveta Bogorodice. Ne odbij nam molbe u potrebama na\u0161im, nego nas od svih pogelji uvijek oslobodi, Djevice slavna i blagoslovljena, Gospo\u0111o na\u0161a, Posrednice na\u0161a, Zagovornice na\u0161a! Sa svojim nas Sinom pomiri, svojemu nas Sinu preporu\u010di, svojemu nas Sinu izru\u010di. Amen. <strong><em>1x Zdravo Marijo\u2026 <\/em>Kraljice mira, moli za nas!<\/strong><\/p>\n","protected":false},"excerpt":{"rendered":"<p>Raspored svetih misa: 4 DA (18. \u2013 24. 12. 2022.) Crkva Satnica Nakana Sveti Ante 8 + Jako i Dragan Gospa VHKZ 9:30 Pro populo Gospa VHKZ 11 + ob. \u0160amija Gospa VHKZ 18 + Marinko, Bla\u017ean i Josip &nbsp; Ponedjeljak, 19. prosinca 6 Za zdravlje D. Dranji\u0107 18 + Ru\u017ea Bla\u017eevi\u0107 Utorak, 20. prosinca 6 + Mato Cvitku\u0161i\u0107 18 + Stjepan Majstorovi\u0107 Srijeda, 21. [&hellip;]<\/p>\n","protected":false},"author":2,"featured_media":2399,"comment_status":"closed","ping_status":"closed","sticky":false,"template":"","format":"standard","meta":{"fifu_image_url":"","fifu_image_alt":"","footnotes":""},"categories":[6],"tags":[],"class_list":["post-2398","post","type-post","status-publish","format-standard","has-post-thumbnail","hentry","category-zupne-obavijesti"],"_links":{"self":[{"href":"https:\/\/www.svetianteknin.com\/index.php?rest_route=\/wp\/v2\/posts\/2398","targetHints":{"allow":["GET"]}}],"collection":[{"href":"https:\/\/www.svetianteknin.com\/index.php?rest_route=\/wp\/v2\/posts"}],"about":[{"href":"https:\/\/www.svetianteknin.com\/index.php?rest_route=\/wp\/v2\/types\/post"}],"author":[{"embeddable":true,"href":"https:\/\/www.svetianteknin.com\/index.php?rest_route=\/wp\/v2\/users\/2"}],"replies":[{"embeddable":true,"href":"https:\/\/www.svetianteknin.com\/index.php?rest_route=%2Fwp%2Fv2%2Fcomments&post=2398"}],"version-history":[{"count":1,"href":"https:\/\/www.svetianteknin.com\/index.php?rest_route=\/wp\/v2\/posts\/2398\/revisions"}],"predecessor-version":[{"id":2400,"href":"https:\/\/www.svetianteknin.com\/index.php?rest_route=\/wp\/v2\/posts\/2398\/revisions\/2400"}],"wp:featuredmedia":[{"embeddable":true,"href":"https:\/\/www.svetianteknin.com\/index.php?rest_route=\/wp\/v2\/media\/2399"}],"wp:attachment":[{"href":"https:\/\/www.svetianteknin.com\/index.php?rest_route=%2Fwp%2Fv2%2Fmedia&parent=2398"}],"wp:term":[{"taxonomy":"category","embeddable":true,"href":"https:\/\/www.svetianteknin.com\/index.php?rest_route=%2Fwp%2Fv2%2Fcategories&post=2398"},{"taxonomy":"post_tag","embeddable":true,"href":"https:\/\/www.svetianteknin.com\/index.php?rest_route=%2Fwp%2Fv2%2Ftags&post=2398"}],"curies":[{"name":"wp","href":"https:\/\/api.w.org\/{rel}","templated":true}]}}