{"id":2291,"date":"2022-10-01T21:13:10","date_gmt":"2022-10-01T20:13:10","guid":{"rendered":"https:\/\/www.svetianteknin.com\/?p=2291"},"modified":"2022-10-01T21:13:10","modified_gmt":"2022-10-01T20:13:10","slug":"zupne-obavijesti-27-kgc-2-8-10-2022","status":"publish","type":"post","link":"https:\/\/www.svetianteknin.com\/?p=2291","title":{"rendered":"\u017dupne obavijesti, 27 KGC (2. \u00a0\u2013 8. 10. 2022.)"},"content":{"rendered":"<p><strong>Raspored svetih misa: 27 KGC (2. \u00a0\u2013 8. 10. 2022.)<\/strong><\/p>\n<table>\n<tbody>\n<tr>\n<td width=\"151\">Crkva<\/td>\n<td width=\"95\">Satnica<\/td>\n<td width=\"359\">Nakana<\/td>\n<\/tr>\n<tr>\n<td width=\"151\">Sveti Ante<\/td>\n<td width=\"95\">8<\/td>\n<td width=\"359\">+ Dragica i Josip Vujevi\u0107<\/td>\n<\/tr>\n<tr>\n<td width=\"151\">Gospa VHKZ<\/td>\n<td width=\"95\">9:30<\/td>\n<td width=\"359\">Pro populo<\/td>\n<\/tr>\n<tr>\n<td width=\"151\">Gospa VHKZ<\/td>\n<td width=\"95\">11<\/td>\n<td width=\"359\">+ Ivka, Ivan i Alojz<\/td>\n<\/tr>\n<tr>\n<td width=\"151\">Gospa VHKZ<\/td>\n<td width=\"95\">19<\/td>\n<td width=\"359\">+ Frano, Mara i Ivan \u0160egrt<\/td>\n<\/tr>\n<\/tbody>\n<\/table>\n<p>&nbsp;<\/p>\n<table>\n<tbody>\n<tr>\n<td colspan=\"4\" width=\"624\">Ponedjeljak, 3. Listopada<\/td>\n<\/tr>\n<tr>\n<td width=\"53\">7<\/td>\n<td width=\"254\">+ Matija Petrovi\u0107<\/td>\n<td width=\"55\">18<\/td>\n<td width=\"263\">+ Jozo i Jela Vlai\u0107<\/td>\n<\/tr>\n<tr>\n<td colspan=\"4\" width=\"624\">Utorak, 4. listopada: Sv. Franjo Asi\u0161ki<\/td>\n<\/tr>\n<tr>\n<td width=\"53\">7<\/td>\n<td width=\"254\">Za \u010d.s. franjevke<\/td>\n<td width=\"55\">18<\/td>\n<td width=\"263\">Za prov.Presv. Otkupitelja<\/td>\n<\/tr>\n<tr>\n<td colspan=\"4\" width=\"624\">Srijeda, 28. Rujna<\/td>\n<\/tr>\n<tr>\n<td width=\"53\">7<\/td>\n<td width=\"254\">+ Mirko Luki\u0107<\/td>\n<td width=\"55\">18<\/td>\n<td width=\"263\">Za du\u0161e u \u010distili\u0161tu<\/td>\n<\/tr>\n<tr>\n<td colspan=\"4\" width=\"624\">\u010cetvrtak, 6. listopada<\/td>\n<\/tr>\n<tr>\n<td width=\"53\">7<\/td>\n<td width=\"254\">+ ob. Konforta<\/td>\n<td width=\"55\">18<\/td>\n<td width=\"263\">+ Ilija<\/td>\n<\/tr>\n<tr>\n<td colspan=\"4\" width=\"624\">Petak, 7. listopada<\/td>\n<\/tr>\n<tr>\n<td width=\"53\">7<\/td>\n<td width=\"254\">+ Franjo Ke\u0161ki\u0107<\/td>\n<td width=\"55\">18<\/td>\n<td width=\"263\">+ Milko Sladoja<\/td>\n<\/tr>\n<tr>\n<td colspan=\"4\" width=\"624\">Subota, 8. Listopada<\/td>\n<\/tr>\n<tr>\n<td width=\"53\">7<\/td>\n<td width=\"254\">+ Pero Petrovi\u0107<\/td>\n<td width=\"55\">18<\/td>\n<td width=\"263\">+ Slave (\u017e)<\/td>\n<\/tr>\n<\/tbody>\n<\/table>\n<p>Radnim danima i nedjeljom, ve\u010dernje mise su u crkvi GVHKZ su u 18 sati.<\/p>\n<p>Podr\u017eavamo molitvenu inicijativu \u201e40 dana za \u017eivot\u201c, da prestanu abortusi i da se svako za\u010deto dijete rodi.<\/p>\n<p>Ponedjeljak, 3. listopada: poslije ve\u010dernje mise je <strong>obred preminu\u0107a sv. oca Franje<\/strong>, utemeljitelja franjeva\u010dkog reda. Mi u Kninu imamo relikviju kamena crkvice (Porcijunkule) u kojoj je umro sv. Franjo. Uspomenu na smrt oca Franje, zaklju\u010dit \u0107emo osobnim \u010da\u0161\u0107enjem tih svetih ostataka.<\/p>\n<p>Utorak, 4. listopada: <strong>Sv. Franjo<\/strong>. Ve\u010dernja misa bit \u0107e sve\u010dana.<\/p>\n<p>Srijeda, 5. listopada: poslije ve\u010dernje mise je molitveni susret za \u010dlanove <strong>Tre\u0107eg franjeva\u010dkog reda<\/strong>.<\/p>\n<p>\u010cetvrtak, 6. listopada: poslije ve\u010dernje mise bit \u0107e <strong>roditeljski sastanak<\/strong> za djecu prvopri\u010desnika i krizmanika. Tada \u0107e roditelji dobiti upisnice na \u017eupni vjeronauk za svoju djecu.<\/p>\n<p>Petak, 7. listopada: poslije ve\u010dernje mise je <strong>cijelono\u0107no klanjanje<\/strong>.<\/p>\n<p>Subota, 8. listopada: <strong>biskupijski obiteljski dan<\/strong>. Obitelj je bila i ostala osnovna stanica dru\u0161tva. Zdrave vjerni\u010dke obitelji su garancija zdravog dru\u0161tva. Na susretu obitelji molit \u0107emo za <strong>posve\u0107enje na\u0161ih obitelji.<\/strong> Molim vas da se odazovete ovom susretu, po mogu\u0107nosti obiteljski (otac, majka i djeca). \u00a0Ovaj obiteljski susret je jednodnevna duhovna obnova. Program susreta obitelji trajat \u0107e od 9:30 do 16 sati. Nadam se da \u0107emo biti dobar doma\u0107in.<\/p>\n<p><strong>Te\u010daj za brak:<\/strong> termin za listopad bit \u0107e objavljen uskoro.<\/p>\n<p><strong>MOLITVA ZA I MIR U SVIJETU:<\/strong><\/p>\n<p><strong>Pod obranu se Tvoju utje\u010demo,<\/strong>\u00a0sveta Bogorodice. Ne odbij nam molbe u potrebama na\u0161im, nego nas od svih pogelji uvijek oslobodi, Djevice slavna i blagoslovljena, Gospo\u0111o na\u0161a, Posrednice na\u0161a, Zagovornice na\u0161a! Sa svojim nas Sinom pomiri, svojemu nas Sinu preporu\u010di, svojemu nas Sinu izru\u010di. Amen. <strong><em>1x Zdravo Marijo\u2026 <\/em>Kraljice mira, moli za nas!<\/strong><\/p>\n","protected":false},"excerpt":{"rendered":"<p>Raspored svetih misa: 27 KGC (2. \u00a0\u2013 8. 10. 2022.) Crkva Satnica Nakana Sveti Ante 8 + Dragica i Josip Vujevi\u0107 Gospa VHKZ 9:30 Pro populo Gospa VHKZ 11 + Ivka, Ivan i Alojz Gospa VHKZ 19 + Frano, Mara i Ivan \u0160egrt &nbsp; Ponedjeljak, 3. Listopada 7 + Matija Petrovi\u0107 18 + Jozo i Jela Vlai\u0107 Utorak, 4. listopada: Sv. Franjo Asi\u0161ki 7 Za [&hellip;]<\/p>\n","protected":false},"author":2,"featured_media":2210,"comment_status":"closed","ping_status":"closed","sticky":false,"template":"","format":"standard","meta":{"fifu_image_url":"","fifu_image_alt":"","footnotes":""},"categories":[6],"tags":[],"class_list":["post-2291","post","type-post","status-publish","format-standard","has-post-thumbnail","hentry","category-zupne-obavijesti"],"_links":{"self":[{"href":"https:\/\/www.svetianteknin.com\/index.php?rest_route=\/wp\/v2\/posts\/2291","targetHints":{"allow":["GET"]}}],"collection":[{"href":"https:\/\/www.svetianteknin.com\/index.php?rest_route=\/wp\/v2\/posts"}],"about":[{"href":"https:\/\/www.svetianteknin.com\/index.php?rest_route=\/wp\/v2\/types\/post"}],"author":[{"embeddable":true,"href":"https:\/\/www.svetianteknin.com\/index.php?rest_route=\/wp\/v2\/users\/2"}],"replies":[{"embeddable":true,"href":"https:\/\/www.svetianteknin.com\/index.php?rest_route=%2Fwp%2Fv2%2Fcomments&post=2291"}],"version-history":[{"count":1,"href":"https:\/\/www.svetianteknin.com\/index.php?rest_route=\/wp\/v2\/posts\/2291\/revisions"}],"predecessor-version":[{"id":2292,"href":"https:\/\/www.svetianteknin.com\/index.php?rest_route=\/wp\/v2\/posts\/2291\/revisions\/2292"}],"wp:featuredmedia":[{"embeddable":true,"href":"https:\/\/www.svetianteknin.com\/index.php?rest_route=\/wp\/v2\/media\/2210"}],"wp:attachment":[{"href":"https:\/\/www.svetianteknin.com\/index.php?rest_route=%2Fwp%2Fv2%2Fmedia&parent=2291"}],"wp:term":[{"taxonomy":"category","embeddable":true,"href":"https:\/\/www.svetianteknin.com\/index.php?rest_route=%2Fwp%2Fv2%2Fcategories&post=2291"},{"taxonomy":"post_tag","embeddable":true,"href":"https:\/\/www.svetianteknin.com\/index.php?rest_route=%2Fwp%2Fv2%2Ftags&post=2291"}],"curies":[{"name":"wp","href":"https:\/\/api.w.org\/{rel}","templated":true}]}}