{"id":229,"date":"2019-09-20T16:49:48","date_gmt":"2019-09-20T15:49:48","guid":{"rendered":"http:\/\/www.svetianteknin.com\/?p=229"},"modified":"2019-09-21T21:58:54","modified_gmt":"2019-09-21T20:58:54","slug":"franjevacki-svjetovni-red-ofs","status":"publish","type":"post","link":"https:\/\/www.svetianteknin.com\/?p=229","title":{"rendered":"Franjeva\u010dki svjetovni red &#8211; OFS"},"content":{"rendered":"<p>Mi smo \u010dlanovi OFS-a (Ordo Franciscanus Saecularis \u2013 Franjeva\u010dki svjetovni red) i nastojimo u svijetu \u017eivjeti Evan\u0111elje po primjeru svetog Franje Asi\u0161kog, koji je bio brat svakom stvorenju.<\/p>\n<p>Franjeva\u010dki svjetovni red je \u010dlan Franjeva\u010dke obitelji \u2013 jedne od duhovnih obitelji koje je Duh Sveti podignuo u Crkvi i koja okuplja \u010dlanove Bo\u017ejega naroda koji se osje\u0107aju pozvanima slijediti Krista stopama Franje Asi\u0161koga. \u010clanovi se okupljaju u bratstva koja su rasprostranjena po cijelome svijetu i obvezuju se zavjetovanjem da \u0107e nastojati oko postizanja savr\u0161enstva kr\u0161\u0107anske ljubavi u svome svjetovnom stale\u017eu, \u017eive\u0107i Evan\u0111elje poput sv. Franje i uz pomo\u0107 pravila koje je Crkva potvrdila.<\/p>\n<p><img loading=\"lazy\" decoding=\"async\" class=\" wp-image-230 alignleft\" src=\"https:\/\/www.svetianteknin.com\/wp-content\/uploads\/2019\/09\/sveti_franjo_asiski-300x200-300x200.jpg\" alt=\"\" width=\"407\" height=\"271\" \/>Po\u010detak Franjeva\u010dkoga svjetovnog reda se\u017ee u rano 13. stolje\u0107e kada je sv. Franjo Asi\u0161ki (1182. \u2013 1226.), nakon obra\u0107enja, napustio svoj dotada\u0161nji na\u010din \u017eivota i radikalno se opredijelio za \u017eivot po Evan\u0111elju. Uskoro mu se pridru\u017euju i prvi drugovi te im papa Inocent III. usmeno odobrava Pravilo 1209. godine. To je po\u010detak Prvoga reda, odnosno, Reda manje bra\u0107e. Franjo privla\u010di mnoge, pa tako asi\u0161ka plemkinja Klara, a nakon nje i druge i druge djevojke potaknute njenim primjerom, odlu\u010duju slijediti Franju, \u010dime 1212. zapo\u010dinje Drugi red, odnosno, Red siroma\u0161nih gospo\u0111a. Mnogi ljudi koji su ve\u0107 imali vlastite obitelji pitali su Franju kako bi oni mogli, na sli\u010dan na\u010din, nasljedovati Krista. Njima je Franjo predlo\u017eio da ostanu \u017eivjeti u svijetu, u svojim obiteljima, bave\u0107i se svojim poslovima, ali \u017eive\u0107i kao pokornici i nasljeduju\u0107i tako Krista Gospodina. Tako nastaje Tre\u0107i red, odnosno, kako se tada zvao, Red pokorni\u010dke bra\u0107e i sestara kojemu je Franjo dao prvo pravilo 1221. Prvim poznatim svjetovnim franjevcem se smatra bl. Lukezije. Pravilo je kasnije mijenjano, tako da je papa Nikola IV. 1289. odobrio novo Pravilo, a potom i Leon XIII. 1883.<\/p>\n<p>Izradi posljednjega pravila pristupilo se nakon Drugog vatikanskog sabora. Ovo Pravilo, koje je sada na snazi, prilago\u0111uje Red potrebama i \u017eeljama Crkve u izmijenjenim prilikama vremena. Odobrio ga je papa bl. Pavao VI. 24. lipnja 1978., a Generalne konstitucije, koje daju primjenu Pravila, odobrila je Kongregacija za ustanove posve\u0107enog \u017eivota i dru\u0161tva apostolskog \u017eivota 8. prosinca 2000.<\/p>\n<p>Danas je Franjeva\u010dki svjetovni red prisutan u oko 115 zemalja svijeta i broji oko 300 000 \u010dlanova. Uz Franjeva\u010dki svjetovni red, svjetovna grana Franjeva\u010dke obitelji broji i oko 50 000 \u010dlanova <a href=\"http:\/\/ofs.hr\/franjevacka-mladez\/\">Franjeva\u010dke mlade\u017ei<\/a>.<\/p>\n<p>Red je organiziran u bratstva na razli\u010ditim razinama. Osnovna stanica Reda je mjesno bratstvo koje se okuplja uz samostan ili \u017eupu. Vi\u0161e mjesnih bratstava se okuplja u podru\u010dna bratstva, a podru\u010dna bratstva u jednoj dr\u017eavi organizirana su u nacionalno bratstvo. Red na me\u0111unarodnoj razini okuplja sva bratstva rasprostranjena po svijetu. Njime upravlja Me\u0111unarodno vije\u0107e koje \u010dine predstavnici svih osnovanih nacionalnih bratstava i koje se redovito okuplja na Generalnom kapitulu, te Predsjedni\u0161tvo Me\u0111unarodnog vije\u0107a i generalni ministar.<\/p>\n<p>Hrvatsko nacionalno bratstvo Franjeva\u010dkoga svjetovnog reda broji oko 4100 \u010dlanova koji djeluju u 110 mjesnih bratstava, a sjedi\u0161te mu je u Zagrebu. Nacionalno bratstvo je organizirano u pet podru\u010dnih bratstava koja imaju svoja sjedi\u0161ta u Osijeku, Zagrebu, Rijeci, Zadru i Splitu. Svako mjesno bratstvo je kanonski osnovano i ima vije\u0107e i ministra koji se biraju na razdoblje od tri godine. \u010clan vije\u0107a je i duhovni asistent bratstva. Naj\u010de\u0161\u0107e su to \u010dlanovi Prvoga reda ili Tre\u0107eg samostanskog reda sv. Franje.<\/p>\n<p><a href=\"http:\/\/ofs.hr\/\" target=\"_blank\" rel=\"noopener noreferrer\"><img loading=\"lazy\" decoding=\"async\" class=\"alignleft wp-image-233 size-medium\" src=\"https:\/\/www.svetianteknin.com\/wp-content\/uploads\/2019\/09\/ofs_logo_05-300x87.jpg\" alt=\"\" width=\"300\" height=\"87\" srcset=\"https:\/\/www.svetianteknin.com\/wp-content\/uploads\/2019\/09\/ofs_logo_05-300x87.jpg 300w, https:\/\/www.svetianteknin.com\/wp-content\/uploads\/2019\/09\/ofs_logo_05.jpg 412w\" sizes=\"auto, (max-width: 300px) 100vw, 300px\" \/><\/a>Svatko tko se osjeti pozvanim \u017eivjeti Evan\u0111elje slijede\u0107i primjer sv. Franje, ostaju\u0107i u svjetovnom stale\u017eu, mo\u017ee zapo\u010deti s formacijom u Franjeva\u010dkom svjetovnom redu, kako bi se upoznao s Redom, na\u010dinom \u017eivota i poslanjem svjetovnih franjevaca. Svjetovnim franjevcem se postaje postupno, prolaze\u0107i kroz pojedina razdoblja formacije. Prvo razdoblje je vrijeme uvo\u0111enja, koje slu\u017ei upoznavanju Franjeva\u010dkoga svjetovnog reda, svetoga Franje, Crkve i njezinoga nauka. Nakon toga slijedi vrijeme po\u010detne formacije koje traje najmanje godinu dana, a uvjeti za primanje u red su: ispovijedati katoli\u010dku vjeru, imati dobro moralno vladanje i pokazati jasne znakove poziva. Najni\u017ea dob za ulazak je 18 godina. Nakon vremena po\u010detne formacije, u kojemu se dublje upoznaje Sveto pismo, crkveni nauk, molitveni i sakramentalni \u017eivot, franjeva\u010dka \u2013 osobito svjetovna \u2013 duhovnost, dokumenti Reda, osobito njegovo Pravilo, poslanje svjetovnih franjevaca na razli\u010ditim podru\u010djima svoga \u017eivota, u Crkvi i u dru\u0161tvu, slijedi zavjetovanje ili obe\u0107anje evan\u0111eoskoga \u017eivota. Trajnom zavjetovanju obi\u010dno prethodi razdoblje privremenoga zavjetovanja (najvi\u0161e do tri godine). Kandidat obe\u0107aje da \u0107e kroz sve vrijeme svoga \u017eivota \u017eivjeti Evan\u0111elje u Franjeva\u010dkom svjetovnom redu, opslu\u017euju\u0107i njegovo Pravilo.<\/p>\n<p>Franjevci su pozvani biti evan\u0111eoski kvasac u svijetu, u svojoj obitelji, u sredini u kojoj \u017eive, rade i djeluju, u kulturi, dru\u0161tvenom i javnom \u017eivotu. Za njih je molitva du\u0161a \u017eivota i rada, a u svome \u017eivotu su pozvani na korjenitu unutarnju promjenu koju samo Evan\u0111elje naziva obra\u0107enjem i koje se mora ostvarivati danomice. Osobitost ovoga na\u010dina \u017eivota je \u017eivot u bratstvu koje se okuplja na redovite susrete razli\u010ditoga sadr\u017eaja \u2013 molitvene, formativne, radne, bratska dru\u017eenja. Iz tih susreta dolaze ideje i inicijative, ali prije svega me\u0111usobna potpora bra\u0107e i sestara na \u017eivotnome putu, dijeljenju radosti ali i suo\u010davanju s pote\u0161ko\u0107ama, te u ljudskom i vjerni\u010dkom rastu. Inicijative u apostolatu poduzimaju bilo zajedni\u010dki, kao bratstvo, bilo tako da se podr\u017eavaju inicijative pojedinih \u010dlanova. Prvotno se svjetovne franjevce treba prepoznati po onome \u0161to jesu \u2013 osobe koje nastoje, po primjeru svetoga Franje, rasti u svome nasljedovanju Krista, a tek onda iz toga onda proizlazi njihovo poslanje. Poslanje se konkretno ostvaruje na razli\u010ditim poljima: u brizi za stare, bolesne i osamljene, za siroma\u0161ne i potrebne, za sve \u010dije ljudsko dostojanstvo je povrije\u0111eno. Ono se ostvaruje i brigom za obitelj, za o\u010duvanje stvorenog, za bratskiji svijet, ostvarenje pravednosti i mira, promicanje dijaloga me\u0111u ljudima. Podru\u010dja djelovanja su brojna i svako bratstvo se, u skladu s mogu\u0107nostima, opredjeljuje za neke od aktivnosti. Za franjevce je va\u017eno \u017eivjeti u potpunom zajedni\u0161tvu s Crkvom, s papom, biskupima i sve\u0107enicima, u povjerljivu i otvorenu dijalogu o na\u010dinima apostolskoga djelovanja.<\/p>\n<p>Svjetovni franjevci su, kao i svi kr\u0161\u0107ani, pozvani na svetost. Put svetosti je za njih opslu\u017eivanje Pravila koje im je potvrdila Crkva i koje predstavlja \u201eprere\u010deno Evan\u0111elje\u201c. Mnogi su ljudi, od osnutka Reda, bili njegovi \u010dlanovi. To su bili obi\u010dni ljudi, ali i \u010dlanovi kraljevski i plemi\u0107kih obitelji; nepismeni i u\u010deni, o\u017eenjeni i neo\u017eenjeni, vjernici laici ali i dijecezanski sve\u0107enici, biskupi, pa \u010dak i pape, a \u010dlanovi Reda su, izme\u0111u ostalih, bili knji\u017eevnici Dante Alighieri i Miguel Cervantes, politi\u010dari Konrad Adenauer, Alcide de Gasperi i Giorgio La Pira, pape Leon XIII., Benedikt XV., Pio XI., Pio XII., ali i mnogi svjetovni franjevci koji su \u017eivjeli sasvim obi\u010dnim \u017eivotom \u010dija je veli\u010dina i svetost poznata samo Bo\u017ejemu srcu. Brojni su \u010dlanovi progla\u0161eni bla\u017eenima i svetima. Me\u0111u poznatijima su sv. Gianna Beretta Molla, sv. Ivan-Maria Vianney, sv. Pio X., sv. Ivan XXXIII, bl. Federic Ozanam, bl. Pio IX., japanski mu\u010denici i mnogi drugi.<\/p>\n<p>Crkva u Hrvata ponosna je na svoje velikane koji su bili i \u010dlanovi Franjeva\u010dkoga svjetovnog reda: bla\u017eenoga Alojzija Stepinca, bla\u017eenu Katarinu Kotromani\u0107, slugu Bo\u017ejega Franju Kuhari\u0107a i slugu Bo\u017ejega Egidija Bule\u0161i\u0107a. Za\u0161titnici Franjeva\u010dkoga svjetovnog reda su sv. Elizabeta Ugarska i sv. Ljudevit, kralj. Crkva ih se spominje 17. studenog, odnosno 25. kolovoza.<\/p>\n<p><strong>preneseno s: <a href=\"http:\/\/ofs.hr\" target=\"_blank\" rel=\"noopener noreferrer\">http:\/\/ofs.hr<\/a> <\/strong><\/p>\n","protected":false},"excerpt":{"rendered":"<p>Mi smo \u010dlanovi OFS-a (Ordo Franciscanus Saecularis \u2013 Franjeva\u010dki svjetovni red) i nastojimo u svijetu \u017eivjeti Evan\u0111elje po primjeru svetog Franje Asi\u0161kog, koji je bio brat svakom stvorenju. Franjeva\u010dki svjetovni red je \u010dlan Franjeva\u010dke obitelji \u2013 jedne od duhovnih obitelji koje je Duh Sveti podignuo u Crkvi i koja okuplja \u010dlanove Bo\u017ejega naroda koji se osje\u0107aju pozvanima slijediti Krista stopama Franje Asi\u0161koga. \u010clanovi se okupljaju [&hellip;]<\/p>\n","protected":false},"author":2,"featured_media":230,"comment_status":"closed","ping_status":"closed","sticky":false,"template":"","format":"standard","meta":{"fifu_image_url":"","fifu_image_alt":"","footnotes":""},"categories":[14,11],"tags":[],"class_list":["post-229","post","type-post","status-publish","format-standard","has-post-thumbnail","hentry","category-franjevastvo","category-molitva-i-pjesma"],"_links":{"self":[{"href":"https:\/\/www.svetianteknin.com\/index.php?rest_route=\/wp\/v2\/posts\/229","targetHints":{"allow":["GET"]}}],"collection":[{"href":"https:\/\/www.svetianteknin.com\/index.php?rest_route=\/wp\/v2\/posts"}],"about":[{"href":"https:\/\/www.svetianteknin.com\/index.php?rest_route=\/wp\/v2\/types\/post"}],"author":[{"embeddable":true,"href":"https:\/\/www.svetianteknin.com\/index.php?rest_route=\/wp\/v2\/users\/2"}],"replies":[{"embeddable":true,"href":"https:\/\/www.svetianteknin.com\/index.php?rest_route=%2Fwp%2Fv2%2Fcomments&post=229"}],"version-history":[{"count":4,"href":"https:\/\/www.svetianteknin.com\/index.php?rest_route=\/wp\/v2\/posts\/229\/revisions"}],"predecessor-version":[{"id":236,"href":"https:\/\/www.svetianteknin.com\/index.php?rest_route=\/wp\/v2\/posts\/229\/revisions\/236"}],"wp:featuredmedia":[{"embeddable":true,"href":"https:\/\/www.svetianteknin.com\/index.php?rest_route=\/wp\/v2\/media\/230"}],"wp:attachment":[{"href":"https:\/\/www.svetianteknin.com\/index.php?rest_route=%2Fwp%2Fv2%2Fmedia&parent=229"}],"wp:term":[{"taxonomy":"category","embeddable":true,"href":"https:\/\/www.svetianteknin.com\/index.php?rest_route=%2Fwp%2Fv2%2Fcategories&post=229"},{"taxonomy":"post_tag","embeddable":true,"href":"https:\/\/www.svetianteknin.com\/index.php?rest_route=%2Fwp%2Fv2%2Ftags&post=229"}],"curies":[{"name":"wp","href":"https:\/\/api.w.org\/{rel}","templated":true}]}}