{"id":2177,"date":"2022-07-23T20:00:24","date_gmt":"2022-07-23T19:00:24","guid":{"rendered":"https:\/\/www.svetianteknin.com\/?p=2177"},"modified":"2022-07-23T20:01:22","modified_gmt":"2022-07-23T19:01:22","slug":"zupne-obavijesti-1-7-kgc-24-30-7-2022","status":"publish","type":"post","link":"https:\/\/www.svetianteknin.com\/?p=2177","title":{"rendered":"\u017dupne obavijesti, 1 7 KGC (24. &#8211; 30. 7. 2022.)"},"content":{"rendered":"<p><strong>Raspored svetih misa: 1 7 KGC (24. &#8211; 30. 7. 2022.)<\/strong><\/p>\n<table>\n<tbody>\n<tr>\n<td width=\"151\">Crkva<\/td>\n<td width=\"95\">Satnica<\/td>\n<td width=\"359\">Nakana<\/td>\n<\/tr>\n<tr>\n<td width=\"151\">Sveti Ante<\/td>\n<td width=\"95\">8<\/td>\n<td width=\"359\">+ Branko i \u017daro<\/td>\n<\/tr>\n<tr>\n<td width=\"151\">Gospa VHKZ<\/td>\n<td width=\"95\">9:30<\/td>\n<td width=\"359\">Pro populo<\/td>\n<\/tr>\n<tr>\n<td width=\"151\">Gospa VHKZ<\/td>\n<td width=\"95\">19<\/td>\n<td width=\"359\">+ Stanko i + ob. Abramovi\u0107<\/td>\n<\/tr>\n<\/tbody>\n<\/table>\n<p>&nbsp;<\/p>\n<table>\n<tbody>\n<tr>\n<td colspan=\"4\" width=\"624\">Ponedjeljak, 25. Srpnja<\/td>\n<\/tr>\n<tr>\n<td width=\"53\">7<\/td>\n<td width=\"254\">+ ob. Budimir i \u0106ori\u0107<\/td>\n<td width=\"55\">19<\/td>\n<td width=\"263\">+ Marin, Kata i Sara<\/td>\n<\/tr>\n<tr>\n<td colspan=\"4\" width=\"624\">Utorak, 26. Srpnja<\/td>\n<\/tr>\n<tr>\n<td width=\"53\">7<\/td>\n<td width=\"254\">+ Miroslav An\u0111i\u0107 i + Ana i Miroslav Drijen\u010di\u0107<\/td>\n<td width=\"55\">19<\/td>\n<td width=\"263\">+ Marinko Stoj\u010devi\u0107<\/td>\n<\/tr>\n<tr>\n<td width=\"53\">10:30<\/td>\n<td width=\"254\">Kosovo (Sv. Ana): pro populo<\/td>\n<td width=\"55\"><\/td>\n<td width=\"263\"><\/td>\n<\/tr>\n<tr>\n<td colspan=\"4\" width=\"624\">Srijeda, 27. Srpnja<\/td>\n<\/tr>\n<tr>\n<td width=\"53\">7<\/td>\n<td width=\"254\">+ ob. Jovanovi\u0107 i Dominkovi\u0107<\/td>\n<td width=\"55\">19<\/td>\n<td width=\"263\">+ Jela, Luka, Ivan i Ljubica<\/td>\n<\/tr>\n<tr>\n<td colspan=\"4\" width=\"624\">\u010cetvrtak, 28. Srpnja<\/td>\n<\/tr>\n<tr>\n<td width=\"53\">7<\/td>\n<td width=\"254\">+ Anto i Ana Parlov<\/td>\n<td width=\"55\">19<\/td>\n<td width=\"263\">+ Mirko Markovi\u0107<\/td>\n<\/tr>\n<tr>\n<td colspan=\"4\" width=\"624\">Petak, 29. srpnja<\/td>\n<\/tr>\n<tr>\n<td width=\"53\">7<\/td>\n<td width=\"254\">+ Matilda Dreno<\/td>\n<td width=\"55\">19<\/td>\n<td width=\"263\">+ Ivo i Matilda<\/td>\n<\/tr>\n<tr>\n<td colspan=\"4\" width=\"624\">Subota, 30. srpnja<\/td>\n<\/tr>\n<tr>\n<td width=\"53\">7<\/td>\n<td width=\"254\">+ ob. Mija\u010d i Batarelo<\/td>\n<td width=\"55\">19<\/td>\n<td width=\"263\">+ Anka \u0160koro<\/td>\n<\/tr>\n<\/tbody>\n<\/table>\n<p><strong>\u00a0<\/strong><\/p>\n<p><strong>Ponedjeljak, 25. srpnja \u2013 Sv. Jakov: <\/strong>za\u0161titnik susjedne \u017eupe Vrpolje. Mise u 9 sati<\/p>\n<p><strong>Utorak, 26. srpnja: sv. Ana \u2013 Kosovo: <\/strong>procesija i misa u 10:30 sati. Misu predvodi fra Mario Radman, \u017eupnik u \u017eupi sv. Ante u \u0160ibeniku na \u0160ubi\u0107evcu<\/p>\n<p><strong>Slijede\u0107a nedjelja, 31. srpnja u 21 sat<\/strong> je koncert duhovne glazbe <strong>\u201eSalve Regina\u201c<\/strong> kod crkve GVHKZ. Na koncertu \u0107e nastupiti: Iva Ljubi\u010di\u0107, grupa Emanuel, Zvonimir Klari\u0107 i grupa Noel i doma\u0107i vis David i Gospin vis\u2026 Po\u017eeljno je da na festival povedete i djecu.<\/p>\n<p><strong>Mozaik iza oltara u crkvi GVHKZ.<\/strong> Ima nekoliko dana, javio se jo\u0161 jedan donator. U ovom trenutku smo zatvorili financijsku konstrukciju. Cijena mozaika je 60.000 eura. Hvala svima koji su pomogli dragovoljnim prilozima. O\u010dekujemo da bi izrada trebala biti gotova do Bo\u017ei\u0107a.<\/p>\n<p>&nbsp;<\/p>\n<p><strong>MOLITVA ZA I MIR U SVIJETU:<\/strong><\/p>\n<p><strong>Pod obranu se Tvoju utje\u010demo,<\/strong>\u00a0sveta Bogorodice. Ne odbij nam molbe u potrebama na\u0161im, nego nas od svih pogelji uvijek oslobodi, Djevice slavna i blagoslovljena, Gospo\u0111o na\u0161a, Posrednice na\u0161a, Zagovornice na\u0161a! Sa svojim nas Sinom pomiri, svojemu nas Sinu preporu\u010di, svojemu nas Sinu izru\u010di. Amen. <strong><em>1x Zdravo Marijo\u2026 <\/em>Kraljice mira, moli za nas!<\/strong><\/p>\n","protected":false},"excerpt":{"rendered":"<p>Raspored svetih misa: 1 7 KGC (24. &#8211; 30. 7. 2022.) Crkva Satnica Nakana Sveti Ante 8 + Branko i \u017daro Gospa VHKZ 9:30 Pro populo Gospa VHKZ 19 + Stanko i + ob. Abramovi\u0107 &nbsp; Ponedjeljak, 25. Srpnja 7 + ob. Budimir i \u0106ori\u0107 19 + Marin, Kata i Sara Utorak, 26. Srpnja 7 + Miroslav An\u0111i\u0107 i + Ana i Miroslav Drijen\u010di\u0107 19 [&hellip;]<\/p>\n","protected":false},"author":2,"featured_media":1297,"comment_status":"closed","ping_status":"closed","sticky":false,"template":"","format":"standard","meta":{"fifu_image_url":"","fifu_image_alt":"","footnotes":""},"categories":[6],"tags":[],"class_list":["post-2177","post","type-post","status-publish","format-standard","has-post-thumbnail","hentry","category-zupne-obavijesti"],"_links":{"self":[{"href":"https:\/\/www.svetianteknin.com\/index.php?rest_route=\/wp\/v2\/posts\/2177","targetHints":{"allow":["GET"]}}],"collection":[{"href":"https:\/\/www.svetianteknin.com\/index.php?rest_route=\/wp\/v2\/posts"}],"about":[{"href":"https:\/\/www.svetianteknin.com\/index.php?rest_route=\/wp\/v2\/types\/post"}],"author":[{"embeddable":true,"href":"https:\/\/www.svetianteknin.com\/index.php?rest_route=\/wp\/v2\/users\/2"}],"replies":[{"embeddable":true,"href":"https:\/\/www.svetianteknin.com\/index.php?rest_route=%2Fwp%2Fv2%2Fcomments&post=2177"}],"version-history":[{"count":2,"href":"https:\/\/www.svetianteknin.com\/index.php?rest_route=\/wp\/v2\/posts\/2177\/revisions"}],"predecessor-version":[{"id":2179,"href":"https:\/\/www.svetianteknin.com\/index.php?rest_route=\/wp\/v2\/posts\/2177\/revisions\/2179"}],"wp:featuredmedia":[{"embeddable":true,"href":"https:\/\/www.svetianteknin.com\/index.php?rest_route=\/wp\/v2\/media\/1297"}],"wp:attachment":[{"href":"https:\/\/www.svetianteknin.com\/index.php?rest_route=%2Fwp%2Fv2%2Fmedia&parent=2177"}],"wp:term":[{"taxonomy":"category","embeddable":true,"href":"https:\/\/www.svetianteknin.com\/index.php?rest_route=%2Fwp%2Fv2%2Fcategories&post=2177"},{"taxonomy":"post_tag","embeddable":true,"href":"https:\/\/www.svetianteknin.com\/index.php?rest_route=%2Fwp%2Fv2%2Ftags&post=2177"}],"curies":[{"name":"wp","href":"https:\/\/api.w.org\/{rel}","templated":true}]}}