{"id":2149,"date":"2022-06-04T21:41:05","date_gmt":"2022-06-04T20:41:05","guid":{"rendered":"https:\/\/www.svetianteknin.com\/?p=2149"},"modified":"2022-06-04T21:41:05","modified_gmt":"2022-06-04T20:41:05","slug":"zupne-obavijesti-5-11-6-2022","status":"publish","type":"post","link":"https:\/\/www.svetianteknin.com\/?p=2149","title":{"rendered":"\u017dupne obavijesti, (5. \u2013 11. 6. 2022.)"},"content":{"rendered":"<p><strong>Raspored svetih misa: Duhovi, (5. \u2013 11. 6. 2022.)<\/strong><\/p>\n<table>\n<tbody>\n<tr>\n<td width=\"151\">Crkva<\/td>\n<td width=\"95\">Satnica<\/td>\n<td width=\"359\">Nakana<\/td>\n<\/tr>\n<tr>\n<td width=\"151\">Sveti Ante<\/td>\n<td width=\"95\">8<\/td>\n<td width=\"359\">+ Petar, Bo\u017eica i Katica<\/td>\n<\/tr>\n<tr>\n<td width=\"151\">Gospa VHKZ<\/td>\n<td width=\"95\">9:30<\/td>\n<td width=\"359\">Pro populo<\/td>\n<\/tr>\n<tr>\n<td width=\"151\">\u00a0Gospa VHKZ<\/td>\n<td width=\"95\">11<\/td>\n<td width=\"359\">+ Jela, Pero i An\u0111a<\/td>\n<\/tr>\n<tr>\n<td width=\"151\">Gospa VHKZ<\/td>\n<td width=\"95\">19<\/td>\n<td width=\"359\">+ Mirko i Lucija Toti\u0107<\/td>\n<\/tr>\n<\/tbody>\n<\/table>\n<p>&nbsp;<\/p>\n<table>\n<tbody>\n<tr>\n<td colspan=\"4\" width=\"624\">Ponedjeljak, 6. Lipnja<\/td>\n<\/tr>\n<tr>\n<td width=\"53\">7<\/td>\n<td width=\"254\">+ Dragutin i + ob. Marjanovi\u0107<\/td>\n<td width=\"55\">19<\/td>\n<td width=\"263\">+ Bla\u017e \u017duro<\/td>\n<\/tr>\n<tr>\n<td colspan=\"4\" width=\"624\">Utorak, 7. LIpnja<\/td>\n<\/tr>\n<tr>\n<td width=\"53\">7<\/td>\n<td width=\"254\">+ Ana, Pero, Stana i Niko<\/td>\n<td width=\"55\">19<\/td>\n<td width=\"263\">+ Ana Bilan<\/td>\n<\/tr>\n<tr>\n<td colspan=\"4\" width=\"624\">Srijeda, 8. lipnja<\/td>\n<\/tr>\n<tr>\n<td width=\"53\">7<\/td>\n<td width=\"254\">+ Stjepan, Kata, Josip i Ana<\/td>\n<td width=\"55\">19<\/td>\n<td width=\"263\">+ Luka Grancari\u0107<\/td>\n<\/tr>\n<tr>\n<td colspan=\"4\" width=\"624\">\u010cetvrtak, 9. Lipnja<\/td>\n<\/tr>\n<tr>\n<td width=\"53\">7<\/td>\n<td width=\"254\">+ Ru\u017ea, Niko i Lucija Stojak<\/td>\n<td width=\"55\">19<\/td>\n<td width=\"263\">+ An\u0111elija i Kata<\/td>\n<\/tr>\n<tr>\n<td colspan=\"4\" width=\"624\">Petak, 10. Lipnja<\/td>\n<\/tr>\n<tr>\n<td width=\"53\">7<\/td>\n<td width=\"254\">+ Dragutin Mijatovi\u0107<\/td>\n<td width=\"55\">19<\/td>\n<td width=\"263\">+ ob. Malji\u0107<\/td>\n<\/tr>\n<tr>\n<td colspan=\"4\" width=\"624\">Subota, 11. lipnja<\/td>\n<\/tr>\n<tr>\n<td width=\"53\">7<\/td>\n<td width=\"254\">Na odluku<\/td>\n<td width=\"55\">19<\/td>\n<td width=\"263\">+ Mladen Gudelj<\/td>\n<\/tr>\n<\/tbody>\n<\/table>\n<p><strong>\u00a0<\/strong><\/p>\n<p><strong>Devetnica sv. Anti<\/strong>: svaki dan poslije ve\u010dernje mise je molitva 13 milosti sv. Anti. Poti\u010demo vas da se uklju\u010dite u preporuku sv. Anti, za\u0161titniku na\u0161e \u017eupe i Grada Knina. Svaki dan \u0107e biti drugi sve\u0107enik predvoditelj.<\/p>\n<p>U slijede\u0107i ponedjeljak je sv. Ante: jutarnje mise u crkvi sv. Ante su u 6, 7, i 8 sati. Procesija kroz Grad kre\u0107e u 9:30 do crkve GVHKZ. Sve\u010danu misu predvodit \u0107e biskup \u0161ibenski mons. Tomislav Rogi\u0107. Ve\u010dernja misa i blagoslov djece je u 19 sati u crkvi GVHKZ.<\/p>\n<p><strong>U slijede\u0107u nedjelju na pu\u010dkoj misi bit \u0107e gimnazijalci iz Splita, oni \u0107e predvoditi i pjevanje.<\/strong><\/p>\n<p><strong>MOLITVA ZA I MIR U SVIJETU:<\/strong><\/p>\n<p><strong>Pod obranu se Tvoju utje\u010demo,<\/strong>\u00a0sveta Bogorodice. Ne odbij nam molbe u potrebama na\u0161im, nego nas od svih pogelji uvijek oslobodi, Djevice slavna i blagoslovljena, Gospo\u0111o na\u0161a, Posrednice na\u0161a, Zagovornice na\u0161a! Sa svojim nas Sinom pomiri, svojemu nas Sinu preporu\u010di, svojemu nas Sinu izru\u010di. Amen. <strong><em>1x Zdravo Marijo\u2026 <\/em>Kraljice mira, moli za nas!<\/strong><\/p>\n","protected":false},"excerpt":{"rendered":"<p>Raspored svetih misa: Duhovi, (5. \u2013 11. 6. 2022.) Crkva Satnica Nakana Sveti Ante 8 + Petar, Bo\u017eica i Katica Gospa VHKZ 9:30 Pro populo \u00a0Gospa VHKZ 11 + Jela, Pero i An\u0111a Gospa VHKZ 19 + Mirko i Lucija Toti\u0107 &nbsp; Ponedjeljak, 6. Lipnja 7 + Dragutin i + ob. Marjanovi\u0107 19 + Bla\u017e \u017duro Utorak, 7. LIpnja 7 + Ana, Pero, Stana i [&hellip;]<\/p>\n","protected":false},"author":2,"featured_media":1810,"comment_status":"closed","ping_status":"closed","sticky":false,"template":"","format":"standard","meta":{"fifu_image_url":"","fifu_image_alt":"","footnotes":""},"categories":[6],"tags":[],"class_list":["post-2149","post","type-post","status-publish","format-standard","has-post-thumbnail","hentry","category-zupne-obavijesti"],"_links":{"self":[{"href":"https:\/\/www.svetianteknin.com\/index.php?rest_route=\/wp\/v2\/posts\/2149","targetHints":{"allow":["GET"]}}],"collection":[{"href":"https:\/\/www.svetianteknin.com\/index.php?rest_route=\/wp\/v2\/posts"}],"about":[{"href":"https:\/\/www.svetianteknin.com\/index.php?rest_route=\/wp\/v2\/types\/post"}],"author":[{"embeddable":true,"href":"https:\/\/www.svetianteknin.com\/index.php?rest_route=\/wp\/v2\/users\/2"}],"replies":[{"embeddable":true,"href":"https:\/\/www.svetianteknin.com\/index.php?rest_route=%2Fwp%2Fv2%2Fcomments&post=2149"}],"version-history":[{"count":1,"href":"https:\/\/www.svetianteknin.com\/index.php?rest_route=\/wp\/v2\/posts\/2149\/revisions"}],"predecessor-version":[{"id":2150,"href":"https:\/\/www.svetianteknin.com\/index.php?rest_route=\/wp\/v2\/posts\/2149\/revisions\/2150"}],"wp:featuredmedia":[{"embeddable":true,"href":"https:\/\/www.svetianteknin.com\/index.php?rest_route=\/wp\/v2\/media\/1810"}],"wp:attachment":[{"href":"https:\/\/www.svetianteknin.com\/index.php?rest_route=%2Fwp%2Fv2%2Fmedia&parent=2149"}],"wp:term":[{"taxonomy":"category","embeddable":true,"href":"https:\/\/www.svetianteknin.com\/index.php?rest_route=%2Fwp%2Fv2%2Fcategories&post=2149"},{"taxonomy":"post_tag","embeddable":true,"href":"https:\/\/www.svetianteknin.com\/index.php?rest_route=%2Fwp%2Fv2%2Ftags&post=2149"}],"curies":[{"name":"wp","href":"https:\/\/api.w.org\/{rel}","templated":true}]}}