{"id":2125,"date":"2022-04-30T23:04:13","date_gmt":"2022-04-30T22:04:13","guid":{"rendered":"https:\/\/www.svetianteknin.com\/?p=2125"},"modified":"2022-05-01T07:26:06","modified_gmt":"2022-05-01T06:26:06","slug":"zupne-obavijesti-3-uc-1-7-5-2022","status":"publish","type":"post","link":"https:\/\/www.svetianteknin.com\/?p=2125","title":{"rendered":"\u017dupne obavijesti, 3. UC (1. \u2013 7. 5. 2022.)"},"content":{"rendered":"<p><strong>Raspored svetih misa: 3. UC (1. \u2013 7. 5. 2022.)<\/strong><\/p>\n<table>\n<tbody>\n<tr>\n<td width=\"151\">Crkva<\/td>\n<td width=\"95\">Satnica<\/td>\n<td width=\"359\">Nakana<\/td>\n<\/tr>\n<tr>\n<td width=\"151\">Sveti Ante<\/td>\n<td width=\"95\">8<\/td>\n<td width=\"359\">+ Mara, Jozo, Mara i + ob. \u0160amija<\/td>\n<\/tr>\n<tr>\n<td width=\"151\">Gospa VHKZ<\/td>\n<td width=\"95\">9:30<\/td>\n<td width=\"359\">Pro populo<\/td>\n<\/tr>\n<tr>\n<td width=\"151\">\u00a0Gospa VHKZ<\/td>\n<td width=\"95\">11<\/td>\n<td width=\"359\">+ Angela Lisac <span style=\"color: #0000ff;\">(memorija na napad na Vrpolje i Potkonje 1991.)<\/span><\/td>\n<\/tr>\n<tr>\n<td width=\"151\">Gospa VHKZ<\/td>\n<td width=\"95\">19<\/td>\n<td width=\"359\">+ Ivo, Mijo i Mara<\/td>\n<\/tr>\n<\/tbody>\n<\/table>\n<p>&nbsp;<\/p>\n<table>\n<tbody>\n<tr>\n<td colspan=\"4\" width=\"624\">Ponedjeljak, 2. Svibnja<\/td>\n<\/tr>\n<tr>\n<td width=\"53\">7<\/td>\n<td width=\"254\">+ ob. Bandi\u0107 i Bilokapi\u0107<\/td>\n<td width=\"55\">19<\/td>\n<td width=\"263\">+ Drago i Marijan<\/td>\n<\/tr>\n<tr>\n<td colspan=\"4\" width=\"624\">Utorak, 3. Svibnja: 8. ut.sv. Ante<\/td>\n<\/tr>\n<tr>\n<td width=\"53\">7<\/td>\n<td width=\"254\">Za zdravlje<\/td>\n<td width=\"55\">19<\/td>\n<td width=\"263\">Za zdravlje<\/td>\n<\/tr>\n<tr>\n<td colspan=\"4\" width=\"624\">Srijeda, 4. Svibnja<\/td>\n<\/tr>\n<tr>\n<td width=\"53\">7<\/td>\n<td width=\"254\">+ Pavao, Mirjana + ob. Mad\u017ear i Koren<\/td>\n<td width=\"55\">19<\/td>\n<td width=\"263\">+ Ante<\/td>\n<\/tr>\n<tr>\n<td colspan=\"4\" width=\"624\">\u010cetvrtak, 5. Svibnja<\/td>\n<\/tr>\n<tr>\n<td width=\"53\">7<\/td>\n<td width=\"254\">+ Stipe, Manda i Ante Bandov<\/td>\n<td width=\"55\">19<\/td>\n<td width=\"263\">+ Nevenka Kalebi\u0107<\/td>\n<\/tr>\n<tr>\n<td colspan=\"4\" width=\"624\">Petak, 6. Svibnja<\/td>\n<\/tr>\n<tr>\n<td width=\"53\">7<\/td>\n<td width=\"254\">Zahvlanica<\/td>\n<td width=\"55\">19<\/td>\n<td width=\"263\">+ Danica Ganjto<\/td>\n<\/tr>\n<tr>\n<td colspan=\"4\" width=\"624\">Subota, 7. Svibnja<\/td>\n<\/tr>\n<tr>\n<td width=\"53\">7<\/td>\n<td width=\"254\">Na \u010dast Srca Marijina<\/td>\n<td width=\"55\">19<\/td>\n<td width=\"263\">+ Miroslav<\/td>\n<\/tr>\n<\/tbody>\n<\/table>\n<p><strong>\u00a0<\/strong><\/p>\n<table style=\"height: 168px; width: 100%; border-collapse: collapse; border-style: solid; border-color: #fa0505;\">\n<tbody>\n<tr style=\"height: 168px;\">\n<td style=\"width: 687.68px; height: 168px;\"><strong>Na dan 1. svibnja 1991. godine<\/strong> pripadnici srpske paravojske, tzv. &#8220;marti\u0107evci&#8221;, izvr\u0161ili su koordinirani napad na Vrpolje i Potkonje. Bilo je ranjenih i zarobljenih, a mnogi su napustili svoje domove i tako postali prvi prognanici u Hrvatskoj. Prvo je napadnuto Vrpolje, a dva sata nakon napada na Vrpolje, u Potkonje je do\u0161la JNA i cijevi okrenula prema selu.<br \/>\nNapadom na Vrpolje i Potkonje 1. svibnja 1991. godine, prijetnjama, ubijanjem i izgonom stanovni\u0161tva hrvatske nacionalnosti iz Knina i okolnih mjesta zapo\u010deo je \u010din otvorene srpske pobune protiv ustavnog poretka RH.<\/td>\n<\/tr>\n<\/tbody>\n<\/table>\n<p>&nbsp;<\/p>\n<p><strong>Svibanjska pobo\u017enost: <\/strong>ponedjeljak do kraja svibnja.<strong>\u00a0\u00a0\u00a0\u00a0\u00a0\u00a0\u00a0\u00a0\u00a0 <\/strong><\/p>\n<p><strong>Osmi utorak sv. Ante<\/strong>: poslije ve\u010dernje mise je molitva pred kipom sv. Ante.<\/p>\n<p><strong>Vjeronauk za krizmanike: <\/strong>\u010detvrtak u 10 i 16 sati<\/p>\n<p><strong>Petak: 17 sati \u2013 <\/strong>ispovijed prvopri\u010desnika i roditelja<\/p>\n<p><strong>Prvi petak: <\/strong>cjelono\u0107no klanjanje poslije ve\u010dernje mise<\/p>\n<p><strong>Subota: <\/strong>prva pri\u010dest u 10:30 sati<\/p>\n<p><strong>Te\u010daj za brak:<\/strong> 9. &#8211; 12. svibnja u 20 sati u dvorani samostana sv. Ante. Nije potrebno prijavljivati se, dovoljno je do\u0107i prvu ve\u010der i upisati se.<\/p>\n<p>U tijeku <strong>je izrada mozaika<\/strong> iza glavnog oltara u crkvi GVHKZ. Tema mozaika je Uskrsli Krist. Prema financijskim mogu\u0107nostima, mo\u017eete pripomo\u0107i izradu.<\/p>\n<p><strong>\u00a0<\/strong><\/p>\n<p><strong>\u00a0<\/strong><strong>MOLITVA ZA PRESTANAK RATA U UKRAJINI I MIR U SVIJETU:<\/strong><\/p>\n<p><strong>Pod obranu se Tvoju utje\u010demo,<\/strong>\u00a0sveta Bogorodice. Ne odbij nam molbe u potrebama na\u0161im, nego nas od svih pogelji vazda oslobodi, Djevice slavna i blagoslovljena, Gospo\u0111o na\u0161a, Posrednice na\u0161a, Zagovornice na\u0161a! Sa svojim nas Sinom pomiri, svojemu nas Sinu preporu\u010di, svojemu nas Sinu izru\u010di. Amen. <strong><em>1x Zdravo Marijo\u2026 <\/em>Kraljice mira, moli za nas!<\/strong><\/p>\n","protected":false},"excerpt":{"rendered":"<p>Raspored svetih misa: 3. UC (1. \u2013 7. 5. 2022.) Crkva Satnica Nakana Sveti Ante 8 + Mara, Jozo, Mara i + ob. \u0160amija Gospa VHKZ 9:30 Pro populo \u00a0Gospa VHKZ 11 + Angela Lisac (memorija na napad na Vrpolje i Potkonje 1991.) Gospa VHKZ 19 + Ivo, Mijo i Mara &nbsp; Ponedjeljak, 2. Svibnja 7 + ob. Bandi\u0107 i Bilokapi\u0107 19 + Drago i [&hellip;]<\/p>\n","protected":false},"author":2,"featured_media":1816,"comment_status":"closed","ping_status":"closed","sticky":false,"template":"","format":"standard","meta":{"fifu_image_url":"","fifu_image_alt":"","footnotes":""},"categories":[6],"tags":[],"class_list":["post-2125","post","type-post","status-publish","format-standard","has-post-thumbnail","hentry","category-zupne-obavijesti"],"_links":{"self":[{"href":"https:\/\/www.svetianteknin.com\/index.php?rest_route=\/wp\/v2\/posts\/2125","targetHints":{"allow":["GET"]}}],"collection":[{"href":"https:\/\/www.svetianteknin.com\/index.php?rest_route=\/wp\/v2\/posts"}],"about":[{"href":"https:\/\/www.svetianteknin.com\/index.php?rest_route=\/wp\/v2\/types\/post"}],"author":[{"embeddable":true,"href":"https:\/\/www.svetianteknin.com\/index.php?rest_route=\/wp\/v2\/users\/2"}],"replies":[{"embeddable":true,"href":"https:\/\/www.svetianteknin.com\/index.php?rest_route=%2Fwp%2Fv2%2Fcomments&post=2125"}],"version-history":[{"count":4,"href":"https:\/\/www.svetianteknin.com\/index.php?rest_route=\/wp\/v2\/posts\/2125\/revisions"}],"predecessor-version":[{"id":2129,"href":"https:\/\/www.svetianteknin.com\/index.php?rest_route=\/wp\/v2\/posts\/2125\/revisions\/2129"}],"wp:featuredmedia":[{"embeddable":true,"href":"https:\/\/www.svetianteknin.com\/index.php?rest_route=\/wp\/v2\/media\/1816"}],"wp:attachment":[{"href":"https:\/\/www.svetianteknin.com\/index.php?rest_route=%2Fwp%2Fv2%2Fmedia&parent=2125"}],"wp:term":[{"taxonomy":"category","embeddable":true,"href":"https:\/\/www.svetianteknin.com\/index.php?rest_route=%2Fwp%2Fv2%2Fcategories&post=2125"},{"taxonomy":"post_tag","embeddable":true,"href":"https:\/\/www.svetianteknin.com\/index.php?rest_route=%2Fwp%2Fv2%2Ftags&post=2125"}],"curies":[{"name":"wp","href":"https:\/\/api.w.org\/{rel}","templated":true}]}}